{"id":395395,"date":"2018-09-19T00:09:43","date_gmt":"2018-09-19T05:09:43","guid":{"rendered":"https:\/\/www.diarioimagen.net\/?p=395395"},"modified":"2018-09-19T23:50:22","modified_gmt":"2018-09-20T04:50:22","slug":"entregan-del-mazo-y-pena-nieto-centro-de-adiestramiento-de-la-marina","status":"publish","type":"post","link":"https:\/\/www.diarioimagen.net\/?p=395395","title":{"rendered":"Entregan Del Mazo y EPN centro de adiestramiento de la Marina"},"content":{"rendered":"<ul>\n<li><em><strong>En Valle de Bravo<\/strong><\/em><\/li>\n<li><em><strong>Cuenta con capacidad para alojar y entrenar a 2 mil 500 efectivos<\/strong><\/em><\/li>\n<\/ul>\n<h6>Jos\u00e9 Luis Monta\u00f1ez<\/h6>\n<div id=\"attachment_395396\" style=\"width: 470px\" class=\"wp-caption aligncenter\"><img loading=\"lazy\" decoding=\"async\" aria-describedby=\"caption-attachment-395396\" class=\"size-large wp-image-395396\" src=\"https:\/\/www.diarioimagen.net\/wp-content\/uploads\/2018\/09\/DEL-MAZO19-portal-460x268.jpg\" alt=\"\" width=\"460\" height=\"268\" srcset=\"https:\/\/www.diarioimagen.net\/wp-content\/uploads\/2018\/09\/DEL-MAZO19-portal-460x268.jpg 460w, https:\/\/www.diarioimagen.net\/wp-content\/uploads\/2018\/09\/DEL-MAZO19-portal-240x140.jpg 240w, https:\/\/www.diarioimagen.net\/wp-content\/uploads\/2018\/09\/DEL-MAZO19-portal.jpg 480w\" sizes=\"auto, (max-width: 460px) 100vw, 460px\" \/><p id=\"caption-attachment-395396\" class=\"wp-caption-text\">Recorren Alfredo Del Mazo y Enrique Pe\u00f1a Nieto las instalaciones del nuevo centro, el m\u00e1s moderno de la Marina en el pa\u00eds<\/p><\/div>\n<p>&nbsp;<\/p>\n<p><strong>Valle de Bravo, Estado de M\u00e9xico<\/strong>.- El gobernador Alfredo Del Mazo Maza asegur\u00f3 que el Estado de M\u00e9xico y la Marina comparten el prop\u00f3sito de hacer del pa\u00eds una naci\u00f3n de derechos y de libertades, de leyes firmes y de instituciones fuertes, por lo que celebr\u00f3 la apertura del Centro de Entrenamiento Avanzado de esta instituci\u00f3n, en Valle de Bravo, y dijo que para los mexiquenses es un orgullo contar con este nuevo espacio, donde se preparar\u00e1n las nuevas generaciones de marinos.<\/p>\n<p>\u201cEn estas instalaciones, las generaciones actuales y futuras de marinos se preparar\u00e1n para enfrentar nuestros desaf\u00edos presentes y futuros con la vocaci\u00f3n de servicio, lealtad y compromiso que hacen de la Armada de M\u00e9xico, una de las instituciones m\u00e1s queridas de nuestro pa\u00eds.<\/p>\n<p>\u201cContar con la presencia de la Marina, a trav\u00e9s de este Centro de Formaci\u00f3n de vanguardia en el Estado de M\u00e9xico, es un verdadero orgullo\u201d, subray\u00f3 el mandatario estatal.<\/p>\n<p>Luego de recorrer las instalaciones de este centro, junto con el presidente Enrique Pe\u00f1a Nieto, el gobernador Del Mazo asegur\u00f3 que\u00a0 las fuerzas armadas son guardianes de la soberan\u00eda nacional, un pilar de la gobernabilidad y\u00a0 garantes del r\u00e9gimen democr\u00e1tico, por lo que cuentan con la admiraci\u00f3n, el respeto y el reconocimiento de los mexicanos.<\/p>\n<p>En presencia del almirante Vidal Sober\u00f3n Sanz, secretario de Marina y del general Salvador Cienfuegos Zepeda, secretario de la Defensa Nacional, Alfredo Del Mazo reconoci\u00f3 la vocaci\u00f3n de servicio que distingue a la Armada de M\u00e9xico, la cual se ha puesto al servicio de los mexiquenses que enfrentan alguna contingencia relacionada con desastres naturales o de otra naturaleza.<\/p>\n<p>\u201cLos mexiquenses hemos podido atestiguar, en muchas ocasiones, esos principios y valores que distinguen a los integrantes de las fuerzas armadas, en situaciones de riesgo o desastre, en acciones de apoyo a la seguridad p\u00fablica o en jornadas de trabajo social que mejoran la calidad de vida de los ciudadanos, ah\u00ed est\u00e1n siempre solidarios\u201d.<\/p>\n<p>El mandatario tambi\u00e9n reconoci\u00f3 al presidente Enrique Pe\u00f1a por la construcci\u00f3n de este centro, lo que consider\u00f3 una muestra del respaldo que el gobierno de la Rep\u00fablica ha dado en todo momento a la entidad mexiquense.<\/p>\n<p>\u201cSe\u00f1or Presidente, a nombre de los mexiquenses quiero agradecerle la decisi\u00f3n de construir en el Estado de M\u00e9xico este Centro Especializado de Entrenamiento de la Marina. Su construcci\u00f3n aqu\u00ed, en el municipio de Valle de Bravo, es una muestra m\u00e1s de su respaldo, su confianza y el cari\u00f1o que tiene por su tierra\u201d.<\/p>\n<p>En su oportunidad, Enrique Pe\u00f1a agradeci\u00f3 al gobierno del Estado de M\u00e9xico por su aportaci\u00f3n para materializar esta infraestructura militar y destac\u00f3 el papel de la Marina en las tareas de seguridad, al haber participado en m\u00e1s de 50 mil operaciones en favor de la paz.<\/p>\n<p>Al t\u00e9rmino del evento, ambos mandatarios conocieron, en maqueta, las caracter\u00edsticas del nuevo centro, el cual implic\u00f3 cuatro a\u00f1os de construcci\u00f3n; consta de \u00e1reas de adiestramiento, pista de obst\u00e1culos, campo de tiro, pista de atletismo, gimnasio, multicanchas, as\u00ed como edificios para alojar y entrenar a 2 mil 500 efectivos, comedor, cl\u00ednica, estaci\u00f3n de bomberos, comedores, cl\u00ednica, simuladores t\u00e1cticos, adem\u00e1s de un \u00e1rea especial para la reproducci\u00f3n y adiestramiento de canes.<\/p>\n","protected":false},"excerpt":{"rendered":"<p><span style=\"color: #005497;\">Jos\u00e9 Luis Monta\u00f1ez<\/span><br \/>\n<br \/>\nEl gobernador Alfredo Del Mazo Maza asegur\u00f3 que el Estado de M\u00e9xico y la Marina comparten el prop\u00f3sito de hacer del pa\u00eds una naci\u00f3n de derechos y de libertades, de leyes firmes y de instituciones fuertes, por lo que celebr\u00f3 la apertura del Centro de Entrenamiento Avanzado de esta instituci\u00f3n, en Valle de Bravo, y dijo que para los mexiquenses es un orgullo contar con este nuevo espacio, donde se preparar\u00e1n las nuevas generaciones de marinos.<\/p>\n","protected":false},"author":5,"featured_media":395396,"comment_status":"open","ping_status":"open","sticky":false,"template":"","format":"standard","meta":{"_monsterinsights_skip_tracking":false,"_monsterinsights_sitenote_active":false,"_monsterinsights_sitenote_note":"","_monsterinsights_sitenote_category":0,"footnotes":""},"categories":[5],"tags":[2505,43675,22,1458],"class_list":["post-395395","post","type-post","status-publish","format-standard","has-post-thumbnail","hentry","category-estado-de-mexico","tag-alfredo-del-mazo-maza","tag-estado-de-mexico","tag-fuerzas-armadas","tag-valle-de-bravo"],"_links":{"self":[{"href":"https:\/\/www.diarioimagen.net\/index.php?rest_route=\/wp\/v2\/posts\/395395","targetHints":{"allow":["GET"]}}],"collection":[{"href":"https:\/\/www.diarioimagen.net\/index.php?rest_route=\/wp\/v2\/posts"}],"about":[{"href":"https:\/\/www.diarioimagen.net\/index.php?rest_route=\/wp\/v2\/types\/post"}],"author":[{"embeddable":true,"href":"https:\/\/www.diarioimagen.net\/index.php?rest_route=\/wp\/v2\/users\/5"}],"replies":[{"embeddable":true,"href":"https:\/\/www.diarioimagen.net\/index.php?rest_route=%2Fwp%2Fv2%2Fcomments&post=395395"}],"version-history":[{"count":0,"href":"https:\/\/www.diarioimagen.net\/index.php?rest_route=\/wp\/v2\/posts\/395395\/revisions"}],"wp:featuredmedia":[{"embeddable":true,"href":"https:\/\/www.diarioimagen.net\/index.php?rest_route=\/wp\/v2\/media\/395396"}],"wp:attachment":[{"href":"https:\/\/www.diarioimagen.net\/index.php?rest_route=%2Fwp%2Fv2%2Fmedia&parent=395395"}],"wp:term":[{"taxonomy":"category","embeddable":true,"href":"https:\/\/www.diarioimagen.net\/index.php?rest_route=%2Fwp%2Fv2%2Fcategories&post=395395"},{"taxonomy":"post_tag","embeddable":true,"href":"https:\/\/www.diarioimagen.net\/index.php?rest_route=%2Fwp%2Fv2%2Ftags&post=395395"}],"curies":[{"name":"wp","href":"https:\/\/api.w.org\/{rel}","templated":true}]}}