{"id":395434,"date":"2018-09-19T00:11:50","date_gmt":"2018-09-19T05:11:50","guid":{"rendered":"https:\/\/www.diarioimagen.net\/?p=395434"},"modified":"2018-09-19T03:56:13","modified_gmt":"2018-09-19T08:56:13","slug":"evaluara-la-onu-salario-rosa","status":"publish","type":"post","link":"https:\/\/www.diarioimagen.net\/?p=395434","title":{"rendered":"Evaluar\u00e1 la ONU Salario rosa"},"content":{"rendered":"<h2>Arco Norte<\/h2>\n<h5>Jos\u00e9 Luis Monta\u00f1ez Aguilar<\/h5>\n<p>&nbsp;<\/p>\n<p><a href=\"https:\/\/www.diarioimagen.net\/?attachment_id=395461\" rel=\"attachment wp-att-395461\"><img loading=\"lazy\" decoding=\"async\" class=\"aligncenter size-large wp-image-395461\" src=\"https:\/\/www.diarioimagen.net\/wp-content\/uploads\/2018\/09\/arco-3458-460x259.jpg\" alt=\"\" width=\"460\" height=\"259\" srcset=\"https:\/\/www.diarioimagen.net\/wp-content\/uploads\/2018\/09\/arco-3458-460x259.jpg 460w, https:\/\/www.diarioimagen.net\/wp-content\/uploads\/2018\/09\/arco-3458-240x135.jpg 240w, https:\/\/www.diarioimagen.net\/wp-content\/uploads\/2018\/09\/arco-3458-235x132.jpg 235w, https:\/\/www.diarioimagen.net\/wp-content\/uploads\/2018\/09\/arco-3458-202x114.jpg 202w, https:\/\/www.diarioimagen.net\/wp-content\/uploads\/2018\/09\/arco-3458-350x196.jpg 350w, https:\/\/www.diarioimagen.net\/wp-content\/uploads\/2018\/09\/arco-3458-220x123.jpg 220w, https:\/\/www.diarioimagen.net\/wp-content\/uploads\/2018\/09\/arco-3458-237x132.jpg 237w, https:\/\/www.diarioimagen.net\/wp-content\/uploads\/2018\/09\/arco-3458.jpg 480w\" sizes=\"auto, (max-width: 460px) 100vw, 460px\" \/><\/a><\/p>\n<p>&nbsp;<\/p>\n<p>Con el fin de fortalecer el dise\u00f1o, monitoreo y evaluaci\u00f3n de los programas sociales que implementa el gobierno del Estado de M\u00e9xico, el Consejo de Investigaci\u00f3n y Evaluaci\u00f3n de la Pol\u00edtica Social (CIEPS), firm\u00f3 un acuerdo con el Programa de Naciones Unidas para el Desarrollo (PNUD).<\/p>\n<p>Mediante el Acuerdo Espec\u00edfico de Contribuci\u00f3n PNUD-CIEPS, se llevar\u00e1 a cabo la evaluaci\u00f3n de diferentes programas sociales de la administraci\u00f3n del gobernador Alfredo Del Mazo Maza, incluyendo el de Familias fuertes: Salario rosa.<\/p>\n<p>Al respecto, el titular de la Secretar\u00eda de Desarrollo Social, Eric Sevilla Montes de Oca, quien atestigu\u00f3 el acto, destac\u00f3 que los documentos que genere el PNUD, ser\u00e1n el punto de partida para mejorar los programas sociales; fortalecer la focalizaci\u00f3n de acciones y contar con un an\u00e1lisis de complementariedad.<\/p>\n<p>Adem\u00e1s de orientar los programas hacia una visi\u00f3n de desarrollo humano y sostenible y ampliar la capacitaci\u00f3n de los servidores p\u00fablicos responsables de dise\u00f1ar la pol\u00edtica social.<\/p>\n<p>Eric Sevilla subray\u00f3 que los programas sujetos al acuerdo, son los de mayor importancia para el gobierno del Estado de M\u00e9xico, ya que son acciones vinculadas con la estrategia Familias fuertes, la cual se ha puesto en marcha para otorgar igualdad de oportunidades a todos sus integrantes.<\/p>\n<p>Asimismo, expres\u00f3 que en una segunda etapa se realizar\u00e1 la evaluaci\u00f3n de la progresividad del gasto, \u201cpara asegurarnos que cada peso tenga un impacto directo en la calidad de vida de la poblaci\u00f3n\u201d.<\/p>\n<p>De igual forma, reiter\u00f3 la voluntad del gobierno estatal de seguir sumando esfuerzos, con el prop\u00f3sito de hacer de la pol\u00edtica de desarrollo social un instrumento que cambie la realidad de las personas.<\/p>\n<p>Katyna Argueta, directora de pa\u00eds del PNUD en M\u00e9xico, reconoci\u00f3 el trabajo del gobernador Alfredo Del Mazo Maza para generar pol\u00edticas sociales incluyentes, y resalt\u00f3 el inter\u00e9s de estrechar lazos de colaboraci\u00f3n en materia de evaluaci\u00f3n de la pol\u00edtica social de la entidad mexiquense, lo que promueven la visi\u00f3n de Naciones Unidas, centrada en el fortalecimiento del desarrollo social, humano y sostenible.<\/p>\n<p>Puntualiz\u00f3 que por el tama\u00f1o poblacional del territorio mexiquense, significa hacer una alianza con un pa\u00eds y destac\u00f3 el papel de la mujer, \u201cpues cuando se le empodera, se da de comer a una familia; cuando se le brinda educaci\u00f3n se forma a una generaci\u00f3n\u201d.<\/p>\n<p><em><a href=\"mailto:montanezaguilar@gmail.com\" target=\"_blank\" rel=\"noopener\">montanezaguilar@gmail.com<\/a><\/em><\/p>\n","protected":false},"excerpt":{"rendered":"<p><span style=\"color: #005497;\">Jos\u00e9 Luis Monta\u00f1ez Aguilar<\/span><br \/>\n<br \/>\nCon el fin de fortalecer el dise\u00f1o, monitoreo y evaluaci\u00f3n de los programas sociales que implementa el gobierno del Estado de M\u00e9xico, el Consejo de Investigaci\u00f3n y Evaluaci\u00f3n de la Pol\u00edtica Social (CIEPS), firm\u00f3 un acuerdo con el Programa de Naciones Unidas para el Desarrollo (PNUD).<\/p>\n","protected":false},"author":3,"featured_media":395461,"comment_status":"open","ping_status":"open","sticky":false,"template":"","format":"standard","meta":{"_monsterinsights_skip_tracking":false,"_monsterinsights_sitenote_active":false,"_monsterinsights_sitenote_note":"","_monsterinsights_sitenote_category":0,"footnotes":""},"categories":[5],"tags":[13284,43704,43674],"class_list":["post-395434","post","type-post","status-publish","format-standard","has-post-thumbnail","hentry","category-estado-de-mexico","tag-arco-norte","tag-jose-luis-montanez-aguilar","tag-opinion"],"_links":{"self":[{"href":"https:\/\/www.diarioimagen.net\/index.php?rest_route=\/wp\/v2\/posts\/395434","targetHints":{"allow":["GET"]}}],"collection":[{"href":"https:\/\/www.diarioimagen.net\/index.php?rest_route=\/wp\/v2\/posts"}],"about":[{"href":"https:\/\/www.diarioimagen.net\/index.php?rest_route=\/wp\/v2\/types\/post"}],"author":[{"embeddable":true,"href":"https:\/\/www.diarioimagen.net\/index.php?rest_route=\/wp\/v2\/users\/3"}],"replies":[{"embeddable":true,"href":"https:\/\/www.diarioimagen.net\/index.php?rest_route=%2Fwp%2Fv2%2Fcomments&post=395434"}],"version-history":[{"count":0,"href":"https:\/\/www.diarioimagen.net\/index.php?rest_route=\/wp\/v2\/posts\/395434\/revisions"}],"wp:featuredmedia":[{"embeddable":true,"href":"https:\/\/www.diarioimagen.net\/index.php?rest_route=\/wp\/v2\/media\/395461"}],"wp:attachment":[{"href":"https:\/\/www.diarioimagen.net\/index.php?rest_route=%2Fwp%2Fv2%2Fmedia&parent=395434"}],"wp:term":[{"taxonomy":"category","embeddable":true,"href":"https:\/\/www.diarioimagen.net\/index.php?rest_route=%2Fwp%2Fv2%2Fcategories&post=395434"},{"taxonomy":"post_tag","embeddable":true,"href":"https:\/\/www.diarioimagen.net\/index.php?rest_route=%2Fwp%2Fv2%2Ftags&post=395434"}],"curies":[{"name":"wp","href":"https:\/\/api.w.org\/{rel}","templated":true}]}}