{"id":395493,"date":"2018-09-19T00:06:21","date_gmt":"2018-09-19T05:06:21","guid":{"rendered":"https:\/\/www.diarioimagen.net\/?p=395493"},"modified":"2018-09-19T04:13:06","modified_gmt":"2018-09-19T09:13:06","slug":"dif-naucalpan-ha-expedido-mas-de-12-mil-certificados-medicos","status":"publish","type":"post","link":"https:\/\/www.diarioimagen.net\/?p=395493","title":{"rendered":"DIF Naucalpan ha expedido m\u00e1s de 12 mil certificados m\u00e9dicos"},"content":{"rendered":"<p><a href=\"https:\/\/www.diarioimagen.net\/?attachment_id=395525\" rel=\"attachment wp-att-395525\"><img loading=\"lazy\" decoding=\"async\" class=\"aligncenter size-large wp-image-395525\" src=\"https:\/\/www.diarioimagen.net\/wp-content\/uploads\/2018\/09\/NAUCALPAN-3458-460x259.jpg\" alt=\"\" width=\"460\" height=\"259\" srcset=\"https:\/\/www.diarioimagen.net\/wp-content\/uploads\/2018\/09\/NAUCALPAN-3458-460x259.jpg 460w, https:\/\/www.diarioimagen.net\/wp-content\/uploads\/2018\/09\/NAUCALPAN-3458-240x135.jpg 240w, https:\/\/www.diarioimagen.net\/wp-content\/uploads\/2018\/09\/NAUCALPAN-3458-235x132.jpg 235w, https:\/\/www.diarioimagen.net\/wp-content\/uploads\/2018\/09\/NAUCALPAN-3458-202x114.jpg 202w, https:\/\/www.diarioimagen.net\/wp-content\/uploads\/2018\/09\/NAUCALPAN-3458-350x196.jpg 350w, https:\/\/www.diarioimagen.net\/wp-content\/uploads\/2018\/09\/NAUCALPAN-3458-220x123.jpg 220w, https:\/\/www.diarioimagen.net\/wp-content\/uploads\/2018\/09\/NAUCALPAN-3458-237x132.jpg 237w, https:\/\/www.diarioimagen.net\/wp-content\/uploads\/2018\/09\/NAUCALPAN-3458.jpg 480w\" sizes=\"auto, (max-width: 460px) 100vw, 460px\" \/><\/a><\/p>\n<p>&nbsp;<\/p>\n<p><strong>Naucalpan, Estado de M\u00e9xico<\/strong><strong>.- <\/strong>A trav\u00e9s de sus diversas unidades m\u00e9dicas, el Sistema Municipal para el Desarrollo Integral de la Familia (DIF) Naucalpan, ha expedido m\u00e1s de 12 mil certificados m\u00e9dicos de salud a bajo costo, para tr\u00e1mites escolares y laborales de naucalpenses en lo que va del a\u00f1o.<\/p>\n<p>La presidenta del Sistema Municipal DIF, Liliana Carrizales de G\u00e1lvez, dijo que el mayor n\u00famero de certificados expedidos fue durante las inscripciones y reinscripciones en los meses de julio y agosto, ya que uno de los requisitos para incorporar a los ni\u00f1os al ciclo escolar 2018-2019, es presentar este documento en original, emiti\u00e9ndose un total de 8 mil 225.<\/p>\n","protected":false},"excerpt":{"rendered":"<p>A trav\u00e9s de sus diversas unidades m\u00e9dicas, el Sistema Municipal para el Desarrollo Integral de la Familia (DIF) Naucalpan, ha expedido m\u00e1s de 12 mil certificados m\u00e9dicos de salud a bajo costo, para tr\u00e1mites escolares y laborales de naucalpenses en lo que va del a\u00f1o.<\/p>\n","protected":false},"author":3,"featured_media":395525,"comment_status":"open","ping_status":"open","sticky":false,"template":"","format":"standard","meta":{"_monsterinsights_skip_tracking":false,"_monsterinsights_sitenote_active":false,"_monsterinsights_sitenote_note":"","_monsterinsights_sitenote_category":0,"footnotes":""},"categories":[35155],"tags":[43675,970],"class_list":["post-395493","post","type-post","status-publish","format-standard","has-post-thumbnail","hentry","category-estado-de-mexico-estado-de-mexico","tag-estado-de-mexico","tag-naucalpan"],"_links":{"self":[{"href":"https:\/\/www.diarioimagen.net\/index.php?rest_route=\/wp\/v2\/posts\/395493","targetHints":{"allow":["GET"]}}],"collection":[{"href":"https:\/\/www.diarioimagen.net\/index.php?rest_route=\/wp\/v2\/posts"}],"about":[{"href":"https:\/\/www.diarioimagen.net\/index.php?rest_route=\/wp\/v2\/types\/post"}],"author":[{"embeddable":true,"href":"https:\/\/www.diarioimagen.net\/index.php?rest_route=\/wp\/v2\/users\/3"}],"replies":[{"embeddable":true,"href":"https:\/\/www.diarioimagen.net\/index.php?rest_route=%2Fwp%2Fv2%2Fcomments&post=395493"}],"version-history":[{"count":0,"href":"https:\/\/www.diarioimagen.net\/index.php?rest_route=\/wp\/v2\/posts\/395493\/revisions"}],"wp:featuredmedia":[{"embeddable":true,"href":"https:\/\/www.diarioimagen.net\/index.php?rest_route=\/wp\/v2\/media\/395525"}],"wp:attachment":[{"href":"https:\/\/www.diarioimagen.net\/index.php?rest_route=%2Fwp%2Fv2%2Fmedia&parent=395493"}],"wp:term":[{"taxonomy":"category","embeddable":true,"href":"https:\/\/www.diarioimagen.net\/index.php?rest_route=%2Fwp%2Fv2%2Fcategories&post=395493"},{"taxonomy":"post_tag","embeddable":true,"href":"https:\/\/www.diarioimagen.net\/index.php?rest_route=%2Fwp%2Fv2%2Ftags&post=395493"}],"curies":[{"name":"wp","href":"https:\/\/api.w.org\/{rel}","templated":true}]}}