{"id":395577,"date":"2018-09-20T00:04:13","date_gmt":"2018-09-20T05:04:13","guid":{"rendered":"https:\/\/www.diarioimagen.net\/?p=395577"},"modified":"2018-09-20T04:45:17","modified_gmt":"2018-09-20T09:45:17","slug":"ofrece-iapem-capacitacion-para-autoridades-electas","status":"publish","type":"post","link":"https:\/\/www.diarioimagen.net\/?p=395577","title":{"rendered":"Ofrece IAPEM capacitaci\u00f3n para autoridades electas"},"content":{"rendered":"<ul>\n<li><em><strong>Permitir\u00e1 a servidores p\u00fablicos tomar acciones efectivas <\/strong><\/em><\/li>\n<\/ul>\n<p>&nbsp;<\/p>\n<div id=\"attachment_395578\" style=\"width: 470px\" class=\"wp-caption aligncenter\"><img loading=\"lazy\" decoding=\"async\" aria-describedby=\"caption-attachment-395578\" class=\"size-large wp-image-395578\" src=\"https:\/\/www.diarioimagen.net\/wp-content\/uploads\/2018\/09\/IAPEM20-portal-460x268.jpg\" alt=\"\" width=\"460\" height=\"268\" srcset=\"https:\/\/www.diarioimagen.net\/wp-content\/uploads\/2018\/09\/IAPEM20-portal-460x268.jpg 460w, https:\/\/www.diarioimagen.net\/wp-content\/uploads\/2018\/09\/IAPEM20-portal-240x140.jpg 240w, https:\/\/www.diarioimagen.net\/wp-content\/uploads\/2018\/09\/IAPEM20-portal.jpg 480w\" sizes=\"auto, (max-width: 460px) 100vw, 460px\" \/><p id=\"caption-attachment-395578\" class=\"wp-caption-text\">El IAPEM iniciar\u00e1 en octubre pr\u00f3ximo, dos diplomados dirigidos de manera espec\u00edfica a las autoridades electas en el Estado de M\u00e9xico.<\/p><\/div>\n<p>&nbsp;<\/p>\n<p><strong>Toluca, Estado de M\u00e9xico<\/strong>.- Con el objetivo de capacitar a las autoridades municipales electas, el Instituto de Administraci\u00f3n P\u00fablica del Estado de M\u00e9xico (IAPEM) iniciar\u00e1 en octubre pr\u00f3ximo, dos diplomados dirigidos de manera espec\u00edfica a las autoridades electas en el Estado de M\u00e9xico.<\/p>\n<p>El primer diplomado, \u201cGobierno y Administraci\u00f3n Municipal\u201d, est\u00e1 dirigido a presidentes municipales, s\u00edndicos y titulares de \u00e1rea que ejerzan funciones en las administraciones municipales, con el fin de que los servidores p\u00fablicos tomen acciones efectivas en el quehacer administrativo.<\/p>\n<p>Se abordar\u00e1n temas de inter\u00e9s como marco jur\u00eddico municipal, entrega\u2013recepci\u00f3n, facultad reglamentaria del municipio, relaci\u00f3n con los poderes Ejecutivo, Legislativo y Judicial del Estado, entre otros.<\/p>\n<p>Por su parte, el segundo diplomado \u201cEl Regidor en la gesti\u00f3n municipal\u201d tiene como objetivo proporcionar una formaci\u00f3n orientada al desarrollo de sus competencias pol\u00edticas, administrativas, t\u00e9cnicas y emocionales, que les permitan gestionar adecuadamente los asuntos encargados a su gesti\u00f3n con una visi\u00f3n integral orientada al resultado, impacto social de largo plazo y de mejoramiento de la calidad de vida de la poblaci\u00f3n.<\/p>\n<p>Estos diplomados se impartir\u00e1n en formato presencial, con una duraci\u00f3n de 90 horas y se tienen previstas dos sedes, Toluca y Tlalnepantla.<\/p>\n","protected":false},"excerpt":{"rendered":"<p>Con el objetivo de capacitar a las autoridades municipales electas, el Instituto de Administraci\u00f3n P\u00fablica del Estado de M\u00e9xico (IAPEM) iniciar\u00e1 en octubre pr\u00f3ximo, dos diplomados dirigidos de manera espec\u00edfica a las autoridades electas en el Estado de M\u00e9xico.<\/p>\n","protected":false},"author":5,"featured_media":395578,"comment_status":"open","ping_status":"open","sticky":false,"template":"","format":"standard","meta":{"_monsterinsights_skip_tracking":false,"_monsterinsights_sitenote_active":false,"_monsterinsights_sitenote_note":"","_monsterinsights_sitenote_category":0,"footnotes":""},"categories":[35155],"tags":[78351,43675,64864,78352,452],"class_list":["post-395577","post","type-post","status-publish","format-standard","has-post-thumbnail","hentry","category-estado-de-mexico-estado-de-mexico","tag-autoridades-electas","tag-estado-de-mexico","tag-iapem","tag-publica-del-estado-de-mexico","tag-toluca"],"_links":{"self":[{"href":"https:\/\/www.diarioimagen.net\/index.php?rest_route=\/wp\/v2\/posts\/395577","targetHints":{"allow":["GET"]}}],"collection":[{"href":"https:\/\/www.diarioimagen.net\/index.php?rest_route=\/wp\/v2\/posts"}],"about":[{"href":"https:\/\/www.diarioimagen.net\/index.php?rest_route=\/wp\/v2\/types\/post"}],"author":[{"embeddable":true,"href":"https:\/\/www.diarioimagen.net\/index.php?rest_route=\/wp\/v2\/users\/5"}],"replies":[{"embeddable":true,"href":"https:\/\/www.diarioimagen.net\/index.php?rest_route=%2Fwp%2Fv2%2Fcomments&post=395577"}],"version-history":[{"count":0,"href":"https:\/\/www.diarioimagen.net\/index.php?rest_route=\/wp\/v2\/posts\/395577\/revisions"}],"wp:featuredmedia":[{"embeddable":true,"href":"https:\/\/www.diarioimagen.net\/index.php?rest_route=\/wp\/v2\/media\/395578"}],"wp:attachment":[{"href":"https:\/\/www.diarioimagen.net\/index.php?rest_route=%2Fwp%2Fv2%2Fmedia&parent=395577"}],"wp:term":[{"taxonomy":"category","embeddable":true,"href":"https:\/\/www.diarioimagen.net\/index.php?rest_route=%2Fwp%2Fv2%2Fcategories&post=395577"},{"taxonomy":"post_tag","embeddable":true,"href":"https:\/\/www.diarioimagen.net\/index.php?rest_route=%2Fwp%2Fv2%2Ftags&post=395577"}],"curies":[{"name":"wp","href":"https:\/\/api.w.org\/{rel}","templated":true}]}}