{"id":395580,"date":"2018-09-20T00:05:46","date_gmt":"2018-09-20T05:05:46","guid":{"rendered":"https:\/\/www.diarioimagen.net\/?p=395580"},"modified":"2018-09-20T04:44:57","modified_gmt":"2018-09-20T09:44:57","slug":"entrega-voluntariado-del-isem-aula-educativa-para-ninos-con-cancer","status":"publish","type":"post","link":"https:\/\/www.diarioimagen.net\/?p=395580","title":{"rendered":"Entrega voluntariado del ISEM aula educativa para ni\u00f1os con c\u00e1ncer"},"content":{"rendered":"<ul>\n<li><em><strong>Mejor tratamiento m\u00e9dico, psicol\u00f3gico, familiar y educativo<\/strong><\/em><\/li>\n<\/ul>\n<p>&nbsp;<\/p>\n<div id=\"attachment_395581\" style=\"width: 470px\" class=\"wp-caption aligncenter\"><img loading=\"lazy\" decoding=\"async\" aria-describedby=\"caption-attachment-395581\" class=\"size-large wp-image-395581\" src=\"https:\/\/www.diarioimagen.net\/wp-content\/uploads\/2018\/09\/ISEM20-portal-460x268.jpg\" alt=\"\" width=\"460\" height=\"268\" srcset=\"https:\/\/www.diarioimagen.net\/wp-content\/uploads\/2018\/09\/ISEM20-portal-460x268.jpg 460w, https:\/\/www.diarioimagen.net\/wp-content\/uploads\/2018\/09\/ISEM20-portal-240x140.jpg 240w, https:\/\/www.diarioimagen.net\/wp-content\/uploads\/2018\/09\/ISEM20-portal.jpg 480w\" sizes=\"auto, (max-width: 460px) 100vw, 460px\" \/><p id=\"caption-attachment-395581\" class=\"wp-caption-text\">El Voluntariado del Instituto de Salud del Estado de M\u00e9xico entreg\u00f3 un aula educativa a la Asociaci\u00f3n Mexicana de Ayuda a Ni\u00f1os con C\u00e1ncer (AMANC).<\/p><\/div>\n<p>&nbsp;<\/p>\n<p><strong>Toluca, Estado de M\u00e9xico<\/strong>.- En M\u00e9xico se registran anualmente 5 mil nuevos casos de c\u00e1ncer infantil cuyos tratamientos propician deserci\u00f3n escolar en pacientes, por lo que el Voluntariado del Instituto de Salud del Estado de M\u00e9xico (ISEM) AC, entreg\u00f3 un aula educativa a la Asociaci\u00f3n Mexicana de Ayuda a Ni\u00f1os con C\u00e1ncer (AMANC), para brindar clases escolares a menores hospitalizados por esta enfermedad y dar continuidad a su formaci\u00f3n acad\u00e9mica.<\/p>\n<p>Con motivo del Mes de Concientizaci\u00f3n del C\u00e1ncer Infantil, la Presidenta Honoraria de este organismo, Mercedes Rangel de O\u2019Shea, inform\u00f3 que este espacio educativo es parte del programa \u00abSigamos aprendiendo\u2026 en el Hospital\u00bb, que es coordinado por el Voluntariado Nacional de Salud, con la colaboraci\u00f3n de maestros de la Secretar\u00eda de Educaci\u00f3n estatal.<\/p>\n<p>Permitir\u00e1 que las clases o grados escolares que el paciente avance dentro de la instituci\u00f3n, sean certificados ante la Secretar\u00eda de Educaci\u00f3n P\u00fablica federal a trav\u00e9s de un reporte o carta al profesor titular, en el que se especifiquen las actividades acad\u00e9micas realizadas y la evaluaci\u00f3n en cada una de ellas.<\/p>\n<p>En compa\u00f1\u00eda de Silvia Vives de Fern\u00e1ndez, Presidenta del Voluntariado de la Secretar\u00eda de Educaci\u00f3n estatal, destac\u00f3 que este espacio ayudar\u00e1 a llevar un mejor tratamiento m\u00e9dico, psicol\u00f3gico, familiar y educativo.<\/p>\n<p>El aula cuenta con tecnolog\u00edas para realizar ejercicios y tareas, colecciones de libros did\u00e1cticos y papeler\u00eda.<\/p>\n<p>El Voluntariado del ISEM, AC tiene otros cinco salones de este tipo ubicados en los hospitales de Alta Especialidad de Zumpango, para el Ni\u00f1o del Instituto Materno Infantil del Estado de M\u00e9xico (IMIEM), \u201cGral. Vicente Villada\u201d de Cuautitl\u00e1n y \u201cDr. Nicol\u00e1s San Juan\u201d del ISEM.<\/p>\n<p>A este evento tambi\u00e9n asisti\u00f3 el Director del Instituto Materno Infantil del Estado de M\u00e9xico (IMIEM), Jes\u00fas Rub\u00ed Salazar y el Presidente de AMANC Estado de M\u00e9xico, Miguel Flores Fuentes, a quien se le reconoci\u00f3 por dirigir en la entidad a la primera instituci\u00f3n privada en apoyar gratuita e integralmente a ni\u00f1os con c\u00e1ncer.<\/p>\n","protected":false},"excerpt":{"rendered":"<p> En M\u00e9xico se registran anualmente 5 mil nuevos casos de c\u00e1ncer infantil cuyos tratamientos propician deserci\u00f3n escolar en pacientes, por lo que el Voluntariado del Instituto de Salud del Estado de M\u00e9xico (ISEM) AC, entreg\u00f3 un aula educativa a la Asociaci\u00f3n Mexicana de Ayuda a Ni\u00f1os con C\u00e1ncer (AMANC), para brindar clases escolares a menores hospitalizados por esta enfermedad y dar continuidad a su formaci\u00f3n acad\u00e9mica.<\/p>\n","protected":false},"author":5,"featured_media":395581,"comment_status":"open","ping_status":"open","sticky":false,"template":"","format":"standard","meta":{"_monsterinsights_skip_tracking":false,"_monsterinsights_sitenote_active":false,"_monsterinsights_sitenote_note":"","_monsterinsights_sitenote_category":0,"footnotes":""},"categories":[35155],"tags":[78355,13566,4799,78356,78353,78354],"class_list":["post-395580","post","type-post","status-publish","format-standard","has-post-thumbnail","hentry","category-estado-de-mexico-estado-de-mexico","tag-familiar-y-educativo","tag-isem","tag-medico","tag-mercedes-rangel-de-oshea","tag-ninos-con-cancer","tag-psicologico"],"_links":{"self":[{"href":"https:\/\/www.diarioimagen.net\/index.php?rest_route=\/wp\/v2\/posts\/395580","targetHints":{"allow":["GET"]}}],"collection":[{"href":"https:\/\/www.diarioimagen.net\/index.php?rest_route=\/wp\/v2\/posts"}],"about":[{"href":"https:\/\/www.diarioimagen.net\/index.php?rest_route=\/wp\/v2\/types\/post"}],"author":[{"embeddable":true,"href":"https:\/\/www.diarioimagen.net\/index.php?rest_route=\/wp\/v2\/users\/5"}],"replies":[{"embeddable":true,"href":"https:\/\/www.diarioimagen.net\/index.php?rest_route=%2Fwp%2Fv2%2Fcomments&post=395580"}],"version-history":[{"count":0,"href":"https:\/\/www.diarioimagen.net\/index.php?rest_route=\/wp\/v2\/posts\/395580\/revisions"}],"wp:featuredmedia":[{"embeddable":true,"href":"https:\/\/www.diarioimagen.net\/index.php?rest_route=\/wp\/v2\/media\/395581"}],"wp:attachment":[{"href":"https:\/\/www.diarioimagen.net\/index.php?rest_route=%2Fwp%2Fv2%2Fmedia&parent=395580"}],"wp:term":[{"taxonomy":"category","embeddable":true,"href":"https:\/\/www.diarioimagen.net\/index.php?rest_route=%2Fwp%2Fv2%2Fcategories&post=395580"},{"taxonomy":"post_tag","embeddable":true,"href":"https:\/\/www.diarioimagen.net\/index.php?rest_route=%2Fwp%2Fv2%2Ftags&post=395580"}],"curies":[{"name":"wp","href":"https:\/\/api.w.org\/{rel}","templated":true}]}}