{"id":395619,"date":"2018-09-20T00:11:40","date_gmt":"2018-09-20T05:11:40","guid":{"rendered":"https:\/\/www.diarioimagen.net\/?p=395619"},"modified":"2018-09-20T06:40:12","modified_gmt":"2018-09-20T11:40:12","slug":"el-iapem-capacitara-a-proximas-autoridades","status":"publish","type":"post","link":"https:\/\/www.diarioimagen.net\/?p=395619","title":{"rendered":"El IAPEM capacitar\u00e1 a pr\u00f3ximas autoridades"},"content":{"rendered":"<h2>Arco Norte<\/h2>\n<h5>Jos\u00e9 Luis Monta\u00f1ez Aguilar<\/h5>\n<p>&nbsp;<\/p>\n<p><a href=\"https:\/\/www.diarioimagen.net\/?attachment_id=395714\" rel=\"attachment wp-att-395714\"><img loading=\"lazy\" decoding=\"async\" class=\"aligncenter size-large wp-image-395714\" src=\"https:\/\/www.diarioimagen.net\/wp-content\/uploads\/2018\/09\/arco-3459-460x259.jpg\" alt=\"\" width=\"460\" height=\"259\" srcset=\"https:\/\/www.diarioimagen.net\/wp-content\/uploads\/2018\/09\/arco-3459-460x259.jpg 460w, https:\/\/www.diarioimagen.net\/wp-content\/uploads\/2018\/09\/arco-3459-240x135.jpg 240w, https:\/\/www.diarioimagen.net\/wp-content\/uploads\/2018\/09\/arco-3459-235x132.jpg 235w, https:\/\/www.diarioimagen.net\/wp-content\/uploads\/2018\/09\/arco-3459-202x114.jpg 202w, https:\/\/www.diarioimagen.net\/wp-content\/uploads\/2018\/09\/arco-3459-350x196.jpg 350w, https:\/\/www.diarioimagen.net\/wp-content\/uploads\/2018\/09\/arco-3459-220x123.jpg 220w, https:\/\/www.diarioimagen.net\/wp-content\/uploads\/2018\/09\/arco-3459-237x132.jpg 237w, https:\/\/www.diarioimagen.net\/wp-content\/uploads\/2018\/09\/arco-3459.jpg 480w\" sizes=\"auto, (max-width: 460px) 100vw, 460px\" \/><\/a><\/p>\n<p>&nbsp;<\/p>\n<p>Con el objetivo de capacitar a las autoridades municipales electas, el Instituto de Administraci\u00f3n P\u00fablica del Estado de M\u00e9xico (IAPEM) iniciar\u00e1 en octubre, dos diplomados dirigidos de manera espec\u00edfica a las autoridades electas en el Estado de M\u00e9xico.<\/p>\n<p>El primer diplomado, \u201cGobierno y Administraci\u00f3n Municipal\u201d, est\u00e1 dirigido a presidentes municipales, s\u00edndicos y titulares de \u00e1rea que ejerzan funciones en las administraciones municipales, con el fin de que los servidores p\u00fablicos tomen acciones efectivas en el quehacer administrativo.<\/p>\n<p>Se abordar\u00e1n temas de inter\u00e9s, como marco jur\u00eddico municipal, entrega\u2013recepci\u00f3n, facultad reglamentaria del municipio, relaci\u00f3n con los poderes Ejecutivo, Legislativo y Judicial del estado, entre otros.<\/p>\n<p>Por su parte, el segundo diplomado \u201cEl Regidor en la Gesti\u00f3n Municipal\u201d, tiene como objetivo proporcionar una formaci\u00f3n orientada al desarrollo de sus competencias pol\u00edticas, administrativas, t\u00e9cnicas y emocionales, que les permitan gestionar adecuadamente los asuntos encargados a su gesti\u00f3n con una visi\u00f3n integral orientada al resultado, impacto social de largo plazo y de mejoramiento de la calidad de vida de la poblaci\u00f3n.<\/p>\n<p>Estos diplomados se impartir\u00e1n en formato presencial, con una duraci\u00f3n de 90 horas y se tienen previstas dos sedes, Toluca y Tlalnepantla.<\/p>\n<p style=\"text-align: center;\"><strong>Entrega Voluntariado del ISEM aula educativa para ni\u00f1os con c\u00e1ncer<\/strong><\/p>\n<p>\u00a0En M\u00e9xico se registran anualmente 5 mil nuevos casos de c\u00e1ncer infantil, cuyos tratamientos propician deserci\u00f3n escolar en pacientes, por lo que el Voluntariado del Instituto de Salud del Estado de M\u00e9xico (ISEM) AC, entreg\u00f3 un aula educativa a la Asociaci\u00f3n Mexicana de Ayuda a Ni\u00f1os con C\u00e1ncer (AMANC), para brindar clases escolares a menores hospitalizados por esta enfermedad y dar continuidad a su formaci\u00f3n acad\u00e9mica.<\/p>\n<p>Con motivo del Mes de Concientizaci\u00f3n del C\u00e1ncer Infantil, la presidenta honoraria de este organismo, Mercedes Rangel de O\u2019Shea, inform\u00f3 que este espacio educativo es parte del programa \u201cSigamos aprendiendo\u2026 en el Hospital\u201d, que es coordinado por el Voluntariado Nacional de Salud, con la colaboraci\u00f3n de maestros de la Secretar\u00eda de Educaci\u00f3n estatal.<\/p>\n<p><em><a href=\"mailto:montanezaguilar@gmail.com\" target=\"_blank\" rel=\"noopener\">montanezaguilar@gmail.com<\/a><\/em><\/p>\n","protected":false},"excerpt":{"rendered":"<p><span style=\"color: #005497;\">Jos\u00e9 Luis Monta\u00f1ez Aguilar<\/span><br \/>\n<br \/>\nCon el objetivo de capacitar a las autoridades municipales electas, el Instituto de Administraci\u00f3n P\u00fablica del Estado de M\u00e9xico (IAPEM) iniciar\u00e1 en octubre, dos diplomados dirigidos de manera espec\u00edfica a las autoridades electas en el Estado de M\u00e9xico.<\/p>\n","protected":false},"author":3,"featured_media":395714,"comment_status":"open","ping_status":"open","sticky":false,"template":"","format":"standard","meta":{"_monsterinsights_skip_tracking":false,"_monsterinsights_sitenote_active":false,"_monsterinsights_sitenote_note":"","_monsterinsights_sitenote_category":0,"footnotes":""},"categories":[5],"tags":[13284,43704,43674],"class_list":["post-395619","post","type-post","status-publish","format-standard","has-post-thumbnail","hentry","category-estado-de-mexico","tag-arco-norte","tag-jose-luis-montanez-aguilar","tag-opinion"],"_links":{"self":[{"href":"https:\/\/www.diarioimagen.net\/index.php?rest_route=\/wp\/v2\/posts\/395619","targetHints":{"allow":["GET"]}}],"collection":[{"href":"https:\/\/www.diarioimagen.net\/index.php?rest_route=\/wp\/v2\/posts"}],"about":[{"href":"https:\/\/www.diarioimagen.net\/index.php?rest_route=\/wp\/v2\/types\/post"}],"author":[{"embeddable":true,"href":"https:\/\/www.diarioimagen.net\/index.php?rest_route=\/wp\/v2\/users\/3"}],"replies":[{"embeddable":true,"href":"https:\/\/www.diarioimagen.net\/index.php?rest_route=%2Fwp%2Fv2%2Fcomments&post=395619"}],"version-history":[{"count":0,"href":"https:\/\/www.diarioimagen.net\/index.php?rest_route=\/wp\/v2\/posts\/395619\/revisions"}],"wp:featuredmedia":[{"embeddable":true,"href":"https:\/\/www.diarioimagen.net\/index.php?rest_route=\/wp\/v2\/media\/395714"}],"wp:attachment":[{"href":"https:\/\/www.diarioimagen.net\/index.php?rest_route=%2Fwp%2Fv2%2Fmedia&parent=395619"}],"wp:term":[{"taxonomy":"category","embeddable":true,"href":"https:\/\/www.diarioimagen.net\/index.php?rest_route=%2Fwp%2Fv2%2Fcategories&post=395619"},{"taxonomy":"post_tag","embeddable":true,"href":"https:\/\/www.diarioimagen.net\/index.php?rest_route=%2Fwp%2Fv2%2Ftags&post=395619"}],"curies":[{"name":"wp","href":"https:\/\/api.w.org\/{rel}","templated":true}]}}