{"id":395626,"date":"2018-09-20T00:06:59","date_gmt":"2018-09-20T05:06:59","guid":{"rendered":"https:\/\/www.diarioimagen.net\/?p=395626"},"modified":"2018-09-20T22:30:52","modified_gmt":"2018-09-21T03:30:52","slug":"inversion-de-5-mmdp-para-reconstruccion-de-la-ciudad","status":"publish","type":"post","link":"https:\/\/www.diarioimagen.net\/?p=395626","title":{"rendered":"Inversi\u00f3n de 5 mmdp para reconstrucci\u00f3n de la ciudad"},"content":{"rendered":"<ul>\n<li><em><strong>Anuncia Claudia Sheinbaum<\/strong><\/em><\/li>\n<li><em><strong>Se apoyar\u00e1 a afectados por los sismos sin incurrir en cr\u00e9ditos<\/strong><\/em><\/li>\n<\/ul>\n<p>&nbsp;<\/p>\n<div id=\"attachment_395711\" style=\"width: 470px\" class=\"wp-caption aligncenter\"><a href=\"https:\/\/www.diarioimagen.net\/?attachment_id=395711\" rel=\"attachment wp-att-395711\"><img loading=\"lazy\" decoding=\"async\" aria-describedby=\"caption-attachment-395711\" class=\"size-large wp-image-395711\" src=\"https:\/\/www.diarioimagen.net\/wp-content\/uploads\/2018\/09\/SHEINBAUM-3459-460x259.jpg\" alt=\"\" width=\"460\" height=\"259\" srcset=\"https:\/\/www.diarioimagen.net\/wp-content\/uploads\/2018\/09\/SHEINBAUM-3459-460x259.jpg 460w, https:\/\/www.diarioimagen.net\/wp-content\/uploads\/2018\/09\/SHEINBAUM-3459-240x135.jpg 240w, https:\/\/www.diarioimagen.net\/wp-content\/uploads\/2018\/09\/SHEINBAUM-3459-235x132.jpg 235w, https:\/\/www.diarioimagen.net\/wp-content\/uploads\/2018\/09\/SHEINBAUM-3459-202x114.jpg 202w, https:\/\/www.diarioimagen.net\/wp-content\/uploads\/2018\/09\/SHEINBAUM-3459-350x196.jpg 350w, https:\/\/www.diarioimagen.net\/wp-content\/uploads\/2018\/09\/SHEINBAUM-3459-220x123.jpg 220w, https:\/\/www.diarioimagen.net\/wp-content\/uploads\/2018\/09\/SHEINBAUM-3459-237x132.jpg 237w, https:\/\/www.diarioimagen.net\/wp-content\/uploads\/2018\/09\/SHEINBAUM-3459.jpg 480w\" sizes=\"auto, (max-width: 460px) 100vw, 460px\" \/><\/a><p id=\"caption-attachment-395711\" class=\"wp-caption-text\">Claudia Sheinbaum Pardo anunci\u00f3 que iniciar\u00e1 su gobierno con un presupuesto de 5 mil millones de pesos para la reconstrucci\u00f3n.<\/p><\/div>\n<p>&nbsp;<\/p>\n<p>La jefa de gobierno electa de la Ciudad de M\u00e9xico, Claudia Sheinbaum Pardo, anunci\u00f3 que iniciar\u00e1 su gobierno con un presupuesto de 5 mil millones de pesos para la reconstrucci\u00f3n en la capital del pa\u00eds.<\/p>\n<p>Refiri\u00f3 que con ello se buscar\u00e1 apoyar a todas las personas afectadas en la ciudad por los sismos de septiembre del a\u00f1o pasado, sin incurrir en cr\u00e9ditos, y \u201chasta donde lo permitan los recursos del gobierno\u201d capitalino.<\/p>\n<p>Al anunciar su propuesta para atender a los damnificados, Sheinbaum se comprometi\u00f3 a garantizar transparencia, donde no s\u00f3lo los afectados sepan c\u00f3mo se utilizan los recursos, sino que la informaci\u00f3n est\u00e9 abierta a toda la ciudadan\u00eda.<\/p>\n<p>Refiri\u00f3 que los recursos anunciados podr\u00e1n complementarse con los subejercicios que queden de los remanentes del a\u00f1o en curso, tal como se acord\u00f3 con el gobierno que actualmente encabeza Jos\u00e9 Ram\u00f3n Amieva G\u00e1lvez.<\/p>\n<p>En un acto realizado en el Colegio de Ingenieros, manifest\u00f3 que su proyecto no s\u00f3lo asume la responsabilidad de reconstruir los edificios colapsados por el sismo del 19 de septiembre de 2017, sino c\u00f3mo hacer de la Ciudad de M\u00e9xico una entidad m\u00e1s segura en todos los sentidos de la palabra.<\/p>\n<p>La jefe a de gobierno electa aclar\u00f3 que no desaparecer\u00e1 la Secretar\u00eda de Protecci\u00f3n Civil capitalina, sino que se fortalecer\u00e1 con la integraci\u00f3n del Instituto de Gesti\u00f3n Integral de Riesgos. Al garantizar transparencia en el manejo de recursos, expres\u00f3: \u201cVamos a poner todo lo que est\u00e9 en nuestras manos, vamos a hacer todo lo humanamente posible para reconstruir las viviendas en el menor plazo posible\u201d.<\/p>\n<p>Sostuvo que cambiar\u00e1n el sentido de la reconstrucci\u00f3n, se poyar\u00e1 a todos, sin discriminar a nadie, para que quienes perdieron su patrimonio puedan recuperar una vivienda digna, \u201cporque se trata de un derecho humano\u201d.<\/p>\n<p>Agreg\u00f3 que de ninguna manera se orientar\u00e1 a los damnificados a buscar un cr\u00e9dito para reconstruir su vivienda, sino a buscar reconstruir conjuntamente con los afectados y hasta donde sea posible con el presupuesto de la Ciudad de M\u00e9xico, porque \u201cson recursos p\u00fablicos que pertenecen a todos\u201d.<\/p>\n<p>Claudia Sheinbaum destac\u00f3 que se trabaja con un grupo importante compuesto por empresarios, cient\u00edficos y especialistas con el prop\u00f3sito de lograr no s\u00f3lo recuperar lo que se perdi\u00f3, sino construir una menor ciudad.<\/p>\n<p>\u201cHablamos de una ciudad que permita la reconstrucci\u00f3n, pero que sea m\u00e1s segura y podamos vivir en mejores condiciones de las que viv\u00edamos antes del sismo de hace un a\u00f1o\u201d, concluy\u00f3.<\/p>\n<p style=\"text-align: center;\"><strong>Promete castigar corrupci\u00f3n que ocasion\u00f3 derrumbes en sismos<\/strong><\/p>\n<p>La jefa de Gobierno electa de la Ciudad de M\u00e9xico, Claudia Sheinbaum Pardo, asegur\u00f3 que conjuntamente con las autoridades judiciales trabajar\u00e1n para que no haya impunidad y se haga justicia en todos los casos de corrupci\u00f3n que ocasionaron la ca\u00edda de inmuebles por el sismo del 19 de septiembre de 2017.<\/p>\n<p>Al se\u00f1alar que su gobierno trabajar\u00e1 arduamente para erradicar la corrupci\u00f3n, declar\u00f3 que dar\u00e1n seguimiento en todos los casos donde se encuentre negligencia, compra de permisos que infligieron los reglamentos de construcci\u00f3n o mala calidad de materiales, para que se alcance la justicia y se aplique la ley.<\/p>\n<p>Se comprometi\u00f3 a atender a todos los familiares de las v\u00edctimas que perdieron a un hijo, a la madre, el padre o alg\u00fan otro familiar.<\/p>\n<p>Declar\u00f3 que con la finalidad de no volver a cometer los mismos errores, se trabajar\u00e1 de cerca con directores responsables de obra, con corresponsables de seguridad estructural y as\u00ed evitar posibles conflictos de inter\u00e9s, de tal manera que haya coordinaci\u00f3n con el gobierno capitalino para garantizar una ciudad segura.<\/p>\n<p>Sheinbaum Pardo expres\u00f3 que la Ciudad de M\u00e9xico es vulnerable frente muchos fen\u00f3menos naturales, particularmente los sismos, por lo que debe prepararse, ya que si bien los movimiento tel\u00faricos no pueden preverse, s\u00ed es posible prepararse para enfrentar de mejor manera las cat\u00e1strofes.<strong>\u00a0<\/strong><\/p>\n","protected":false},"excerpt":{"rendered":"<p>La jefa de gobierno electa de la Ciudad de M\u00e9xico, Claudia Sheinbaum Pardo, anunci\u00f3 que iniciar\u00e1 su gobierno con un presupuesto de 5 mil millones de pesos para la reconstrucci\u00f3n en la capital del pa\u00eds.<\/p>\n","protected":false},"author":3,"featured_media":395711,"comment_status":"open","ping_status":"open","sticky":false,"template":"","format":"standard","meta":{"_monsterinsights_skip_tracking":false,"_monsterinsights_sitenote_active":false,"_monsterinsights_sitenote_note":"","_monsterinsights_sitenote_category":0,"footnotes":""},"categories":[6],"tags":[204,72207,25048],"class_list":["post-395626","post","type-post","status-publish","format-standard","has-post-thumbnail","hentry","category-cd-de-mexico","tag-ciudad-de-mexico","tag-claudia-sheinbaum-pardo","tag-reconstruccion"],"_links":{"self":[{"href":"https:\/\/www.diarioimagen.net\/index.php?rest_route=\/wp\/v2\/posts\/395626","targetHints":{"allow":["GET"]}}],"collection":[{"href":"https:\/\/www.diarioimagen.net\/index.php?rest_route=\/wp\/v2\/posts"}],"about":[{"href":"https:\/\/www.diarioimagen.net\/index.php?rest_route=\/wp\/v2\/types\/post"}],"author":[{"embeddable":true,"href":"https:\/\/www.diarioimagen.net\/index.php?rest_route=\/wp\/v2\/users\/3"}],"replies":[{"embeddable":true,"href":"https:\/\/www.diarioimagen.net\/index.php?rest_route=%2Fwp%2Fv2%2Fcomments&post=395626"}],"version-history":[{"count":0,"href":"https:\/\/www.diarioimagen.net\/index.php?rest_route=\/wp\/v2\/posts\/395626\/revisions"}],"wp:featuredmedia":[{"embeddable":true,"href":"https:\/\/www.diarioimagen.net\/index.php?rest_route=\/wp\/v2\/media\/395711"}],"wp:attachment":[{"href":"https:\/\/www.diarioimagen.net\/index.php?rest_route=%2Fwp%2Fv2%2Fmedia&parent=395626"}],"wp:term":[{"taxonomy":"category","embeddable":true,"href":"https:\/\/www.diarioimagen.net\/index.php?rest_route=%2Fwp%2Fv2%2Fcategories&post=395626"},{"taxonomy":"post_tag","embeddable":true,"href":"https:\/\/www.diarioimagen.net\/index.php?rest_route=%2Fwp%2Fv2%2Ftags&post=395626"}],"curies":[{"name":"wp","href":"https:\/\/api.w.org\/{rel}","templated":true}]}}