{"id":395633,"date":"2018-09-20T00:10:30","date_gmt":"2018-09-20T05:10:30","guid":{"rendered":"https:\/\/www.diarioimagen.net\/?p=395633"},"modified":"2018-09-20T06:42:37","modified_gmt":"2018-09-20T11:42:37","slug":"requiere-uaem-incremento-presupuestal-alfredo-barrera","status":"publish","type":"post","link":"https:\/\/www.diarioimagen.net\/?p=395633","title":{"rendered":"Requiere UAEM incremento presupuestal: Alfredo Barrera"},"content":{"rendered":"<ul>\n<li><strong><em>Mantenimiento permanente<\/em><\/strong><\/li>\n<\/ul>\n<p>&nbsp;<\/p>\n<div id=\"attachment_395717\" style=\"width: 470px\" class=\"wp-caption aligncenter\"><a href=\"https:\/\/www.diarioimagen.net\/?attachment_id=395717\" rel=\"attachment wp-att-395717\"><img loading=\"lazy\" decoding=\"async\" aria-describedby=\"caption-attachment-395717\" class=\"size-large wp-image-395717\" src=\"https:\/\/www.diarioimagen.net\/wp-content\/uploads\/2018\/09\/UAEM-3459-460x259.jpg\" alt=\"\" width=\"460\" height=\"259\" srcset=\"https:\/\/www.diarioimagen.net\/wp-content\/uploads\/2018\/09\/UAEM-3459-460x259.jpg 460w, https:\/\/www.diarioimagen.net\/wp-content\/uploads\/2018\/09\/UAEM-3459-240x135.jpg 240w, https:\/\/www.diarioimagen.net\/wp-content\/uploads\/2018\/09\/UAEM-3459-235x132.jpg 235w, https:\/\/www.diarioimagen.net\/wp-content\/uploads\/2018\/09\/UAEM-3459-202x114.jpg 202w, https:\/\/www.diarioimagen.net\/wp-content\/uploads\/2018\/09\/UAEM-3459-350x196.jpg 350w, https:\/\/www.diarioimagen.net\/wp-content\/uploads\/2018\/09\/UAEM-3459-220x123.jpg 220w, https:\/\/www.diarioimagen.net\/wp-content\/uploads\/2018\/09\/UAEM-3459-237x132.jpg 237w, https:\/\/www.diarioimagen.net\/wp-content\/uploads\/2018\/09\/UAEM-3459.jpg 480w\" sizes=\"auto, (max-width: 460px) 100vw, 460px\" \/><\/a><p id=\"caption-attachment-395717\" class=\"wp-caption-text\">El rector, Alfredo Barrera Baca, presidi\u00f3 el primer informe de actividades del director del plantel \u201cSor Juana In\u00e9s de la Cruz\u201d, Cristian Gonz\u00e1lez Flores.<\/p><\/div>\n<p>&nbsp;<\/p>\n<p><strong>Amecameca, Estado de M\u00e9xico<\/strong>.- Para 2019 la Universidad Aut\u00f3noma del Estado de M\u00e9xico requiere un incremento presupuestal por parte de los gobiernos estatal y federal, enfatiz\u00f3 el rector Alfredo Barrera Baca, al presidir el primer informe de actividades del director del plantel \u201cSor Juana In\u00e9s de la Cruz\u201d, Cristian Gonz\u00e1lez Flores, marco en el que precis\u00f3 que parte de los recursos asignados a la instituci\u00f3n para el siguiente ejercicio presupuestal ser\u00edan destinados a los espacios universitarios m\u00e1s antiguos.<\/p>\n<p>En el marco de este ejercicio de rendici\u00f3n de cuentas, el rector sostuvo que las acciones emprendidas por la Administraci\u00f3n 2017-2021 de la UAEM para el ahorro y la contenci\u00f3n de gastos permiten contar con recursos para un programa permanente de mantenimiento preventivo y correctivo de las instalaciones universitarias, pues \u201caspiramos a que la instituci\u00f3n siga contando con espacios dignos\u201d.<\/p>\n<p>Antes de colocar la primera piedra de la remodelaci\u00f3n de las canchas de front\u00f3n y supervisar el avance en la construcci\u00f3n del m\u00f3dulo de ba\u00f1os y colocaci\u00f3n del barandal en este espacio universitario, reconoci\u00f3 el esfuerzo que realiza este plantel ubicado en Amecameca para disminuir los \u00edndices de abandono escolar, mediante la puesta en marcha de programas institucionales como el de mentores acad\u00e9micos, a trav\u00e9s del cual los estudiantes fortalecen conocimientos en asignaturas de alta complejidad.<\/p>\n<p>Alfredo Barrera Baca destac\u00f3 que este espacio acad\u00e9mico de la UAEM, el m\u00e1s antiguo del Valle de M\u00e9xico, reporta un alto \u00edndice de crecimiento de matr\u00edcula escolar, con estudiantes que provienen de 12 municipios mexiquenses y algunos del estado de Morelos.<\/p>\n<p>Antes de que el rector develara la escultura de Sor Juana In\u00e9s de la Cruz, que fue trasladada del Edificio de Rector\u00eda a este espacio universitario, Cristian Gonz\u00e1lez Flores detall\u00f3 que el Plantel, que cuenta con una matr\u00edcula superior a los mil 600 alumnos, se ha sometido a evaluaciones externas como las pruebas Domina y Planea, donde los estudiantes obtuvieron promedios superiores a la media estatal.<\/p>\n<p>Tras agradecer la asignaci\u00f3n a este espacio acad\u00e9mico de 30 plazas que se someter\u00e1n a concurso de oposici\u00f3n y la reciente entrega de proyectores con conexi\u00f3n USB para 13 aulas, el directivo universitario indic\u00f3 que durante el reciente a\u00f1o, el Plantel logr\u00f3 constituir sus dos primeros cuerpos acad\u00e9micos, a trav\u00e9s de los cuales, se incentiva la investigaci\u00f3n y producci\u00f3n acad\u00e9mica.<\/p>\n<p>Posteriormente, el rector Alfredo Barrera Baca acudi\u00f3 al Centro Universitario UAEM Amecameca, donde adem\u00e1s de participar en los simulacros conmemorativos a los sismos de septiembre de 1985 y 2017, escuch\u00f3 y atendi\u00f3 las peticiones de la comunidad universitaria.<\/p>\n","protected":false},"excerpt":{"rendered":"<p>Para 2019 la Universidad Aut\u00f3noma del Estado de M\u00e9xico requiere un incremento presupuestal por parte de los gobiernos estatal y federal, enfatiz\u00f3 el rector Alfredo Barrera Baca, al presidir el primer informe de actividades del director del plantel \u201cSor Juana In\u00e9s de la Cruz\u201d, Cristian Gonz\u00e1lez Flores, marco en el que precis\u00f3 que parte de los recursos asignados a la instituci\u00f3n para el siguiente ejercicio presupuestal ser\u00edan destinados a los espacios universitarios m\u00e1s antiguos.<\/p>\n","protected":false},"author":3,"featured_media":395717,"comment_status":"open","ping_status":"open","sticky":false,"template":"","format":"standard","meta":{"_monsterinsights_skip_tracking":false,"_monsterinsights_sitenote_active":false,"_monsterinsights_sitenote_note":"","_monsterinsights_sitenote_category":0,"footnotes":""},"categories":[5],"tags":[58572,5055,43675,13491],"class_list":["post-395633","post","type-post","status-publish","format-standard","has-post-thumbnail","hentry","category-estado-de-mexico","tag-alfredo-barrera-baca","tag-amecameca","tag-estado-de-mexico","tag-sor-juana-ines-de-la-cruz"],"_links":{"self":[{"href":"https:\/\/www.diarioimagen.net\/index.php?rest_route=\/wp\/v2\/posts\/395633","targetHints":{"allow":["GET"]}}],"collection":[{"href":"https:\/\/www.diarioimagen.net\/index.php?rest_route=\/wp\/v2\/posts"}],"about":[{"href":"https:\/\/www.diarioimagen.net\/index.php?rest_route=\/wp\/v2\/types\/post"}],"author":[{"embeddable":true,"href":"https:\/\/www.diarioimagen.net\/index.php?rest_route=\/wp\/v2\/users\/3"}],"replies":[{"embeddable":true,"href":"https:\/\/www.diarioimagen.net\/index.php?rest_route=%2Fwp%2Fv2%2Fcomments&post=395633"}],"version-history":[{"count":0,"href":"https:\/\/www.diarioimagen.net\/index.php?rest_route=\/wp\/v2\/posts\/395633\/revisions"}],"wp:featuredmedia":[{"embeddable":true,"href":"https:\/\/www.diarioimagen.net\/index.php?rest_route=\/wp\/v2\/media\/395717"}],"wp:attachment":[{"href":"https:\/\/www.diarioimagen.net\/index.php?rest_route=%2Fwp%2Fv2%2Fmedia&parent=395633"}],"wp:term":[{"taxonomy":"category","embeddable":true,"href":"https:\/\/www.diarioimagen.net\/index.php?rest_route=%2Fwp%2Fv2%2Fcategories&post=395633"},{"taxonomy":"post_tag","embeddable":true,"href":"https:\/\/www.diarioimagen.net\/index.php?rest_route=%2Fwp%2Fv2%2Ftags&post=395633"}],"curies":[{"name":"wp","href":"https:\/\/api.w.org\/{rel}","templated":true}]}}