{"id":395649,"date":"2018-09-20T00:09:06","date_gmt":"2018-09-20T05:09:06","guid":{"rendered":"https:\/\/www.diarioimagen.net\/?p=395649"},"modified":"2018-09-20T08:28:11","modified_gmt":"2018-09-20T13:28:11","slug":"en-huixquilucan-se-trabaja-con-resultados-en-prevencion-social","status":"publish","type":"post","link":"https:\/\/www.diarioimagen.net\/?p=395649","title":{"rendered":"En Huixquilucan se trabaja con resultados en prevenci\u00f3n social"},"content":{"rendered":"<ul>\n<li><strong><em>Protecci\u00f3n Civil fue equipada<\/em><\/strong><\/li>\n<\/ul>\n<p>&nbsp;<\/p>\n<div id=\"attachment_395738\" style=\"width: 470px\" class=\"wp-caption aligncenter\"><a href=\"https:\/\/www.diarioimagen.net\/?attachment_id=395738\" rel=\"attachment wp-att-395738\"><img loading=\"lazy\" decoding=\"async\" aria-describedby=\"caption-attachment-395738\" class=\"size-large wp-image-395738\" src=\"https:\/\/www.diarioimagen.net\/wp-content\/uploads\/2018\/09\/HUIXQUILUCAN-3459-460x259.jpg\" alt=\"\" width=\"460\" height=\"259\" srcset=\"https:\/\/www.diarioimagen.net\/wp-content\/uploads\/2018\/09\/HUIXQUILUCAN-3459-460x259.jpg 460w, https:\/\/www.diarioimagen.net\/wp-content\/uploads\/2018\/09\/HUIXQUILUCAN-3459-240x135.jpg 240w, https:\/\/www.diarioimagen.net\/wp-content\/uploads\/2018\/09\/HUIXQUILUCAN-3459-235x132.jpg 235w, https:\/\/www.diarioimagen.net\/wp-content\/uploads\/2018\/09\/HUIXQUILUCAN-3459-202x114.jpg 202w, https:\/\/www.diarioimagen.net\/wp-content\/uploads\/2018\/09\/HUIXQUILUCAN-3459-350x196.jpg 350w, https:\/\/www.diarioimagen.net\/wp-content\/uploads\/2018\/09\/HUIXQUILUCAN-3459-220x123.jpg 220w, https:\/\/www.diarioimagen.net\/wp-content\/uploads\/2018\/09\/HUIXQUILUCAN-3459-237x132.jpg 237w, https:\/\/www.diarioimagen.net\/wp-content\/uploads\/2018\/09\/HUIXQUILUCAN-3459.jpg 480w\" sizes=\"auto, (max-width: 460px) 100vw, 460px\" \/><\/a><p id=\"caption-attachment-395738\" class=\"wp-caption-text\">El alcalde Enrique Vargas del Villar \u00a0resalt\u00f3 que durante su administraci\u00f3n se han invertido m\u00e1s de 24 millones de pesos en Protecci\u00f3n Civil.<\/p><\/div>\n<p>&nbsp;<\/p>\n<p><strong>Huixquilucan, Estado de M\u00e9xico<\/strong>.- El presidente municipal, Enrique Vargas del Villar, tom\u00f3 protesta a los integrantes de la unidad interna de Protecci\u00f3n Civil del centro administrativo Pirules, quienes ser\u00e1n los encargados de actuar de manera \u00e1gil y oportuna en caso de siniestro.<\/p>\n<p>El alcalde destac\u00f3 el trabajo que se ha realizado en materia de Protecci\u00f3n Civil, ya que se ha actuado con efectividad y rapidez en los momentos m\u00e1s cr\u00edticos, como fue el sismo del a\u00f1o pasado.<\/p>\n<p>Acompa\u00f1ado por el secretario del Ayuntamiento, Pablo Fern\u00e1ndez de Cevallos, por el coordinador de la unidad de Protecci\u00f3n Civil, Alfredo Guti\u00e9rrez Ramos y por el subsecretario del ayuntamiento, Edmond Kuri Sierra, el Presidente Municipal \u00a0resalt\u00f3 que durante su administraci\u00f3n se han invertido m\u00e1s de 24 millones de pesos en equipo de seguridad y veh\u00edculos para los elementos de Protecci\u00f3n Civil.<\/p>\n<p>Por su parte, el Subsecretario del Ayuntamiento, Edmond Kuri Sierra, subray\u00f3 que\u00a0 con la implementaci\u00f3n del programa interno de Protecci\u00f3n Civil y la conformaci\u00f3n de la unidad interna, se cuenta con personal capacitado para actuar en caso de emergencia, siempre priorizando la seguridad de las personas que laboran en los edificios de gobierno y zonas aleda\u00f1as.<\/p>\n<p>\u201cLos sismos de septiembre del a\u00f1o pasado nos recuerdan la fuerza de la naturaleza y sus efectos devastadores, no podemos predecir d\u00f3nde y cu\u00e1ndo se va a presentar una cat\u00e1strofe, pero s\u00ed podemos prevenir y mitigar los efectos. La auto protecci\u00f3n es el mecanismo para poner a salvo la vida de las personas, y las unidades de Protecci\u00f3n Civil que se encuentran en cada inmueble del gobierno municipal, est\u00e1n capacitados en protocolos de actuaci\u00f3n para antes, durante y despu\u00e9s de una emergencia\u201d, se\u00f1al\u00f3.<\/p>\n<p>Se entreg\u00f3 el equipo de protecci\u00f3n personal a los 13 brigadistas que conforman la unidad de Protecci\u00f3n Civil, quienes se encargaran de diferentes tareas espec\u00edficas como: Combate contra incendios, b\u00fasqueda y rescate, evaluaci\u00f3n y primeros auxilios.<\/p>\n","protected":false},"excerpt":{"rendered":"<p>El presidente municipal, Enrique Vargas del Villar, tom\u00f3 protesta a los integrantes de la unidad interna de Protecci\u00f3n Civil del centro administrativo Pirules, quienes ser\u00e1n los encargados de actuar de manera \u00e1gil y oportuna en caso de siniestro.<\/p>\n","protected":false},"author":3,"featured_media":395738,"comment_status":"open","ping_status":"open","sticky":false,"template":"","format":"standard","meta":{"_monsterinsights_skip_tracking":false,"_monsterinsights_sitenote_active":false,"_monsterinsights_sitenote_note":"","_monsterinsights_sitenote_category":0,"footnotes":""},"categories":[35155],"tags":[43675,1097,78388],"class_list":["post-395649","post","type-post","status-publish","format-standard","has-post-thumbnail","hentry","category-estado-de-mexico-estado-de-mexico","tag-estado-de-mexico","tag-huixquilucan","tag-prevencion-social"],"_links":{"self":[{"href":"https:\/\/www.diarioimagen.net\/index.php?rest_route=\/wp\/v2\/posts\/395649","targetHints":{"allow":["GET"]}}],"collection":[{"href":"https:\/\/www.diarioimagen.net\/index.php?rest_route=\/wp\/v2\/posts"}],"about":[{"href":"https:\/\/www.diarioimagen.net\/index.php?rest_route=\/wp\/v2\/types\/post"}],"author":[{"embeddable":true,"href":"https:\/\/www.diarioimagen.net\/index.php?rest_route=\/wp\/v2\/users\/3"}],"replies":[{"embeddable":true,"href":"https:\/\/www.diarioimagen.net\/index.php?rest_route=%2Fwp%2Fv2%2Fcomments&post=395649"}],"version-history":[{"count":0,"href":"https:\/\/www.diarioimagen.net\/index.php?rest_route=\/wp\/v2\/posts\/395649\/revisions"}],"wp:featuredmedia":[{"embeddable":true,"href":"https:\/\/www.diarioimagen.net\/index.php?rest_route=\/wp\/v2\/media\/395738"}],"wp:attachment":[{"href":"https:\/\/www.diarioimagen.net\/index.php?rest_route=%2Fwp%2Fv2%2Fmedia&parent=395649"}],"wp:term":[{"taxonomy":"category","embeddable":true,"href":"https:\/\/www.diarioimagen.net\/index.php?rest_route=%2Fwp%2Fv2%2Fcategories&post=395649"},{"taxonomy":"post_tag","embeddable":true,"href":"https:\/\/www.diarioimagen.net\/index.php?rest_route=%2Fwp%2Fv2%2Ftags&post=395649"}],"curies":[{"name":"wp","href":"https:\/\/api.w.org\/{rel}","templated":true}]}}