{"id":395766,"date":"2018-09-21T00:08:01","date_gmt":"2018-09-21T05:08:01","guid":{"rendered":"https:\/\/www.diarioimagen.net\/?p=395766"},"modified":"2018-09-24T00:07:11","modified_gmt":"2018-09-24T05:07:11","slug":"entregan-primer-informe-de-alfredo-del-mazo-maza-a-la-lx-legislatura-local","status":"publish","type":"post","link":"https:\/\/www.diarioimagen.net\/?p=395766","title":{"rendered":"Entregan al Congreso 1er. Informe de Del Mazo"},"content":{"rendered":"<ul>\n<li><em><strong>Detalla metas y resultados alcanzados<\/strong><\/em><\/li>\n<li><em><strong>Voluntad del actual gobierno para consolidar colaboraci\u00f3n<\/strong><\/em><\/li>\n<\/ul>\n<p>&nbsp;<\/p>\n<div id=\"attachment_395767\" style=\"width: 470px\" class=\"wp-caption aligncenter\"><img loading=\"lazy\" decoding=\"async\" aria-describedby=\"caption-attachment-395767\" class=\"wp-image-395767 size-large\" src=\"https:\/\/www.diarioimagen.net\/wp-content\/uploads\/2018\/09\/DEL-MAZO21-portal-460x268.jpg\" alt=\"\" width=\"460\" height=\"268\" srcset=\"https:\/\/www.diarioimagen.net\/wp-content\/uploads\/2018\/09\/DEL-MAZO21-portal-460x268.jpg 460w, https:\/\/www.diarioimagen.net\/wp-content\/uploads\/2018\/09\/DEL-MAZO21-portal-240x140.jpg 240w, https:\/\/www.diarioimagen.net\/wp-content\/uploads\/2018\/09\/DEL-MAZO21-portal.jpg 480w\" sizes=\"auto, (max-width: 460px) 100vw, 460px\" \/><p id=\"caption-attachment-395767\" class=\"wp-caption-text\">El secretario general de Gobierno, Alejandro Ozuna Rivero, entreg\u00f3 el informe del primer a\u00f1o de gobierno de Alfredo Del Mazo Maza.<\/p><\/div>\n<p>&nbsp;<\/p>\n<p><strong>Toluca, Estado de M\u00e9xico<\/strong>.- Con fundamento en lo estipulado en la fracci\u00f3n 18 del art\u00edculo 77 de la Constituci\u00f3n Pol\u00edtica del Estado Libre y Soberano de M\u00e9xico, el secretario general de Gobierno, Alejandro Ozuna Rivero, acudi\u00f3 a la LX Legislatura local, para hacer entrega formal del informe acerca del estado que guarda la administraci\u00f3n p\u00fablica estatal, durante el primer a\u00f1o de labores del Gobernador Constitucional del Estado de M\u00e9xico, Alfredo Del Mazo Maza.<\/p>\n<p>\u201cEl documento, que en representaci\u00f3n del gobernador hoy entrego, detalla con precisi\u00f3n las metas y resultados alcanzados durante este periodo, y que tambi\u00e9n han sido oportunamente incluidas en el Plan Estatal de Desarrollo del Estado de M\u00e9xico 2017-2023\u201d, precis\u00f3 el funcionario mexiquense ante la diputada Azucena Cisneros Coss, presidenta de la Legislatura local, quien recibi\u00f3 el documento.<\/p>\n<p>Explic\u00f3 que al Informe se\u00f1alado le acompa\u00f1an anexos estad\u00edsticos que lo soportan y que describen cada una de las acciones que el mismo refiere.<\/p>\n<p>Asimismo, al acudir a esta Soberan\u00eda, con la representaci\u00f3n del Ejecutivo estatal, Ozuna Rivero reiter\u00f3 la voluntad del gobierno del Estado de M\u00e9xico para consolidar los canales de colaboraci\u00f3n que favorezcan una relaci\u00f3n plena en acuerdos entre el Legislativo y el Ejecutivo de la entidad.<\/p>\n<p>\u201cPerm\u00edtanme tambi\u00e9n expresar la plena disposici\u00f3n de las y los titulares de todas las Secretar\u00edas de la administraci\u00f3n estatal, para detallar cualquier informaci\u00f3n derivada de la glosa que esta Honorable Legislatura realice del Informe entregado, as\u00ed como para comparecer ante esta Soberan\u00eda, en los t\u00e9rminos que la normatividad se\u00f1ala y que ustedes mismos acuerden\u201d.<\/p>\n<p>Finalmente, agradeci\u00f3 la disposici\u00f3n del Congreso mexiquense para recibir este Primer Informe de Gobierno e hizo votos para que eventos como \u00e9ste, que dan cuenta de la normalidad democr\u00e1tica que vive la entidad, sigan siendo la constante en nuestra relaci\u00f3n institucional.<\/p>\n<p>En el acto, tambi\u00e9n estuvieron presentes el diputado Maurilio Hern\u00e1ndez Gonz\u00e1lez, presidente de la Junta de Coordinaci\u00f3n Pol\u00edtica de la LX Legislatura estatal, as\u00ed como legisladores locales.<\/p>\n","protected":false},"excerpt":{"rendered":"<p>Con fundamento en lo estipulado en la fracci\u00f3n 18 del art\u00edculo 77 de la Constituci\u00f3n Pol\u00edtica del Estado Libre y Soberano de M\u00e9xico, el secretario general de Gobierno, Alejandro Ozuna Rivero, acudi\u00f3 a la LX Legislatura local, para hacer entrega formal del informe acerca del estado que guarda la administraci\u00f3n p\u00fablica estatal, durante el primer a\u00f1o de labores del Gobernador Constitucional del Estado de M\u00e9xico, Alfredo Del Mazo Maza.<\/p>\n","protected":false},"author":5,"featured_media":395767,"comment_status":"open","ping_status":"open","sticky":false,"template":"","format":"standard","meta":{"_monsterinsights_skip_tracking":false,"_monsterinsights_sitenote_active":false,"_monsterinsights_sitenote_note":"","_monsterinsights_sitenote_category":0,"footnotes":""},"categories":[5],"tags":[14908,2505,43675,78398,78399,452],"class_list":["post-395766","post","type-post","status-publish","format-standard","has-post-thumbnail","hentry","category-estado-de-mexico","tag-alejandro-ozuna-rivero","tag-alfredo-del-mazo-maza","tag-estado-de-mexico","tag-lx-legislatura-local","tag-primer-informe","tag-toluca"],"_links":{"self":[{"href":"https:\/\/www.diarioimagen.net\/index.php?rest_route=\/wp\/v2\/posts\/395766","targetHints":{"allow":["GET"]}}],"collection":[{"href":"https:\/\/www.diarioimagen.net\/index.php?rest_route=\/wp\/v2\/posts"}],"about":[{"href":"https:\/\/www.diarioimagen.net\/index.php?rest_route=\/wp\/v2\/types\/post"}],"author":[{"embeddable":true,"href":"https:\/\/www.diarioimagen.net\/index.php?rest_route=\/wp\/v2\/users\/5"}],"replies":[{"embeddable":true,"href":"https:\/\/www.diarioimagen.net\/index.php?rest_route=%2Fwp%2Fv2%2Fcomments&post=395766"}],"version-history":[{"count":0,"href":"https:\/\/www.diarioimagen.net\/index.php?rest_route=\/wp\/v2\/posts\/395766\/revisions"}],"wp:featuredmedia":[{"embeddable":true,"href":"https:\/\/www.diarioimagen.net\/index.php?rest_route=\/wp\/v2\/media\/395767"}],"wp:attachment":[{"href":"https:\/\/www.diarioimagen.net\/index.php?rest_route=%2Fwp%2Fv2%2Fmedia&parent=395766"}],"wp:term":[{"taxonomy":"category","embeddable":true,"href":"https:\/\/www.diarioimagen.net\/index.php?rest_route=%2Fwp%2Fv2%2Fcategories&post=395766"},{"taxonomy":"post_tag","embeddable":true,"href":"https:\/\/www.diarioimagen.net\/index.php?rest_route=%2Fwp%2Fv2%2Ftags&post=395766"}],"curies":[{"name":"wp","href":"https:\/\/api.w.org\/{rel}","templated":true}]}}