{"id":395803,"date":"2018-09-21T00:11:34","date_gmt":"2018-09-21T05:11:34","guid":{"rendered":"https:\/\/www.diarioimagen.net\/?p=395803"},"modified":"2018-09-21T05:13:08","modified_gmt":"2018-09-21T10:13:08","slug":"refrendan-compromiso-con-el-sector-empresarial","status":"publish","type":"post","link":"https:\/\/www.diarioimagen.net\/?p=395803","title":{"rendered":"Refrendan compromiso con el sector empresarial"},"content":{"rendered":"<h2>Arco Norte<\/h2>\n<h5>Jos\u00e9 Luis Monta\u00f1ez Aguilar<\/h5>\n<p>&nbsp;<\/p>\n<p><a href=\"https:\/\/www.diarioimagen.net\/?attachment_id=395875\" rel=\"attachment wp-att-395875\"><img loading=\"lazy\" decoding=\"async\" class=\"aligncenter size-large wp-image-395875\" src=\"https:\/\/www.diarioimagen.net\/wp-content\/uploads\/2018\/09\/arco-3460-460x259.jpg\" alt=\"\" width=\"460\" height=\"259\" srcset=\"https:\/\/www.diarioimagen.net\/wp-content\/uploads\/2018\/09\/arco-3460-460x259.jpg 460w, https:\/\/www.diarioimagen.net\/wp-content\/uploads\/2018\/09\/arco-3460-240x135.jpg 240w, https:\/\/www.diarioimagen.net\/wp-content\/uploads\/2018\/09\/arco-3460-235x132.jpg 235w, https:\/\/www.diarioimagen.net\/wp-content\/uploads\/2018\/09\/arco-3460-202x114.jpg 202w, https:\/\/www.diarioimagen.net\/wp-content\/uploads\/2018\/09\/arco-3460-350x196.jpg 350w, https:\/\/www.diarioimagen.net\/wp-content\/uploads\/2018\/09\/arco-3460-220x123.jpg 220w, https:\/\/www.diarioimagen.net\/wp-content\/uploads\/2018\/09\/arco-3460-237x132.jpg 237w, https:\/\/www.diarioimagen.net\/wp-content\/uploads\/2018\/09\/arco-3460.jpg 480w\" sizes=\"auto, (max-width: 460px) 100vw, 460px\" \/><\/a><\/p>\n<p>&nbsp;<\/p>\n<p>La secretaria del Trabajo, Martha Hilda Gonz\u00e1lez Calder\u00f3n, refrend\u00f3 ante los empresarios del Consejo de C\u00e1maras y Asociaciones Empresariales del Estado de M\u00e9xico (Concaem) el compromiso del gobierno estatal para fortalecer los temas de justicia laboral, capacitaci\u00f3n para la competitividad y vinculaci\u00f3n con el empleo.<\/p>\n<p>Acompa\u00f1ada por Mar\u00eda de Lourdes Medina Ortega, presidenta de Concaem, agrupaci\u00f3n que representa a m\u00e1s de 120 mil empresas de la entidad, Gonz\u00e1lez Calder\u00f3n resalt\u00f3 que escucharlos y saber cu\u00e1les son sus necesidades permitir\u00e1 orientar el trabajo que conciba estabilidad laboral y generaci\u00f3n de empleo.<\/p>\n<p>En el tema de capacitaci\u00f3n, la titular del Trabajo reconoci\u00f3 que el sector privado es quien lleva la delantera en temas de tecnolog\u00eda, por lo que en coordinaci\u00f3n con el Instituto de Capacitaci\u00f3n y Adiestramiento (Icati), se pueden impulsar los cursos estrat\u00e9gicos que permitan a sus empleados estar mejor capacitados para ser m\u00e1s productivos.<\/p>\n<p style=\"text-align: center;\"><strong>Lentes oftalmol\u00f3gicos a m\u00e1s de 80 mil ni\u00f1as, ni\u00f1os y adolescentes <\/strong><\/p>\n<p>\u00a0Con el programa Familias fuertes: Visi\u00f3n para el futuro, se apoyar\u00e1 la salud visual de m\u00e1s de 80 mil ni\u00f1as, ni\u00f1os y adolescentes del Estado de M\u00e9xico.<\/p>\n<p>Miguel \u00c1ngel Torres Cabello, Director General del DIFEM, se\u00f1al\u00f3 que con la suma de esfuerzo con la fundaci\u00f3n Ver Bien para Aprender Mejor y el Gobierno de la Rep\u00fablica, se atienden problemas oftalmol\u00f3gicos como agudeza visual, astigmatismo y miop\u00eda en estudiantes de entre seis y 15 a\u00f1os de edad de primarias y secundarias de planteles p\u00fablicos de la entidad.<\/p>\n<p>Al realizar la entrega de vales de kits de lentes graduados a los titulares de los sistemas DIF Municipales de Aculco, Atlacomulco, El Oro, Jocotitl\u00e1n y San Jos\u00e9 del Rinc\u00f3n, y en compa\u00f1\u00eda de Jos\u00e9 Antonio Dorbecker Castillo, Director General de Ver Bien para Aprender Mejor, Torres Cabello detall\u00f3 que con esta entrega se beneficiaran a 86 municipios.<\/p>\n<p>El titular del DIFEM se\u00f1al\u00f3 que estos anteojos adem\u00e1s de permitir fortalecer el desarrollo integral y educativo de cada alumno, tambi\u00e9n representa un ahorro econ\u00f3mico en las familias, pues su costo oscila entre los 2 mil y 4 mil pesos.<\/p>\n<p><em><a href=\"mailto:montanezaguilar@gmail.com\" target=\"_blank\" rel=\"noopener\">montanezaguilar@gmail.com<\/a><\/em><\/p>\n","protected":false},"excerpt":{"rendered":"<p><span style=\"color: #005497;\">Jos\u00e9 Luis Monta\u00f1ez Aguilar<\/span><br \/>\n<br \/>\nLa secretaria del Trabajo, Martha Hilda Gonz\u00e1lez Calder\u00f3n, refrend\u00f3 ante los empresarios del Consejo de C\u00e1maras y Asociaciones Empresariales del Estado de M\u00e9xico (Concaem) el compromiso del gobierno estatal para fortalecer &#8230;<\/p>\n","protected":false},"author":3,"featured_media":395875,"comment_status":"open","ping_status":"open","sticky":false,"template":"","format":"standard","meta":{"_monsterinsights_skip_tracking":false,"_monsterinsights_sitenote_active":false,"_monsterinsights_sitenote_note":"","_monsterinsights_sitenote_category":0,"footnotes":""},"categories":[5],"tags":[],"class_list":["post-395803","post","type-post","status-publish","format-standard","has-post-thumbnail","hentry","category-estado-de-mexico"],"_links":{"self":[{"href":"https:\/\/www.diarioimagen.net\/index.php?rest_route=\/wp\/v2\/posts\/395803","targetHints":{"allow":["GET"]}}],"collection":[{"href":"https:\/\/www.diarioimagen.net\/index.php?rest_route=\/wp\/v2\/posts"}],"about":[{"href":"https:\/\/www.diarioimagen.net\/index.php?rest_route=\/wp\/v2\/types\/post"}],"author":[{"embeddable":true,"href":"https:\/\/www.diarioimagen.net\/index.php?rest_route=\/wp\/v2\/users\/3"}],"replies":[{"embeddable":true,"href":"https:\/\/www.diarioimagen.net\/index.php?rest_route=%2Fwp%2Fv2%2Fcomments&post=395803"}],"version-history":[{"count":0,"href":"https:\/\/www.diarioimagen.net\/index.php?rest_route=\/wp\/v2\/posts\/395803\/revisions"}],"wp:featuredmedia":[{"embeddable":true,"href":"https:\/\/www.diarioimagen.net\/index.php?rest_route=\/wp\/v2\/media\/395875"}],"wp:attachment":[{"href":"https:\/\/www.diarioimagen.net\/index.php?rest_route=%2Fwp%2Fv2%2Fmedia&parent=395803"}],"wp:term":[{"taxonomy":"category","embeddable":true,"href":"https:\/\/www.diarioimagen.net\/index.php?rest_route=%2Fwp%2Fv2%2Fcategories&post=395803"},{"taxonomy":"post_tag","embeddable":true,"href":"https:\/\/www.diarioimagen.net\/index.php?rest_route=%2Fwp%2Fv2%2Ftags&post=395803"}],"curies":[{"name":"wp","href":"https:\/\/api.w.org\/{rel}","templated":true}]}}