{"id":395837,"date":"2018-09-21T00:09:50","date_gmt":"2018-09-21T05:09:50","guid":{"rendered":"https:\/\/www.diarioimagen.net\/?p=395837"},"modified":"2018-09-21T05:04:33","modified_gmt":"2018-09-21T10:04:33","slug":"continua-metepec-con-rehabilitacion-de-imagen-urbana","status":"publish","type":"post","link":"https:\/\/www.diarioimagen.net\/?p=395837","title":{"rendered":"Contin\u00faa Metepec  con rehabilitaci\u00f3n de imagen urbana"},"content":{"rendered":"<p><a href=\"https:\/\/www.diarioimagen.net\/?attachment_id=395899\" rel=\"attachment wp-att-395899\"><img loading=\"lazy\" decoding=\"async\" class=\"aligncenter size-large wp-image-395899\" src=\"https:\/\/www.diarioimagen.net\/wp-content\/uploads\/2018\/09\/METEPEC-3460-460x259.jpg\" alt=\"\" width=\"460\" height=\"259\" srcset=\"https:\/\/www.diarioimagen.net\/wp-content\/uploads\/2018\/09\/METEPEC-3460-460x259.jpg 460w, https:\/\/www.diarioimagen.net\/wp-content\/uploads\/2018\/09\/METEPEC-3460-240x135.jpg 240w, https:\/\/www.diarioimagen.net\/wp-content\/uploads\/2018\/09\/METEPEC-3460-235x132.jpg 235w, https:\/\/www.diarioimagen.net\/wp-content\/uploads\/2018\/09\/METEPEC-3460-202x114.jpg 202w, https:\/\/www.diarioimagen.net\/wp-content\/uploads\/2018\/09\/METEPEC-3460-350x196.jpg 350w, https:\/\/www.diarioimagen.net\/wp-content\/uploads\/2018\/09\/METEPEC-3460-220x123.jpg 220w, https:\/\/www.diarioimagen.net\/wp-content\/uploads\/2018\/09\/METEPEC-3460-237x132.jpg 237w, https:\/\/www.diarioimagen.net\/wp-content\/uploads\/2018\/09\/METEPEC-3460.jpg 480w\" sizes=\"auto, (max-width: 460px) 100vw, 460px\" \/><\/a><\/p>\n<p>&nbsp;<\/p>\n<p><strong>Metepec, Estado de M\u00e9xico.-<\/strong>\u00a0Con recursos financieros provenientes del gobierno federal, m\u00e1s de 300 fachadas de las calles que conforman el primer cuadro de Metepec, est\u00e1n siendo rehabilitadas a fin de contar con estructuras arquitect\u00f3nicas tradicionales que refuerzan la identidad del Pueblo M\u00e1gico.<\/p>\n<p>Paralelo a estas obras, el gobierno que encabeza el presidente municipal, David L\u00f3pez C\u00e1rdenas, realiza trabajos de pavimentaci\u00f3n con concreto hidr\u00e1ulico estampado en tramos de las calles Pedro Ascencio e Ignacio Allende, tambi\u00e9n en el centro de la ciudad.<\/p>\n<p>&nbsp;<\/p>\n<p>&nbsp;<\/p>\n","protected":false},"excerpt":{"rendered":"<p>Con recursos financieros provenientes del gobierno federal, m\u00e1s de 300 fachadas de las calles que conforman el primer cuadro de Metepec, est\u00e1n siendo rehabilitadas a fin de contar con estructuras arquitect\u00f3nicas tradicionales que refuerzan la identidad del Pueblo M\u00e1gico.<\/p>\n","protected":false},"author":3,"featured_media":395899,"comment_status":"open","ping_status":"open","sticky":false,"template":"","format":"standard","meta":{"_monsterinsights_skip_tracking":false,"_monsterinsights_sitenote_active":false,"_monsterinsights_sitenote_note":"","_monsterinsights_sitenote_category":0,"footnotes":""},"categories":[35155],"tags":[43675,513,876,70557],"class_list":["post-395837","post","type-post","status-publish","format-standard","has-post-thumbnail","hentry","category-estado-de-mexico-estado-de-mexico","tag-estado-de-mexico","tag-imagen","tag-metepec","tag-urbana"],"_links":{"self":[{"href":"https:\/\/www.diarioimagen.net\/index.php?rest_route=\/wp\/v2\/posts\/395837","targetHints":{"allow":["GET"]}}],"collection":[{"href":"https:\/\/www.diarioimagen.net\/index.php?rest_route=\/wp\/v2\/posts"}],"about":[{"href":"https:\/\/www.diarioimagen.net\/index.php?rest_route=\/wp\/v2\/types\/post"}],"author":[{"embeddable":true,"href":"https:\/\/www.diarioimagen.net\/index.php?rest_route=\/wp\/v2\/users\/3"}],"replies":[{"embeddable":true,"href":"https:\/\/www.diarioimagen.net\/index.php?rest_route=%2Fwp%2Fv2%2Fcomments&post=395837"}],"version-history":[{"count":0,"href":"https:\/\/www.diarioimagen.net\/index.php?rest_route=\/wp\/v2\/posts\/395837\/revisions"}],"wp:featuredmedia":[{"embeddable":true,"href":"https:\/\/www.diarioimagen.net\/index.php?rest_route=\/wp\/v2\/media\/395899"}],"wp:attachment":[{"href":"https:\/\/www.diarioimagen.net\/index.php?rest_route=%2Fwp%2Fv2%2Fmedia&parent=395837"}],"wp:term":[{"taxonomy":"category","embeddable":true,"href":"https:\/\/www.diarioimagen.net\/index.php?rest_route=%2Fwp%2Fv2%2Fcategories&post=395837"},{"taxonomy":"post_tag","embeddable":true,"href":"https:\/\/www.diarioimagen.net\/index.php?rest_route=%2Fwp%2Fv2%2Ftags&post=395837"}],"curies":[{"name":"wp","href":"https:\/\/api.w.org\/{rel}","templated":true}]}}