{"id":395851,"date":"2018-09-21T00:07:21","date_gmt":"2018-09-21T05:07:21","guid":{"rendered":"https:\/\/www.diarioimagen.net\/?p=395851"},"modified":"2018-09-21T05:12:07","modified_gmt":"2018-09-21T10:12:07","slug":"la-alcaldesa-guadalupe-fernandez-atestigua-entrega-de-apoyos-alimentarios","status":"publish","type":"post","link":"https:\/\/www.diarioimagen.net\/?p=395851","title":{"rendered":"La alcaldesa Guadalupe Fern\u00e1ndez atestigua entrega de apoyos alimentarios"},"content":{"rendered":"<ul>\n<li><strong><em>En la Regi\u00f3n XVIII<\/em><\/strong><\/li>\n<\/ul>\n<p>&nbsp;<\/p>\n<div id=\"attachment_395908\" style=\"width: 470px\" class=\"wp-caption aligncenter\"><a href=\"https:\/\/www.diarioimagen.net\/?attachment_id=395908\" rel=\"attachment wp-att-395908\"><img loading=\"lazy\" decoding=\"async\" aria-describedby=\"caption-attachment-395908\" class=\"size-large wp-image-395908\" src=\"https:\/\/www.diarioimagen.net\/wp-content\/uploads\/2018\/09\/CUAUTITLAN-3460-460x259.jpg\" alt=\"\" width=\"460\" height=\"259\" srcset=\"https:\/\/www.diarioimagen.net\/wp-content\/uploads\/2018\/09\/CUAUTITLAN-3460-460x259.jpg 460w, https:\/\/www.diarioimagen.net\/wp-content\/uploads\/2018\/09\/CUAUTITLAN-3460-240x135.jpg 240w, https:\/\/www.diarioimagen.net\/wp-content\/uploads\/2018\/09\/CUAUTITLAN-3460-235x132.jpg 235w, https:\/\/www.diarioimagen.net\/wp-content\/uploads\/2018\/09\/CUAUTITLAN-3460-202x114.jpg 202w, https:\/\/www.diarioimagen.net\/wp-content\/uploads\/2018\/09\/CUAUTITLAN-3460-350x196.jpg 350w, https:\/\/www.diarioimagen.net\/wp-content\/uploads\/2018\/09\/CUAUTITLAN-3460-220x123.jpg 220w, https:\/\/www.diarioimagen.net\/wp-content\/uploads\/2018\/09\/CUAUTITLAN-3460-237x132.jpg 237w, https:\/\/www.diarioimagen.net\/wp-content\/uploads\/2018\/09\/CUAUTITLAN-3460.jpg 480w\" sizes=\"auto, (max-width: 460px) 100vw, 460px\" \/><\/a><p id=\"caption-attachment-395908\" class=\"wp-caption-text\">La alcaldesa, Ma. Guadalupe Fern\u00e1ndez S\u00e1nchez, acompa\u00f1\u00f3 a la subsecretaria de Desarrollo Regional Valle de M\u00e9xico Zona Nororiente, en la entrega de apoyos alimentarios.<\/p><\/div>\n<p>&nbsp;<\/p>\n<p><strong>Cuautitl\u00e1n, Estado de M\u00e9xico<\/strong>.- En el gimnasio municipal \u201cBenito Ju\u00e1rez\u201d, la presidenta municipal, Ma. Guadalupe Fern\u00e1ndez S\u00e1nchez, acompa\u00f1\u00f3 a la subsecretaria de Desarrollo Regional Valle de M\u00e9xico Zona Nororiente, quien presidi\u00f3 la entrega de apoyos alimentarios a las beneficiarias de estos padrones en la regi\u00f3n XVIII Tultitl\u00e1n, este programa tiene como firme objetivo brindar un respaldo a la sociedad, enfocados a reducir el \u00edndice de marginaci\u00f3n en todo el estado.<\/p>\n<p>La presidenta Lupita Fern\u00e1ndez, se\u00f1alo que las mujeres son los pilares del hogar y son las que buscan siempre un apoyo, para llevar a casa un extra, puntualizo que el gobernador Alfredo del Mazo Maza, a trav\u00e9s de este programa de \u201cfamilias fuertes\u201d, buscan de manera son integral fortalecer el seno familiar comenzando con lo b\u00e1sico, que es una buena alimentaci\u00f3n.<\/p>\n<p>En su oportunidad Karla Aguilar Talavera, se\u00f1alo que el gobierno del estado tiene una nueva forma de hacer el trabajo social, ya que el trabajo que se realiza siempre, est\u00e1 vinculado con las mujeres, y agradeci\u00f3 la representaci\u00f3n de las mujeres de la regi\u00f3n en este evento y refrendo el compromiso del gobernador con cada una, ya que el trabajo que cada una realiza en sus trincheras mejora la calidad de vida de la familias del estado.<\/p>\n","protected":false},"excerpt":{"rendered":"<p>En el gimnasio municipal \u201cBenito Ju\u00e1rez\u201d, la presidenta municipal, Ma. Guadalupe Fern\u00e1ndez S\u00e1nchez, acompa\u00f1\u00f3 a la subsecretaria de Desarrollo Regional Valle de M\u00e9xico Zona Nororiente, quien presidi\u00f3 la entrega de apoyos alimentarios a las beneficiarias de estos padrones en la regi\u00f3n XVIII Tultitl\u00e1n, este programa tiene como firme objetivo brindar un respaldo a la sociedad, enfocados a reducir el \u00edndice de marginaci\u00f3n en todo el estado.<\/p>\n","protected":false},"author":3,"featured_media":395908,"comment_status":"open","ping_status":"open","sticky":false,"template":"","format":"standard","meta":{"_monsterinsights_skip_tracking":false,"_monsterinsights_sitenote_active":false,"_monsterinsights_sitenote_note":"","_monsterinsights_sitenote_category":0,"footnotes":""},"categories":[35155],"tags":[681,43675,66685],"class_list":["post-395851","post","type-post","status-publish","format-standard","has-post-thumbnail","hentry","category-estado-de-mexico-estado-de-mexico","tag-cuautitlan","tag-estado-de-mexico","tag-ma-guadalupe-fernandez-sanchez"],"_links":{"self":[{"href":"https:\/\/www.diarioimagen.net\/index.php?rest_route=\/wp\/v2\/posts\/395851","targetHints":{"allow":["GET"]}}],"collection":[{"href":"https:\/\/www.diarioimagen.net\/index.php?rest_route=\/wp\/v2\/posts"}],"about":[{"href":"https:\/\/www.diarioimagen.net\/index.php?rest_route=\/wp\/v2\/types\/post"}],"author":[{"embeddable":true,"href":"https:\/\/www.diarioimagen.net\/index.php?rest_route=\/wp\/v2\/users\/3"}],"replies":[{"embeddable":true,"href":"https:\/\/www.diarioimagen.net\/index.php?rest_route=%2Fwp%2Fv2%2Fcomments&post=395851"}],"version-history":[{"count":0,"href":"https:\/\/www.diarioimagen.net\/index.php?rest_route=\/wp\/v2\/posts\/395851\/revisions"}],"wp:featuredmedia":[{"embeddable":true,"href":"https:\/\/www.diarioimagen.net\/index.php?rest_route=\/wp\/v2\/media\/395908"}],"wp:attachment":[{"href":"https:\/\/www.diarioimagen.net\/index.php?rest_route=%2Fwp%2Fv2%2Fmedia&parent=395851"}],"wp:term":[{"taxonomy":"category","embeddable":true,"href":"https:\/\/www.diarioimagen.net\/index.php?rest_route=%2Fwp%2Fv2%2Fcategories&post=395851"},{"taxonomy":"post_tag","embeddable":true,"href":"https:\/\/www.diarioimagen.net\/index.php?rest_route=%2Fwp%2Fv2%2Ftags&post=395851"}],"curies":[{"name":"wp","href":"https:\/\/api.w.org\/{rel}","templated":true}]}}