{"id":395852,"date":"2018-09-21T00:06:00","date_gmt":"2018-09-21T05:06:00","guid":{"rendered":"https:\/\/www.diarioimagen.net\/?p=395852"},"modified":"2018-09-21T06:45:52","modified_gmt":"2018-09-21T11:45:52","slug":"inauguraron-el-arco-techo-en-la-escuela-primaria-reforma-en-la-colonia-lecheria","status":"publish","type":"post","link":"https:\/\/www.diarioimagen.net\/?p=395852","title":{"rendered":"Inauguraron el arco techo en la escuela primaria Reforma en la colonia Lecher\u00eda"},"content":{"rendered":"<ul>\n<li><strong><em>En Tultitl\u00e1n, m\u00e1s inversi\u00f3n en educaci\u00f3n<\/em><\/strong><\/li>\n<\/ul>\n<p>&nbsp;<\/p>\n<div id=\"attachment_395929\" style=\"width: 470px\" class=\"wp-caption aligncenter\"><a href=\"https:\/\/www.diarioimagen.net\/?attachment_id=395929\" rel=\"attachment wp-att-395929\"><img loading=\"lazy\" decoding=\"async\" aria-describedby=\"caption-attachment-395929\" class=\"size-large wp-image-395929\" src=\"https:\/\/www.diarioimagen.net\/wp-content\/uploads\/2018\/09\/TULTITLAN-3460-460x259.jpg\" alt=\"\" width=\"460\" height=\"259\" srcset=\"https:\/\/www.diarioimagen.net\/wp-content\/uploads\/2018\/09\/TULTITLAN-3460-460x259.jpg 460w, https:\/\/www.diarioimagen.net\/wp-content\/uploads\/2018\/09\/TULTITLAN-3460-240x135.jpg 240w, https:\/\/www.diarioimagen.net\/wp-content\/uploads\/2018\/09\/TULTITLAN-3460-235x132.jpg 235w, https:\/\/www.diarioimagen.net\/wp-content\/uploads\/2018\/09\/TULTITLAN-3460-202x114.jpg 202w, https:\/\/www.diarioimagen.net\/wp-content\/uploads\/2018\/09\/TULTITLAN-3460-350x196.jpg 350w, https:\/\/www.diarioimagen.net\/wp-content\/uploads\/2018\/09\/TULTITLAN-3460-220x123.jpg 220w, https:\/\/www.diarioimagen.net\/wp-content\/uploads\/2018\/09\/TULTITLAN-3460-237x132.jpg 237w, https:\/\/www.diarioimagen.net\/wp-content\/uploads\/2018\/09\/TULTITLAN-3460.jpg 480w\" sizes=\"auto, (max-width: 460px) 100vw, 460px\" \/><\/a><p id=\"caption-attachment-395929\" class=\"wp-caption-text\">Durante su visita a la primaria \u201cReforma\u201d, el secretario de Ayuntamiento, Marco Antonio Calzada Z\u00fa\u00f1iga, destac\u00f3\u00a0 la inversi\u00f3n en educaci\u00f3n que se ha realizado durante esta administraci\u00f3n.<\/p><\/div>\n<p>&nbsp;<\/p>\n<p><strong>Tultitl\u00e1n, Estado de M\u00e9xico<\/strong>.- Con la finalidad de elevar la calidad educativa el gobierno municipal encabezado por Ad\u00e1n Barr\u00f3n Elizalde en amplia colaboraci\u00f3n con la direcci\u00f3n general de obras p\u00fablicas, inauguraron el arco techo en la escuela primaria \u201cReforma\u201d ubicada en la colonia Lecher\u00eda, al sur de la demarcaci\u00f3n.<\/p>\n<p>En representaci\u00f3n del Ejecutivo local, el secretario del ayuntamiento Marco Antonio Calzada Z\u00fa\u00f1iga, coment\u00f3 que con esta obra se beneficia a 291 alumnos, tendr\u00e1n condiciones favorables, que los protegen de las inclemencias del tiempo y los impulsan a realizar mayor actividad f\u00edsica.<\/p>\n<p>La directora del plantel, Salvadora Reyes agradeci\u00f3 al alcalde Ad\u00e1n Barr\u00f3n Elizalde\u00a0 la ejecuci\u00f3n del arco techo, \u201cen nombre de esta comunidad educativa le agradecemos la construcci\u00f3n de este arco techo y a su administraci\u00f3n por habernos tomado en cuenta para beneficiarnos\u201c, resalt\u00f3 la profesora.<\/p>\n<p>El funcionario local record\u00f3 que otras escuelas de Tultitl\u00e1n se ver\u00e1n beneficiadas con arco techos, mismas obras que ya recibieron planteles de la colonia y se estar\u00e1 trabajando hasta el \u00faltimo dia de gesti\u00f3n y gracias a las gestiones que se han llevado a cabo en diferentes zonas de la demarcaci\u00f3n hemos logrado mas de 25 arco techos ,<\/p>\n<p>Por otra parte, la alumna Melany Michelle Granados de 6\u00b0 grado, en representaci\u00f3n de sus compa\u00f1eros, expres\u00f3 su agradecimiento, afirmando que en todo momento aprovechar\u00e1n esta obra para interactuar y convivir.<\/p>\n<p>Para finalizar la inauguraci\u00f3n\u00a0 del arco techo se llev\u00f3 acabo la develaci\u00f3n de la placa conmemorativa en compa\u00f1\u00eda de\u00a0 directivos del gabinete municipal a la entrega de dicha obra que dignifica la estad\u00eda de los colegiales en un sitio que constituye su segunda casa.<\/p>\n","protected":false},"excerpt":{"rendered":"<p>Con la finalidad de elevar la calidad educativa el gobierno municipal encabezado por Ad\u00e1n Barr\u00f3n Elizalde en amplia colaboraci\u00f3n con la direcci\u00f3n general de obras p\u00fablicas, inauguraron el arco techo en la escuela primaria \u201cReforma\u201d ubicada en la colonia Lecher\u00eda, al sur de la demarcaci\u00f3n.<\/p>\n","protected":false},"author":3,"featured_media":395929,"comment_status":"open","ping_status":"open","sticky":false,"template":"","format":"standard","meta":{"_monsterinsights_skip_tracking":false,"_monsterinsights_sitenote_active":false,"_monsterinsights_sitenote_note":"","_monsterinsights_sitenote_category":0,"footnotes":""},"categories":[35155],"tags":[43675,78425,1246,578],"class_list":["post-395852","post","type-post","status-publish","format-standard","has-post-thumbnail","hentry","category-estado-de-mexico-estado-de-mexico","tag-estado-de-mexico","tag-lecheria","tag-reforma","tag-tultitlan"],"_links":{"self":[{"href":"https:\/\/www.diarioimagen.net\/index.php?rest_route=\/wp\/v2\/posts\/395852","targetHints":{"allow":["GET"]}}],"collection":[{"href":"https:\/\/www.diarioimagen.net\/index.php?rest_route=\/wp\/v2\/posts"}],"about":[{"href":"https:\/\/www.diarioimagen.net\/index.php?rest_route=\/wp\/v2\/types\/post"}],"author":[{"embeddable":true,"href":"https:\/\/www.diarioimagen.net\/index.php?rest_route=\/wp\/v2\/users\/3"}],"replies":[{"embeddable":true,"href":"https:\/\/www.diarioimagen.net\/index.php?rest_route=%2Fwp%2Fv2%2Fcomments&post=395852"}],"version-history":[{"count":0,"href":"https:\/\/www.diarioimagen.net\/index.php?rest_route=\/wp\/v2\/posts\/395852\/revisions"}],"wp:featuredmedia":[{"embeddable":true,"href":"https:\/\/www.diarioimagen.net\/index.php?rest_route=\/wp\/v2\/media\/395929"}],"wp:attachment":[{"href":"https:\/\/www.diarioimagen.net\/index.php?rest_route=%2Fwp%2Fv2%2Fmedia&parent=395852"}],"wp:term":[{"taxonomy":"category","embeddable":true,"href":"https:\/\/www.diarioimagen.net\/index.php?rest_route=%2Fwp%2Fv2%2Fcategories&post=395852"},{"taxonomy":"post_tag","embeddable":true,"href":"https:\/\/www.diarioimagen.net\/index.php?rest_route=%2Fwp%2Fv2%2Ftags&post=395852"}],"curies":[{"name":"wp","href":"https:\/\/api.w.org\/{rel}","templated":true}]}}