{"id":396031,"date":"2018-09-24T00:07:28","date_gmt":"2018-09-24T05:07:28","guid":{"rendered":"https:\/\/www.diarioimagen.net\/?p=396031"},"modified":"2018-09-25T00:01:00","modified_gmt":"2018-09-25T05:01:00","slug":"pena-nieto-asistira-a-la-asamblea-de-la-onu","status":"publish","type":"post","link":"https:\/\/www.diarioimagen.net\/?p=396031","title":{"rendered":"Pe\u00f1a Nieto asistir\u00e1 a la Asamblea de la ONU"},"content":{"rendered":"<ul>\n<li><em><strong>Cuarta y \u00faltima participaci\u00f3n<\/strong><\/em><\/li>\n<li><em><strong>El encuentro reunir\u00e1 a m\u00e1s de 120 jefes de Estado y de Gobierno<\/strong><\/em><\/li>\n<\/ul>\n<p>&nbsp;<\/p>\n<div id=\"attachment_396089\" style=\"width: 470px\" class=\"wp-caption aligncenter\"><a href=\"https:\/\/www.diarioimagen.net\/?attachment_id=396089\" rel=\"attachment wp-att-396089\"><img loading=\"lazy\" decoding=\"async\" aria-describedby=\"caption-attachment-396089\" class=\"size-large wp-image-396089\" src=\"https:\/\/www.diarioimagen.net\/wp-content\/uploads\/2018\/09\/epn-3461-460x259.jpg\" alt=\"\" width=\"460\" height=\"259\" srcset=\"https:\/\/www.diarioimagen.net\/wp-content\/uploads\/2018\/09\/epn-3461-460x259.jpg 460w, https:\/\/www.diarioimagen.net\/wp-content\/uploads\/2018\/09\/epn-3461-240x135.jpg 240w, https:\/\/www.diarioimagen.net\/wp-content\/uploads\/2018\/09\/epn-3461-235x132.jpg 235w, https:\/\/www.diarioimagen.net\/wp-content\/uploads\/2018\/09\/epn-3461-202x114.jpg 202w, https:\/\/www.diarioimagen.net\/wp-content\/uploads\/2018\/09\/epn-3461-350x196.jpg 350w, https:\/\/www.diarioimagen.net\/wp-content\/uploads\/2018\/09\/epn-3461-220x123.jpg 220w, https:\/\/www.diarioimagen.net\/wp-content\/uploads\/2018\/09\/epn-3461-237x132.jpg 237w, https:\/\/www.diarioimagen.net\/wp-content\/uploads\/2018\/09\/epn-3461.jpg 480w\" sizes=\"auto, (max-width: 460px) 100vw, 460px\" \/><\/a><p id=\"caption-attachment-396089\" class=\"wp-caption-text\">Enrique Pe\u00f1a Nieto asistir\u00e1 esta semana a su cuarta y \u00faltima participaci\u00f3n al frente del gobierno de M\u00e9xico ante el plenario de la Asamblea General de ONU.<\/p><\/div>\n<p>&nbsp;<\/p>\n<p>El presidente Enrique Pe\u00f1a Nieto asistir\u00e1 esta semana a su cuarta y \u00faltima participaci\u00f3n al frente del gobierno de M\u00e9xico ante el plenario de la Asamblea General de Naciones Unidas (ONU), en Nueva York, que reunir\u00e1 a m\u00e1s de 120 jefes de Estado y de Gobierno.<\/p>\n<p>Pe\u00f1a Nieto, quien arrib\u00f3 a la ciudad de Nueva York ayer por la noche, participar\u00e1 en el quinto lugar en la lista de oradores de la ONU el d\u00eda inaugural del plenario, el martes 25 de septiembre, una vez que el presidente Donald Trump haya tomado el podio.<\/p>\n<p>El presidente intervendr\u00e1 luego de que cancelara el a\u00f1o pasado su visita debido a la serie de terremotos ocurridos en M\u00e9xico en septiembre. Asimismo, Pe\u00f1a Nieto cancel\u00f3 su participaci\u00f3n en 2013 debido a las inundaciones sucedidas en el estado de Tabasco.<\/p>\n<p>En su m\u00e1s reciente intervenci\u00f3n, en el a\u00f1o 2016, Pe\u00f1a Nieto se pronunci\u00f3 por impulsar de manera decidida la recientemente adoptada agenda para el desarrollo rumbo al a\u00f1o 2030, conocida como Objetivos de Desarrollo Sostenibles.<\/p>\n<p>Un a\u00f1o antes, el mandatario mexicano hab\u00eda propuesto que la comunidad internacional adoptara un enfoque m\u00e1s justo y m\u00e1s humano en torno al fen\u00f3meno de las drogas.<\/p>\n<p>Para este a\u00f1o, Pe\u00f1a Nieto se presentar\u00e1 ante el m\u00e1ximo foro de la diplomacia luego de que M\u00e9xico impulsara en el marco de la ONU la aprobaci\u00f3n del Pacto Mundial para la Migraci\u00f3n, que es el primer marco global para regular los flujos internacionales de personas en el mundo.<\/p>\n<p>Es probable que, en un entorno mundial en que ha aumentado la xenofobia, Pe\u00f1a Nieto dedique parte de su alocuci\u00f3n a defender la migraci\u00f3n como un fen\u00f3meno inevitable que m\u00e1s vale regular, tal como asienta el Pacto Mundial para la Migraci\u00f3n.<\/p>\n<p>En la ONU, Pe\u00f1a Nieto adem\u00e1s develar\u00e1 de manera oficial el cuadro mural titulado \u201cAgenda 2030\u201d, creado por el pintor mexicano Manuel Felg\u00faerez, y que el gobierno mexicano obsequi\u00f3 a la sede de Naciones Unidas.<\/p>\n<p>De acuerdo con la ONU, el secretario general de este organismo internacional, Antonio Guterres, estar\u00e1 presente en la ceremonia de develaci\u00f3n de la obra, la segunda que obsequia el gobierno mexicano a la sede de Naciones Unidas, luego del mural \u201cFraternidad\u201d de Rufino Tamayo.<\/p>\n<p>Asimismo, en el marco de la ONU, Pe\u00f1a Nieto participar\u00e1 el lunes 24 de septiembre en el panel de alto nivel para construir una econom\u00eda oce\u00e1nica sostenible, un acto organizado en el Museo de Arte Moderno de Nueva York (MoMA).<\/p>\n<p>Se espera adem\u00e1s que Pe\u00f1a Nieto sostenga varias reuniones bilaterales con otros jefes de Estado y con l\u00edderes de diversas agencias del sistema de la ONU, aunque esa porci\u00f3n de la agenda no ha sido publicada.<\/p>\n<p>Hasta el momento, sin embargo, no hay anuncios de un posible encuentro con el presidente Trump, seg\u00fan el programa de reuniones bilaterales anunciadas para el mandatario estadunidenses por la Misi\u00f3n de Estados Unidos ante la ONU.<\/p>\n<p>Pe\u00f1a Nieto adem\u00e1s intervendr\u00e1 en la Cumbre del Foro Econ\u00f3mico Mundial (WEF) en un panel sobre el impacto del desarrollo sostenible, en donde abordar\u00e1 las acciones de M\u00e9xico para alcanzar los objetivos de la agenda 2030.<\/p>\n<p>El mi\u00e9rcoles, fuera de los trabajo de la Asamblea General, Pe\u00f1a Nieto asistir\u00e1 al Foro Global de Negocios Bloomberg, as\u00ed como a la Segunda Cumbre One Planet, auspiciada por el presidente franc\u00e9s Emmanuel Macron.<\/p>\n<p>De acuerdo con un comunicado de la Secretar\u00eda de Relaciones Exteriores (SRE), el presidente estar\u00e1 acompa\u00f1ado por una comitiva encabezada por los titulares de las carteras de Relaciones Exteriores y de Econom\u00eda, Luis Videgaray Caso e Ildefonso Guajardo Villarreal, respectivamente.<\/p>\n<p>El presidente regresar\u00e1 a M\u00e9xico el mi\u00e9rcoles 26 de septiembre, de acuerdo con la SRE.<\/p>\n","protected":false},"excerpt":{"rendered":"<p>El presidente Enrique Pe\u00f1a Nieto asistir\u00e1 esta semana a su cuarta y \u00faltima participaci\u00f3n al frente del gobierno de M\u00e9xico ante el plenario de la Asamblea General de Naciones Unidas (ONU), en Nueva York, que reunir\u00e1 a m\u00e1s de 120 jefes de Estado y de Gobierno.<\/p>\n","protected":false},"author":3,"featured_media":396089,"comment_status":"open","ping_status":"open","sticky":false,"template":"","format":"standard","meta":{"_monsterinsights_skip_tracking":false,"_monsterinsights_sitenote_active":false,"_monsterinsights_sitenote_note":"","_monsterinsights_sitenote_category":0,"footnotes":""},"categories":[3],"tags":[43673,78469,617],"class_list":["post-396031","post","type-post","status-publish","format-standard","has-post-thumbnail","hentry","category-nacional","tag-nacional","tag-objetivos-de-desarrollo-sostenibles","tag-onu"],"_links":{"self":[{"href":"https:\/\/www.diarioimagen.net\/index.php?rest_route=\/wp\/v2\/posts\/396031","targetHints":{"allow":["GET"]}}],"collection":[{"href":"https:\/\/www.diarioimagen.net\/index.php?rest_route=\/wp\/v2\/posts"}],"about":[{"href":"https:\/\/www.diarioimagen.net\/index.php?rest_route=\/wp\/v2\/types\/post"}],"author":[{"embeddable":true,"href":"https:\/\/www.diarioimagen.net\/index.php?rest_route=\/wp\/v2\/users\/3"}],"replies":[{"embeddable":true,"href":"https:\/\/www.diarioimagen.net\/index.php?rest_route=%2Fwp%2Fv2%2Fcomments&post=396031"}],"version-history":[{"count":0,"href":"https:\/\/www.diarioimagen.net\/index.php?rest_route=\/wp\/v2\/posts\/396031\/revisions"}],"wp:featuredmedia":[{"embeddable":true,"href":"https:\/\/www.diarioimagen.net\/index.php?rest_route=\/wp\/v2\/media\/396089"}],"wp:attachment":[{"href":"https:\/\/www.diarioimagen.net\/index.php?rest_route=%2Fwp%2Fv2%2Fmedia&parent=396031"}],"wp:term":[{"taxonomy":"category","embeddable":true,"href":"https:\/\/www.diarioimagen.net\/index.php?rest_route=%2Fwp%2Fv2%2Fcategories&post=396031"},{"taxonomy":"post_tag","embeddable":true,"href":"https:\/\/www.diarioimagen.net\/index.php?rest_route=%2Fwp%2Fv2%2Ftags&post=396031"}],"curies":[{"name":"wp","href":"https:\/\/api.w.org\/{rel}","templated":true}]}}