{"id":396143,"date":"2018-09-25T00:08:24","date_gmt":"2018-09-25T05:08:24","guid":{"rendered":"https:\/\/www.diarioimagen.net\/?p=396143"},"modified":"2018-09-26T01:28:34","modified_gmt":"2018-09-26T06:28:34","slug":"convenio-entre-obra-publica-y-cruz-roja-para-capacitar-a-elementos-del-grupo-tlaloc","status":"publish","type":"post","link":"https:\/\/www.diarioimagen.net\/?p=396143","title":{"rendered":"Dar\u00e1n mayor capacitaci\u00f3n a elementos del Grupo Tl\u00e1loc"},"content":{"rendered":"<ul>\n<li><em><strong>Reforzar\u00e1n capacidades de reacci\u00f3n<\/strong><\/em><\/li>\n<li><em><strong>Convenio entre la Secretar\u00eda de Obra P\u00fablica y Cruz Roja<\/strong><\/em><\/li>\n<\/ul>\n<p>&nbsp;<\/p>\n<div id=\"attachment_396144\" style=\"width: 470px\" class=\"wp-caption aligncenter\"><img loading=\"lazy\" decoding=\"async\" aria-describedby=\"caption-attachment-396144\" class=\"wp-image-396144 size-large\" src=\"https:\/\/www.diarioimagen.net\/wp-content\/uploads\/2018\/09\/CONVENIO25-portal-460x268.jpg\" alt=\"\" width=\"460\" height=\"268\" srcset=\"https:\/\/www.diarioimagen.net\/wp-content\/uploads\/2018\/09\/CONVENIO25-portal-460x268.jpg 460w, https:\/\/www.diarioimagen.net\/wp-content\/uploads\/2018\/09\/CONVENIO25-portal-240x140.jpg 240w, https:\/\/www.diarioimagen.net\/wp-content\/uploads\/2018\/09\/CONVENIO25-portal.jpg 480w\" sizes=\"auto, (max-width: 460px) 100vw, 460px\" \/><p id=\"caption-attachment-396144\" class=\"wp-caption-text\">Se firm\u00f3 un convenio de colaboraci\u00f3n para que los elementos del Grupo Tl\u00e1loc cuenten con m\u00e1s herramientas y refuercen sus capacidades de reacci\u00f3n.<\/p><\/div>\n<p>&nbsp;<\/p>\n<p><strong>Toluca, Estado de M\u00e9xico<\/strong>.- Para reforzar las capacidades de atenci\u00f3n inmediata a los mexiquenses durante una contingencia por lluvia, Rafael D\u00edaz Leal Barrueta, secretario de Obra P\u00fablica y Jorge Alberto Forastieri Mu\u00f1oz, delegado de la Cruz Roja Mexicana en el Estado de M\u00e9xico, firmaron un convenio de colaboraci\u00f3n especializado para que los elementos del Grupo Tl\u00e1loc cuenten con m\u00e1s herramientas y refuercen sus capacidades de reacci\u00f3n.<\/p>\n<p>En el Centro de Capacitaci\u00f3n y Adiestramiento (CENCAD) de la delegaci\u00f3n estatal de la Cruz Roja, el secretario D\u00edaz Leal Barrueta destac\u00f3 que durante una contingencia por lluvia, la mayor\u00eda de las veces el primero en llegar es el Grupo Tl\u00e1loc, por ello, la importancia de que est\u00e9n capacitados en primeros auxilios.<\/p>\n<p>Subray\u00f3 que adem\u00e1s de mejorar las condiciones laborales y propiciar el crecimiento personal de los integrantes del Grupo Tl\u00e1loc, la instrucci\u00f3n del gobernador Alfredo Del Mazo Maza es darles, durante la presente administraci\u00f3n, mayores herramientas y mejor equipamiento, para que la poblaci\u00f3n mantenga en ellos su confianza.<\/p>\n<p>Esta coordinaci\u00f3n interinstitucional dar\u00e1 inici\u00f3 con el curso \u201cPrimer Respondiente\u201d, con el cual los servidores p\u00fablicos especialistas en infraestructura hidr\u00e1ulica, recibir\u00e1n de parte de la Cruz Roja un entrenamiento en primeros auxilios.<\/p>\n<p>Al agradecer el apoyo de la Cruz Roja, Rafael D\u00edaz refrend\u00f3 su compromiso de colaboraci\u00f3n con la Cruz Roja para que los integrantes del Grupo Tl\u00e1loc actualicen y refuercen sus conocimientos en atenci\u00f3n primaria a la salud, para cumplir con m\u00e1s profesionalismo una de sus misiones, salvaguardar la seguridad de los ciudadanos durante una contingencia por lluvia.<\/p>\n<p>Al finalizar el taller de 16 horas, en las cuales recibir\u00e1n 20 por ciento de teor\u00eda y 80 por ciento de pr\u00e1ctica, ser\u00e1n evaluados y recibir\u00e1n una constancia por parte de la Cruz Roja.<\/p>\n","protected":false},"excerpt":{"rendered":"<p>Para reforzar las capacidades de atenci\u00f3n inmediata a los mexiquenses durante una contingencia por lluvia, Rafael D\u00edaz Leal Barrueta, secretario de Obra P\u00fablica y Jorge Alberto Forastieri Mu\u00f1oz, delegado de la Cruz Roja Mexicana en el Estado de M\u00e9xico, firmaron un convenio de colaboraci\u00f3n especializado para que los elementos del Grupo Tl\u00e1loc cuenten con m\u00e1s herramientas y refuercen sus capacidades de reacci\u00f3n.<\/p>\n","protected":false},"author":5,"featured_media":396144,"comment_status":"open","ping_status":"open","sticky":false,"template":"","format":"standard","meta":{"_monsterinsights_skip_tracking":false,"_monsterinsights_sitenote_active":false,"_monsterinsights_sitenote_note":"","_monsterinsights_sitenote_category":0,"footnotes":""},"categories":[5],"tags":[78473,919,43675,9492,78474,452],"class_list":["post-396143","post","type-post","status-publish","format-standard","has-post-thumbnail","hentry","category-estado-de-mexico","tag-convenio-entre-obra-publica","tag-cruz-roja","tag-estado-de-mexico","tag-grupo-tlaloc","tag-jorge-alberto-forastieri-munoz","tag-toluca"],"_links":{"self":[{"href":"https:\/\/www.diarioimagen.net\/index.php?rest_route=\/wp\/v2\/posts\/396143","targetHints":{"allow":["GET"]}}],"collection":[{"href":"https:\/\/www.diarioimagen.net\/index.php?rest_route=\/wp\/v2\/posts"}],"about":[{"href":"https:\/\/www.diarioimagen.net\/index.php?rest_route=\/wp\/v2\/types\/post"}],"author":[{"embeddable":true,"href":"https:\/\/www.diarioimagen.net\/index.php?rest_route=\/wp\/v2\/users\/5"}],"replies":[{"embeddable":true,"href":"https:\/\/www.diarioimagen.net\/index.php?rest_route=%2Fwp%2Fv2%2Fcomments&post=396143"}],"version-history":[{"count":0,"href":"https:\/\/www.diarioimagen.net\/index.php?rest_route=\/wp\/v2\/posts\/396143\/revisions"}],"wp:featuredmedia":[{"embeddable":true,"href":"https:\/\/www.diarioimagen.net\/index.php?rest_route=\/wp\/v2\/media\/396144"}],"wp:attachment":[{"href":"https:\/\/www.diarioimagen.net\/index.php?rest_route=%2Fwp%2Fv2%2Fmedia&parent=396143"}],"wp:term":[{"taxonomy":"category","embeddable":true,"href":"https:\/\/www.diarioimagen.net\/index.php?rest_route=%2Fwp%2Fv2%2Fcategories&post=396143"},{"taxonomy":"post_tag","embeddable":true,"href":"https:\/\/www.diarioimagen.net\/index.php?rest_route=%2Fwp%2Fv2%2Ftags&post=396143"}],"curies":[{"name":"wp","href":"https:\/\/api.w.org\/{rel}","templated":true}]}}