{"id":396161,"date":"2018-09-25T00:02:43","date_gmt":"2018-09-25T05:02:43","guid":{"rendered":"https:\/\/www.diarioimagen.net\/?p=396161"},"modified":"2018-09-26T01:28:28","modified_gmt":"2018-09-26T06:28:28","slug":"matute-anuncia-mancuerna-con-rick-astley","status":"publish","type":"post","link":"https:\/\/www.diarioimagen.net\/?p=396161","title":{"rendered":"Matute anuncia mancuerna con Rick Astley"},"content":{"rendered":"<ul>\n<li><em><strong><sub>La agrupaci\u00f3n se presentar\u00e1 por segunda vez en la Arena Ciudad de M\u00e9xico el pr\u00f3ximo 27 de octubre, mes en el que lanzar\u00e1 Cd+Dvd<\/sub><\/strong><\/em><\/li>\n<\/ul>\n<h6>\u00a0Asael Grande<\/h6>\n<p><em>\u00a0<\/em><\/p>\n<div id=\"attachment_396162\" style=\"width: 470px\" class=\"wp-caption aligncenter\"><img loading=\"lazy\" decoding=\"async\" aria-describedby=\"caption-attachment-396162\" class=\"size-large wp-image-396162\" src=\"https:\/\/www.diarioimagen.net\/wp-content\/uploads\/2018\/09\/matute-PORTAL-460x268.jpg\" alt=\"\" width=\"460\" height=\"268\" srcset=\"https:\/\/www.diarioimagen.net\/wp-content\/uploads\/2018\/09\/matute-PORTAL-460x268.jpg 460w, https:\/\/www.diarioimagen.net\/wp-content\/uploads\/2018\/09\/matute-PORTAL-240x140.jpg 240w, https:\/\/www.diarioimagen.net\/wp-content\/uploads\/2018\/09\/matute-PORTAL.jpg 480w\" sizes=\"auto, (max-width: 460px) 100vw, 460px\" \/><p id=\"caption-attachment-396162\" class=\"wp-caption-text\">Matute ofrecer\u00e1 un sensacional concierto en la Arena Ciudad de M\u00e9xico, donde miles de fans de esta singular banda disfrutar\u00e1n de una fiesta de m\u00fasica, tecnolog\u00eda y nostalgia, que har\u00e1 recordar lo m\u00e1s selecto de la \u00e9poca de los 80\u00b4s. <em>(Foto: Asael Grande)<\/em><\/p><\/div>\n<p>&nbsp;<\/p>\n<p>Jorge, Tana, Pepe, <em>Oso<\/em>, Nacho e Irving, lanzan su sencillo digital \u201cMega Espa\u00f1a Medley\u201d, el cual formar\u00e1 parte del material discogr\u00e1fico Cd+Dvd \u201cEn concierto desde la Arena Ciudad de M\u00e9xico\u201d, que saldr\u00e1 a la venta en el mes de octubre.<\/p>\n<p>Con 11 a\u00f1os de exitosa trayectoria, el grupo se ha consolidado en el gusto del p\u00fablico, mismo que le ha generado dos sold outs en el Auditorio Nacional en s\u00f3lo un a\u00f1o, as\u00ed como el pasado 21 de abril en la Arena Ciudad de M\u00e9xico, donde se presentaron por primera vez con su gira \u201cBoomBOX Tour\u201d, la cual lleva m\u00e1s de 160 conciertos realizados en M\u00e9xico y Centroam\u00e9rica.<\/p>\n<p>\u201cEstuvimos muy emocionados de haber estado ah\u00ed en la Arena Ciudad de M\u00e9xico, ya llevamos casi a\u00f1o y medio con esta gira, tuvimos la oportunidad de presentarla dos veces en el Auditorio Nacional, pero quer\u00edamos grabar la experiencia en un Dvd, y estamos muy agradecidos, porque fue un sue\u00f1o cumplido, nuestra familia ochentera abarrot\u00f3 el lugar, y ahora regresamos con sorpresas muy especiales\u201d, dijo Tana Planter a<strong>DIARIO IMAGEN<\/strong>.<\/p>\n<p>El grupo Matute ofrecer\u00e1 un sensacional concierto en la Arena Ciudad de M\u00e9xico, ser\u00e1 la noche m\u00e1s ochentera del a\u00f1o en este gran recinto capitalino, donde miles de fans de esta singular banda disfrutar\u00e1n de una fiesta de m\u00fasica, tecnolog\u00eda y nostalgia, que har\u00e1 recordar lo m\u00e1s selecto de la \u00e9poca de los 80\u00b4s: \u201cya sali\u00f3 el primer sencillo del Dvd, que se llama \u2018Mega Espa\u00f1a Medley\u2019, y pronto lanzaremos otro sencillo que se titula \u2018Screens n\u2019cumbia\u2019, y cada semana estaremos sacando un sencillo, hasta el 12 de octubre, que ya aparece f\u00edsico en todos lados\u201d, adelant\u00f3 Planter, vocalista de Matute.<\/p>\n<p>Por su parte, Jorge D\u2019Alessio, productor, vocalista y tecladista de Matute, coment\u00f3 a este diario que \u201cMatute seguir\u00e1 creando experiencias retro, para vivir fuera de serie, los integrantes vamos a tener un alter ego en un futuro no muy lejano, con otro nombre, donde van a crear su propia m\u00fasica\u201d.<\/p>\n<p>Tana, Jorge, Nacho, Pepe, <em>Oso<\/em>e Irving nos invitan por segunda ocasi\u00f3n a vivir una experiencia m\u00e1gica y espectacular a trav\u00e9s de grandes temas musicales e impactantes sorpresas, el pr\u00f3ximo 27 de octubre en la Arena Ciudad de M\u00e9xico: \u201cRick Astley estar\u00e1 cantando muy pronto con Matute, hemos hecho una muy buena amistad con gente que maneja este tipo de bandas de los 80s, pero a partir de que hicimos \u2018When in Rome\u2019 en El Plaza Condesa, son ellos mismos que se quieren unir a Matute, por la admiraci\u00f3n que les tenemos\u201d, finaliz\u00f3 Jorge D\u2019Alessio, encargado de llevar la nave ochentera por once a\u00f1os, en honor a la d\u00e9cada de los 80 cuando tuvo su mayor auge, de ah\u00ed que los m\u00fasicos tomaron el nombre del mismo, porque significa una ley ochentera.<\/p>\n<p>Los miembros actuales de grupo Matute, son: Jorge D\u2019Alessio\u2013 productor, vocalista, teclado; Ignacio \u201cNacho\u201d Izeta\u2013guitarra el\u00e9ctrica, vocalista; Pepe S\u00e1nchez\u2013teclado; Irving Regalado \u2013bater\u00eda; Tana Planter\u2013vocalista, oros; Paco <em>El Oso<\/em>Morales\u2013bajista.<\/p>\n","protected":false},"excerpt":{"rendered":"<p>Jorge, Tana, Pepe, Oso, Nacho e Irving, lanzan su sencillo digital \u201cMega Espa\u00f1a Medley\u201d, el cual formar\u00e1 parte del material discogr\u00e1fico Cd+Dvd \u201cEn concierto desde la Arena Ciudad de M\u00e9xico\u201d, que saldr\u00e1 a la venta en el mes de octubre.<\/p>\n","protected":false},"author":5,"featured_media":396162,"comment_status":"open","ping_status":"open","sticky":false,"template":"","format":"standard","meta":{"_monsterinsights_skip_tracking":false,"_monsterinsights_sitenote_active":false,"_monsterinsights_sitenote_note":"","_monsterinsights_sitenote_category":0,"footnotes":""},"categories":[12],"tags":[66954,22194,43682,73231,72784,66303,78485,74268,78483,78484,78486],"class_list":["post-396161","post","type-post","status-publish","format-standard","has-post-thumbnail","hentry","category-espectaculos","tag-27-de-octubre","tag-arena-ciudad-de-mexico","tag-espectaculos","tag-jorge","tag-matute","tag-nacho","tag-oso","tag-pepe","tag-rick-astley","tag-tana","tag-mega-espana-medley"],"_links":{"self":[{"href":"https:\/\/www.diarioimagen.net\/index.php?rest_route=\/wp\/v2\/posts\/396161","targetHints":{"allow":["GET"]}}],"collection":[{"href":"https:\/\/www.diarioimagen.net\/index.php?rest_route=\/wp\/v2\/posts"}],"about":[{"href":"https:\/\/www.diarioimagen.net\/index.php?rest_route=\/wp\/v2\/types\/post"}],"author":[{"embeddable":true,"href":"https:\/\/www.diarioimagen.net\/index.php?rest_route=\/wp\/v2\/users\/5"}],"replies":[{"embeddable":true,"href":"https:\/\/www.diarioimagen.net\/index.php?rest_route=%2Fwp%2Fv2%2Fcomments&post=396161"}],"version-history":[{"count":0,"href":"https:\/\/www.diarioimagen.net\/index.php?rest_route=\/wp\/v2\/posts\/396161\/revisions"}],"wp:featuredmedia":[{"embeddable":true,"href":"https:\/\/www.diarioimagen.net\/index.php?rest_route=\/wp\/v2\/media\/396162"}],"wp:attachment":[{"href":"https:\/\/www.diarioimagen.net\/index.php?rest_route=%2Fwp%2Fv2%2Fmedia&parent=396161"}],"wp:term":[{"taxonomy":"category","embeddable":true,"href":"https:\/\/www.diarioimagen.net\/index.php?rest_route=%2Fwp%2Fv2%2Fcategories&post=396161"},{"taxonomy":"post_tag","embeddable":true,"href":"https:\/\/www.diarioimagen.net\/index.php?rest_route=%2Fwp%2Fv2%2Ftags&post=396161"}],"curies":[{"name":"wp","href":"https:\/\/api.w.org\/{rel}","templated":true}]}}