{"id":396289,"date":"2018-09-25T00:03:22","date_gmt":"2018-09-25T05:03:22","guid":{"rendered":"https:\/\/www.diarioimagen.net\/?p=396289"},"modified":"2018-09-25T04:16:23","modified_gmt":"2018-09-25T09:16:23","slug":"choque-de-estrellas","status":"publish","type":"post","link":"https:\/\/www.diarioimagen.net\/?p=396289","title":{"rendered":"Choque de estrellas"},"content":{"rendered":"<h2>Folclor urbano<\/h2>\n<h5>Salvador Estrada<\/h5>\n<p>&nbsp;<\/p>\n<p>&nbsp;<\/p>\n<p>En la cancha de Coyoac\u00e1n se enfrentaron en la lucha electoral Mar\u00eda Rojo y Manuel Negrete y despu\u00e9s de \u00a0darle a \u00e9ste \u00a0la victoria el \u00e1rbitro electoral \u00a0le encontr\u00f3 \u201cjuego sucio\u201d y anul\u00f3 el triunfo.<\/p>\n<p>Este choque de estrellas es manejado por sus entrenadores Morena, por Mar\u00eda, y Negrete por el PRD- PAN, MC, partidos que esperan nuevas elecciones para encontrar \u00a0al ganador de la ahora alcald\u00eda de Coyoac\u00e1n.<\/p>\n<p>Manuel Negrete fue difundido en la tele como el autor del mejor gol en la copa del mundo y ante esta publicidad \u00a0lo hicieron candidato con la firme convicci\u00f3n de que ser\u00eda ganador.<\/p>\n<p>Pero panistas-perredistas y Movimiento Ciudadano, desconoc\u00edan que la estrella del futbol se enfrentar\u00eda a la estrella del cine nacional, Mar\u00eda Rojo, famosa por hacer la tarea y por bailar danz\u00f3n.<\/p>\n<p>Los morenos reclamaron para ellos la alcald\u00eda de Coyoac\u00e1n alegando \u00a0que el futbolista \u201cmeti\u00f3 mano\u201d en la repartici\u00f3n de \u00a0despensas y el manejo de recursos p\u00fablicos y que se us\u00f3 la violencia contra Mar\u00eda Rojo en su campa\u00f1a.<\/p>\n<p>Y esa \u201cmano\u201d en el futbol es \u00a0penalti, \u00a0castigo mayor, y el \u00e1rbitro electoral, la Sala Regional Ciudad de M\u00e9xico del Tribunal Electoral del Poder Judicial de la Federaci\u00f3n, anul\u00f3 los comicios del primero de julio.<\/p>\n<p>Mar\u00eda Rojo se quej\u00f3 de que en su campa\u00f1a la ofendieron, se metieron con su familia y con su carrera \u00a0cinematogr\u00e1fica y le causaron mucho da\u00f1o, lo que tambi\u00e9n cont\u00f3 para \u201cmeterle ese gol\u201d al \u00a0famoso futbolista.<\/p>\n<p>El PAN dice que apoyar\u00e1 a Negrete una vez que \u00e9ste impugne la resoluci\u00f3n del Tribunal, pero el futbolista no sabe qu\u00e9 hacer en este caso y aclara que \u00e9l espera que la Sala Superior del Tribunal act\u00fae con \u00a0\u00e9tica y le reconozca el triunfo.<\/p>\n<p>Pero al parecer se convocar\u00e1 a nuevas elecciones y el PAN dice que pedir\u00e1 \u00a0al \u00f3rgano directivo del partido para saber qu\u00e9 se har\u00e1 en este caso, si nombran a nuevo candidato o piden a Negrete \u00a0que se apunte.<\/p>\n<p>Mar\u00eda Rojo \u201cest\u00e1 sacada de onda\u201d y no sabe si volver\u00e1 a nuevas elecciones y esta situaci\u00f3n se ve como \u201cel segundo tiempo\u201d en espera de que el \u00e1rbitro d\u00e9 el silbatazo.<\/p>\n<p>Los pol\u00edticos que mueven a esos partidos y que postularon al futbolista Negrete quisieron repetir el juego de Cuauht\u00e9moc Blanco, que primero logr\u00f3, por su fama futbolera, la presidencia municipal de Cuernavaca y luego la gubernatura del estado de Morelos.<\/p>\n<p>La opini\u00f3n de los comentaristas de la tele, si la hubiera en este caso, \u00a0dir\u00edan que \u00a0en un juego de estrellas, \u00a0hay empate o perdedor y alguien tiene que salir \u201cestrellado\u201d.<\/p>\n<p><em><a href=\"mailto:chavasec@yahoo.com.mx\" target=\"_blank\" rel=\"noopener\">chavasec@yahoo.com.mx<\/a><\/em><\/p>\n","protected":false},"excerpt":{"rendered":"<p><span style=\"color: #005497;\"><strong>Salvador Estrada<\/strong><\/span><\/p>\n","protected":false},"author":3,"featured_media":0,"comment_status":"open","ping_status":"open","sticky":false,"template":"","format":"standard","meta":{"_monsterinsights_skip_tracking":false,"_monsterinsights_sitenote_active":false,"_monsterinsights_sitenote_note":"","_monsterinsights_sitenote_category":0,"footnotes":""},"categories":[41601],"tags":[41599,43674,41600],"class_list":["post-396289","post","type-post","status-publish","format-standard","hentry","category-salvador-estrada-opinion","tag-folclor-urbano","tag-opinion","tag-salvador-estrada"],"_links":{"self":[{"href":"https:\/\/www.diarioimagen.net\/index.php?rest_route=\/wp\/v2\/posts\/396289","targetHints":{"allow":["GET"]}}],"collection":[{"href":"https:\/\/www.diarioimagen.net\/index.php?rest_route=\/wp\/v2\/posts"}],"about":[{"href":"https:\/\/www.diarioimagen.net\/index.php?rest_route=\/wp\/v2\/types\/post"}],"author":[{"embeddable":true,"href":"https:\/\/www.diarioimagen.net\/index.php?rest_route=\/wp\/v2\/users\/3"}],"replies":[{"embeddable":true,"href":"https:\/\/www.diarioimagen.net\/index.php?rest_route=%2Fwp%2Fv2%2Fcomments&post=396289"}],"version-history":[{"count":0,"href":"https:\/\/www.diarioimagen.net\/index.php?rest_route=\/wp\/v2\/posts\/396289\/revisions"}],"wp:attachment":[{"href":"https:\/\/www.diarioimagen.net\/index.php?rest_route=%2Fwp%2Fv2%2Fmedia&parent=396289"}],"wp:term":[{"taxonomy":"category","embeddable":true,"href":"https:\/\/www.diarioimagen.net\/index.php?rest_route=%2Fwp%2Fv2%2Fcategories&post=396289"},{"taxonomy":"post_tag","embeddable":true,"href":"https:\/\/www.diarioimagen.net\/index.php?rest_route=%2Fwp%2Fv2%2Ftags&post=396289"}],"curies":[{"name":"wp","href":"https:\/\/api.w.org\/{rel}","templated":true}]}}