{"id":396427,"date":"2018-09-26T00:07:27","date_gmt":"2018-09-26T05:07:27","guid":{"rendered":"https:\/\/www.diarioimagen.net\/?p=396427"},"modified":"2018-09-26T23:31:01","modified_gmt":"2018-09-27T04:31:01","slug":"uaem-comprometida-con-calidad-de-vida-de-empleados-universitarios-alfredo-barrera","status":"publish","type":"post","link":"https:\/\/www.diarioimagen.net\/?p=396427","title":{"rendered":"UAEM, comprometida con calidad de vida de empleados universitarios: Alfredo Barrera"},"content":{"rendered":"<ul>\n<li><strong><em>Primer informe del secretario general del SUTESUAEM\u00a0<\/em><\/strong><\/li>\n<\/ul>\n<p>&nbsp;<\/p>\n<div id=\"attachment_396485\" style=\"width: 470px\" class=\"wp-caption aligncenter\"><a href=\"https:\/\/www.diarioimagen.net\/?attachment_id=396485\" rel=\"attachment wp-att-396485\"><img loading=\"lazy\" decoding=\"async\" aria-describedby=\"caption-attachment-396485\" class=\"size-large wp-image-396485\" src=\"https:\/\/www.diarioimagen.net\/wp-content\/uploads\/2018\/09\/UAEM-3463-460x259.jpg\" alt=\"\" width=\"460\" height=\"259\" srcset=\"https:\/\/www.diarioimagen.net\/wp-content\/uploads\/2018\/09\/UAEM-3463-460x259.jpg 460w, https:\/\/www.diarioimagen.net\/wp-content\/uploads\/2018\/09\/UAEM-3463-240x135.jpg 240w, https:\/\/www.diarioimagen.net\/wp-content\/uploads\/2018\/09\/UAEM-3463-235x132.jpg 235w, https:\/\/www.diarioimagen.net\/wp-content\/uploads\/2018\/09\/UAEM-3463-202x114.jpg 202w, https:\/\/www.diarioimagen.net\/wp-content\/uploads\/2018\/09\/UAEM-3463-350x196.jpg 350w, https:\/\/www.diarioimagen.net\/wp-content\/uploads\/2018\/09\/UAEM-3463-220x123.jpg 220w, https:\/\/www.diarioimagen.net\/wp-content\/uploads\/2018\/09\/UAEM-3463-237x132.jpg 237w, https:\/\/www.diarioimagen.net\/wp-content\/uploads\/2018\/09\/UAEM-3463.jpg 480w\" sizes=\"auto, (max-width: 460px) 100vw, 460px\" \/><\/a><p id=\"caption-attachment-396485\" class=\"wp-caption-text\">El rector, Alfredo Barrera Baca, presidi\u00f3 el primer informe de actividades del secretario general del SUTESUAEM, Pedro Rodr\u00edguez Magallanes.<\/p><\/div>\n<p>&nbsp;<\/p>\n<p><strong>Toluca, Estado de M\u00e9xico<\/strong>.\u2013 La Universidad Aut\u00f3noma del Estado de M\u00e9xico continuar\u00e1 cultivando y enriqueciendo el di\u00e1logo que privilegie la calidad de vida de los trabajadores universitarios, afirm\u00f3 el rector Alfredo Barrera Baca, quien resalt\u00f3 el firme prop\u00f3sito de la instituci\u00f3n de cumplir con el Contrato Colectivo de Trabajo y construir relaciones laborales arm\u00f3nicas que garanticen la dignidad y eficiencia del trabajo humano, mediante el respeto de los derechos laborales.<\/p>\n<p>Al presidir el primer informe de actividades del secretario general del Sindicato \u00danico de Trabajadores y Empleados al Servicio de la instituci\u00f3n (SUTESUAEM), Pedro Rodr\u00edguez Magallanes, indic\u00f3 que resultado de un intenso trabajo de gesti\u00f3n con los poderes ejecutivo y legislativo de los \u00e1mbitos estatal y federal, la Administraci\u00f3n 2017-2021 de la UAEM obtuvo recursos extraordinarios para cumplir a cabalidad con los compromisos institucionales con los trabajadores universitarios.<\/p>\n<p>En el Aula Magna \u201cLic. Adolfo L\u00f3pez Mateos\u201d del Edificio de Rector\u00eda, donde entreg\u00f3 reconocimientos por 25 a\u00f1os de trabajo en la UAEM a 74 empleados universitarios sindicalizados, abund\u00f3 que en el reciente a\u00f1o y para el logro de dichos fines, se dise\u00f1\u00f3 un programa de austeridad y contenci\u00f3n del gasto que se aplica con total responsabilidad y disciplina.<\/p>\n<p>As\u00ed, enfatiz\u00f3 Alfredo Barrera Baca, pese a las dificultades econ\u00f3micas, la instituci\u00f3n logra acuerdos en beneficio de todos los trabajadores, como el aumento salarial de 3.4 por ciento y diversas prestaciones econ\u00f3micas.<\/p>\n<p>Ante el secretario de Administraci\u00f3n, Javier Gonz\u00e1lez Mart\u00ednez, y la directora de Recursos Humanos de la UAEM, Mar\u00eda de los \u00c1ngeles Araujo Gonz\u00e1lez, Pedro Rodr\u00edguez Magallanes reconoci\u00f3 el apoyo brindado por el rector Alfredo Barrera al personal administrativo sindicalizado de la instituci\u00f3n educativa.<\/p>\n<p>Inform\u00f3 que en el reciente a\u00f1o, la agrupaci\u00f3n gremial llev\u00f3 a buen t\u00e9rmino las negociaciones salariales con la instituci\u00f3n, en beneficio del personal administrativo sindicalizado.<\/p>\n<p>Ante Blanca Aurora Mondrag\u00f3n Argumedo, representante de los trabajadores que cumplieron 25 a\u00f1os de servicio en la UAEM, los integrantes del comit\u00e9 ejecutivo del SUTESUAEM y delegados, precis\u00f3 que se entregaron m\u00e1s de 10 mil implementos de trabajo, con una inversi\u00f3n superior a los cinco millones de pesos, en benefici\u00f3 de m\u00e1s de dos mil 300 trabajadores universitarios.<\/p>\n<p>Asimismo, dijo Pedro Rodr\u00edguez Magallanes, se dio cumplimiento a cl\u00e1usulas del Contrato Colectivo de Trabajo referentes a lentes, ortopedia, guarder\u00eda, titulaci\u00f3n, seguro de vida y pago de libros, entre otros.<\/p>\n","protected":false},"excerpt":{"rendered":"<p>La Universidad Aut\u00f3noma del Estado de M\u00e9xico continuar\u00e1 cultivando y enriqueciendo el di\u00e1logo que privilegie la calidad de vida de los trabajadores universitarios, afirm\u00f3 el rector Alfredo Barrera Baca, quien resalt\u00f3 el firme prop\u00f3sito de la instituci\u00f3n de cumplir con el Contrato Colectivo de Trabajo y construir relaciones laborales arm\u00f3nicas que garanticen la dignidad y eficiencia del trabajo humano, mediante el respeto de los derechos laborales.<\/p>\n","protected":false},"author":3,"featured_media":396485,"comment_status":"open","ping_status":"open","sticky":false,"template":"","format":"standard","meta":{"_monsterinsights_skip_tracking":false,"_monsterinsights_sitenote_active":false,"_monsterinsights_sitenote_note":"","_monsterinsights_sitenote_category":0,"footnotes":""},"categories":[5],"tags":[58572,43675,452,38118],"class_list":["post-396427","post","type-post","status-publish","format-standard","has-post-thumbnail","hentry","category-estado-de-mexico","tag-alfredo-barrera-baca","tag-estado-de-mexico","tag-toluca","tag-trabajadores"],"_links":{"self":[{"href":"https:\/\/www.diarioimagen.net\/index.php?rest_route=\/wp\/v2\/posts\/396427","targetHints":{"allow":["GET"]}}],"collection":[{"href":"https:\/\/www.diarioimagen.net\/index.php?rest_route=\/wp\/v2\/posts"}],"about":[{"href":"https:\/\/www.diarioimagen.net\/index.php?rest_route=\/wp\/v2\/types\/post"}],"author":[{"embeddable":true,"href":"https:\/\/www.diarioimagen.net\/index.php?rest_route=\/wp\/v2\/users\/3"}],"replies":[{"embeddable":true,"href":"https:\/\/www.diarioimagen.net\/index.php?rest_route=%2Fwp%2Fv2%2Fcomments&post=396427"}],"version-history":[{"count":0,"href":"https:\/\/www.diarioimagen.net\/index.php?rest_route=\/wp\/v2\/posts\/396427\/revisions"}],"wp:featuredmedia":[{"embeddable":true,"href":"https:\/\/www.diarioimagen.net\/index.php?rest_route=\/wp\/v2\/media\/396485"}],"wp:attachment":[{"href":"https:\/\/www.diarioimagen.net\/index.php?rest_route=%2Fwp%2Fv2%2Fmedia&parent=396427"}],"wp:term":[{"taxonomy":"category","embeddable":true,"href":"https:\/\/www.diarioimagen.net\/index.php?rest_route=%2Fwp%2Fv2%2Fcategories&post=396427"},{"taxonomy":"post_tag","embeddable":true,"href":"https:\/\/www.diarioimagen.net\/index.php?rest_route=%2Fwp%2Fv2%2Ftags&post=396427"}],"curies":[{"name":"wp","href":"https:\/\/api.w.org\/{rel}","templated":true}]}}