{"id":396466,"date":"2018-09-26T00:08:45","date_gmt":"2018-09-26T05:08:45","guid":{"rendered":"https:\/\/www.diarioimagen.net\/?p=396466"},"modified":"2018-09-26T07:29:28","modified_gmt":"2018-09-26T12:29:28","slug":"ma-guadalupe-fernandez-preside-entrega-del-aula-por-mexico-un-proyecto-tripartita","status":"publish","type":"post","link":"https:\/\/www.diarioimagen.net\/?p=396466","title":{"rendered":"Ma. Guadalupe Fern\u00e1ndez preside entrega del Aula por M\u00e9xico, un proyecto tripartita"},"content":{"rendered":"<ul>\n<li><strong><em>En el parque ecol\u00f3gico de Villas de Cuautitl\u00e1n<\/em><\/strong><\/li>\n<\/ul>\n<p>&nbsp;<\/p>\n<div id=\"attachment_396551\" style=\"width: 470px\" class=\"wp-caption aligncenter\"><a href=\"https:\/\/www.diarioimagen.net\/?attachment_id=396551\" rel=\"attachment wp-att-396551\"><img loading=\"lazy\" decoding=\"async\" aria-describedby=\"caption-attachment-396551\" class=\"size-large wp-image-396551\" src=\"https:\/\/www.diarioimagen.net\/wp-content\/uploads\/2018\/09\/CUAUTITLAN-3463-460x259.jpg\" alt=\"\" width=\"460\" height=\"259\" srcset=\"https:\/\/www.diarioimagen.net\/wp-content\/uploads\/2018\/09\/CUAUTITLAN-3463-460x259.jpg 460w, https:\/\/www.diarioimagen.net\/wp-content\/uploads\/2018\/09\/CUAUTITLAN-3463-240x135.jpg 240w, https:\/\/www.diarioimagen.net\/wp-content\/uploads\/2018\/09\/CUAUTITLAN-3463-235x132.jpg 235w, https:\/\/www.diarioimagen.net\/wp-content\/uploads\/2018\/09\/CUAUTITLAN-3463-202x114.jpg 202w, https:\/\/www.diarioimagen.net\/wp-content\/uploads\/2018\/09\/CUAUTITLAN-3463-350x196.jpg 350w, https:\/\/www.diarioimagen.net\/wp-content\/uploads\/2018\/09\/CUAUTITLAN-3463-220x123.jpg 220w, https:\/\/www.diarioimagen.net\/wp-content\/uploads\/2018\/09\/CUAUTITLAN-3463-237x132.jpg 237w, https:\/\/www.diarioimagen.net\/wp-content\/uploads\/2018\/09\/CUAUTITLAN-3463.jpg 480w\" sizes=\"auto, (max-width: 460px) 100vw, 460px\" \/><\/a><p id=\"caption-attachment-396551\" class=\"wp-caption-text\">La presidenta municipal,, Ma. Guadalupe Fern\u00e1ndez S\u00e1nchez, presidio la entrega del Aula por M\u00e9xico en el parque ecol\u00f3gico Villas de Cuautitl\u00e1n.<\/p><\/div>\n<p>&nbsp;<\/p>\n<p><strong>Cuautitl\u00e1n, Estado de M\u00e9xico<\/strong>. En el parque ecol\u00f3gico de Villas de Cuautitl\u00e1n, la presidenta municipal Ma. Guadalupe Fern\u00e1ndez S\u00e1nchez, presidio la entrega del Aula por M\u00e9xico, proyecto tripartita que contempla la participaci\u00f3n del gobierno, iniciativa privada y sociedad civil, en modelos educativos que permiten la formaci\u00f3n integral, incluyendo conocimientos, habilidades aptitudes y valores, para beneficiar a aquellos que est\u00e1n fuera del sistema educativo, que no encuentran empleo y que se encuentran en situaci\u00f3n de vulnerabilidad.<\/p>\n<p>En este acto se cont\u00f3 con la presencia del maestro Enrique Jacob Rocha, secretario de Desarrollo Urbano y Metropolitano del gobierno del Estado de M\u00e9xico, quien\u00a0 se\u00f1alo el compromiso de la Fundaci\u00f3n Por M\u00e9xico de lograr hacer esta sinergia con el gobierno, la sociedad y as\u00ed facilitar\u00a0 las cosas para mejorar las condiciones de vida de los grupos con menos oportunidades.<\/p>\n<p>En su oportunidad la Presidenta de la Fundaci\u00f3n Por M\u00e9xico, Karla Mawcinitt Bueno, coment\u00f3 que la creaci\u00f3n de las Aulas Por M\u00e9xico, uno de los programas de la Fundaci\u00f3n, surge de la necesidad de promover que la educaci\u00f3n b\u00e1sica llegue a todos los rincones de M\u00e9xico, teniendo como objetivo servir a la sociedad con propuestas \u00fatiles y en condiciones justas, a trav\u00e9s de la implementaci\u00f3n de estrategias de colaboraci\u00f3n entre los sectores p\u00fablico, privado y organizaciones no gubernamentales, con el prop\u00f3sito de contribuir al esfuerzo educativo que desarrollan los sectores p\u00fablico y privado implementando programas que creen una oferta educativa para la poblaci\u00f3n en situaci\u00f3n de vulnerabilidad que no estudia ni trabaja.<\/p>\n","protected":false},"excerpt":{"rendered":"<p>En el parque ecol\u00f3gico de Villas de Cuautitl\u00e1n, la presidenta municipal Ma. Guadalupe Fern\u00e1ndez S\u00e1nchez, presidio la entrega del Aula por M\u00e9xico, proyecto tripartita que contempla la participaci\u00f3n del gobierno, iniciativa privada y sociedad civil, en modelos educativos que permiten la formaci\u00f3n integral, incluyendo conocimientos, habilidades aptitudes y valores, para beneficiar a aquellos que est\u00e1n fuera del sistema educativo, que no encuentran empleo y que se encuentran en situaci\u00f3n de vulnerabilidad.<\/p>\n","protected":false},"author":3,"featured_media":396551,"comment_status":"open","ping_status":"open","sticky":false,"template":"","format":"standard","meta":{"_monsterinsights_skip_tracking":false,"_monsterinsights_sitenote_active":false,"_monsterinsights_sitenote_note":"","_monsterinsights_sitenote_category":0,"footnotes":""},"categories":[5],"tags":[78570,681,43675],"class_list":["post-396466","post","type-post","status-publish","format-standard","has-post-thumbnail","hentry","category-estado-de-mexico","tag-aula-por-mexico","tag-cuautitlan","tag-estado-de-mexico"],"_links":{"self":[{"href":"https:\/\/www.diarioimagen.net\/index.php?rest_route=\/wp\/v2\/posts\/396466","targetHints":{"allow":["GET"]}}],"collection":[{"href":"https:\/\/www.diarioimagen.net\/index.php?rest_route=\/wp\/v2\/posts"}],"about":[{"href":"https:\/\/www.diarioimagen.net\/index.php?rest_route=\/wp\/v2\/types\/post"}],"author":[{"embeddable":true,"href":"https:\/\/www.diarioimagen.net\/index.php?rest_route=\/wp\/v2\/users\/3"}],"replies":[{"embeddable":true,"href":"https:\/\/www.diarioimagen.net\/index.php?rest_route=%2Fwp%2Fv2%2Fcomments&post=396466"}],"version-history":[{"count":0,"href":"https:\/\/www.diarioimagen.net\/index.php?rest_route=\/wp\/v2\/posts\/396466\/revisions"}],"wp:featuredmedia":[{"embeddable":true,"href":"https:\/\/www.diarioimagen.net\/index.php?rest_route=\/wp\/v2\/media\/396551"}],"wp:attachment":[{"href":"https:\/\/www.diarioimagen.net\/index.php?rest_route=%2Fwp%2Fv2%2Fmedia&parent=396466"}],"wp:term":[{"taxonomy":"category","embeddable":true,"href":"https:\/\/www.diarioimagen.net\/index.php?rest_route=%2Fwp%2Fv2%2Fcategories&post=396466"},{"taxonomy":"post_tag","embeddable":true,"href":"https:\/\/www.diarioimagen.net\/index.php?rest_route=%2Fwp%2Fv2%2Ftags&post=396466"}],"curies":[{"name":"wp","href":"https:\/\/api.w.org\/{rel}","templated":true}]}}