{"id":396616,"date":"2018-09-27T00:11:25","date_gmt":"2018-09-27T05:11:25","guid":{"rendered":"https:\/\/www.diarioimagen.net\/?p=396616"},"modified":"2018-09-27T05:37:30","modified_gmt":"2018-09-27T10:37:30","slug":"edomex-1er-lugar-en-donacion-de-organos-y-tejidos","status":"publish","type":"post","link":"https:\/\/www.diarioimagen.net\/?p=396616","title":{"rendered":"Edomex, 1er. lugar en donaci\u00f3n de \u00f3rganos y tejidos"},"content":{"rendered":"<ul>\n<li><strong><em>Supera en nueve meses la cifra de 2017<\/em><\/strong><\/li>\n<\/ul>\n<p>&nbsp;<\/p>\n<div id=\"attachment_396698\" style=\"width: 470px\" class=\"wp-caption aligncenter\"><a href=\"https:\/\/www.diarioimagen.net\/?attachment_id=396698\" rel=\"attachment wp-att-396698\"><img loading=\"lazy\" decoding=\"async\" aria-describedby=\"caption-attachment-396698\" class=\"size-large wp-image-396698\" src=\"https:\/\/www.diarioimagen.net\/wp-content\/uploads\/2018\/09\/DONACION27-460x259.jpg\" alt=\"\" width=\"460\" height=\"259\" srcset=\"https:\/\/www.diarioimagen.net\/wp-content\/uploads\/2018\/09\/DONACION27-460x259.jpg 460w, https:\/\/www.diarioimagen.net\/wp-content\/uploads\/2018\/09\/DONACION27-240x135.jpg 240w, https:\/\/www.diarioimagen.net\/wp-content\/uploads\/2018\/09\/DONACION27-235x132.jpg 235w, https:\/\/www.diarioimagen.net\/wp-content\/uploads\/2018\/09\/DONACION27-202x114.jpg 202w, https:\/\/www.diarioimagen.net\/wp-content\/uploads\/2018\/09\/DONACION27-350x196.jpg 350w, https:\/\/www.diarioimagen.net\/wp-content\/uploads\/2018\/09\/DONACION27-220x123.jpg 220w, https:\/\/www.diarioimagen.net\/wp-content\/uploads\/2018\/09\/DONACION27-237x132.jpg 237w, https:\/\/www.diarioimagen.net\/wp-content\/uploads\/2018\/09\/DONACION27.jpg 480w\" sizes=\"auto, (max-width: 460px) 100vw, 460px\" \/><\/a><p id=\"caption-attachment-396698\" class=\"wp-caption-text\">Edomex se coloc\u00f3 en primer lugar nacional en materia de donaci\u00f3n de \u00f3rganos, al superar en apenas nueve meses, la cifra del a\u00f1o pasado.<\/p><\/div>\n<p>&nbsp;<\/p>\n<p><strong>Toluca, Estado de M\u00e9xico<\/strong>.- El Estado de M\u00e9xico se coloc\u00f3 en primer lugar nacional en materia de donaci\u00f3n de \u00f3rganos, al superar en apenas nueve meses de este a\u00f1o, la cifra de todo 2017, al concretar las 532 donaciones, inform\u00f3 la Secretar\u00eda de Salud de la entidad, a trav\u00e9s del Centro Estatal de Trasplantes del Estado de M\u00e9xico (Cetraem).<\/p>\n<p>Gracias a las acciones permanentes que realiza el Gobierno estatal para fomentar la cultura de dar vida despu\u00e9s de la vida, en lo que va de 2018 se ha logrado realizar mil 187 trasplantes, de los cuales, 210 fueron de c\u00f3rnea, cinco de h\u00edgado, 81 de ri\u00f1\u00f3n, as\u00ed como 891 de tejidos diversos.<\/p>\n<p>A nombre del Secretario de Salud, Gabriel O\u2019Shea Cuevas, durante la conmemoraci\u00f3n del D\u00eda Nacional de la Donaci\u00f3n y Trasplante de \u00d3rganos, el Coordinador de Salud del ISEM, Carlos Aranza Doniz, sostuvo que la entidad est\u00e1 comprometida con el desarrollo de actividades que fomenten estos actos de generosidad, para salvar a quienes est\u00e1n en lista de espera y reconoci\u00f3 a las familias que, pese a su momento de duelo, han decidido dar una segunda oportunidad de vida al donar.<\/p>\n<p>El Estado de M\u00e9xico se posiciona en primer lugar nacional en este rubro gracias a la red de 54 hospitales con licencia activa para realizar donaciones y trasplantes, adem\u00e1s de contar con m\u00e1s de 40 Coordinadores Hospitalarios de Donaci\u00f3n, personal de salud que concreta las donaciones.<\/p>\n<p>La Secretar\u00eda de Salud estatal invita a las personas que tengan deseo de donar sus \u00f3rganos a comentarlo con sus familiares, ya que en caso de fallecimiento, la familia es quien tiene la \u00faltima decisi\u00f3n.<\/p>\n<p>En el Centro M\u00e9dico Adolfo L\u00f3pez Mateos se entregaron reconocimientos a organizaciones como el Grupo de Rescate A\u00e9reo \u201cRel\u00e1mpagos\u201d y al Servicio de Urgencias del Estado de M\u00e9xico (SUEM), por la labor que realizan en el traslado de \u00f3rganos a las diversas unidades m\u00e9dicas.<\/p>\n<p>Estuvieron en el evento, el titular del Cetraem, Ricardo P\u00e9rez Mendoza, el Director del Centro M\u00e9dico Adolfo L\u00f3pez Mateos, Jos\u00e9 Rogel Romero, as\u00ed como pacientes trasplantados y familiares que decidieron donar los \u00f3rganos de alg\u00fan ser querido.<\/p>\n","protected":false},"excerpt":{"rendered":"<p>El Estado de M\u00e9xico se coloc\u00f3 en primer lugar nacional en materia de donaci\u00f3n de \u00f3rganos, al superar en apenas nueve meses de este a\u00f1o, la cifra de todo 2017, al concretar las 532 donaciones, inform\u00f3 la Secretar\u00eda de Salud de la entidad, a trav\u00e9s del Centro Estatal de Trasplantes del Estado de M\u00e9xico (Cetraem).<\/p>\n","protected":false},"author":3,"featured_media":396698,"comment_status":"open","ping_status":"open","sticky":false,"template":"","format":"standard","meta":{"_monsterinsights_skip_tracking":false,"_monsterinsights_sitenote_active":false,"_monsterinsights_sitenote_note":"","_monsterinsights_sitenote_category":0,"footnotes":""},"categories":[5],"tags":[19019,43675,78607,452],"class_list":["post-396616","post","type-post","status-publish","format-standard","has-post-thumbnail","hentry","category-estado-de-mexico","tag-donacion","tag-estado-de-mexico","tag-tejidos","tag-toluca"],"_links":{"self":[{"href":"https:\/\/www.diarioimagen.net\/index.php?rest_route=\/wp\/v2\/posts\/396616","targetHints":{"allow":["GET"]}}],"collection":[{"href":"https:\/\/www.diarioimagen.net\/index.php?rest_route=\/wp\/v2\/posts"}],"about":[{"href":"https:\/\/www.diarioimagen.net\/index.php?rest_route=\/wp\/v2\/types\/post"}],"author":[{"embeddable":true,"href":"https:\/\/www.diarioimagen.net\/index.php?rest_route=\/wp\/v2\/users\/3"}],"replies":[{"embeddable":true,"href":"https:\/\/www.diarioimagen.net\/index.php?rest_route=%2Fwp%2Fv2%2Fcomments&post=396616"}],"version-history":[{"count":0,"href":"https:\/\/www.diarioimagen.net\/index.php?rest_route=\/wp\/v2\/posts\/396616\/revisions"}],"wp:featuredmedia":[{"embeddable":true,"href":"https:\/\/www.diarioimagen.net\/index.php?rest_route=\/wp\/v2\/media\/396698"}],"wp:attachment":[{"href":"https:\/\/www.diarioimagen.net\/index.php?rest_route=%2Fwp%2Fv2%2Fmedia&parent=396616"}],"wp:term":[{"taxonomy":"category","embeddable":true,"href":"https:\/\/www.diarioimagen.net\/index.php?rest_route=%2Fwp%2Fv2%2Fcategories&post=396616"},{"taxonomy":"post_tag","embeddable":true,"href":"https:\/\/www.diarioimagen.net\/index.php?rest_route=%2Fwp%2Fv2%2Ftags&post=396616"}],"curies":[{"name":"wp","href":"https:\/\/api.w.org\/{rel}","templated":true}]}}