{"id":396808,"date":"2018-09-28T00:09:01","date_gmt":"2018-09-28T05:09:01","guid":{"rendered":"https:\/\/www.diarioimagen.net\/?p=396808"},"modified":"2018-09-28T01:45:31","modified_gmt":"2018-09-28T06:45:31","slug":"con-errores-ortograficos-sergio-mayer-asume-la-comision-de-cultura-en-la-camara-de-diputados","status":"publish","type":"post","link":"https:\/\/www.diarioimagen.net\/?p=396808","title":{"rendered":"Con errores ortogr\u00e1ficos, Sergio Mayer asume la Comisi\u00f3n de Cultura en la C\u00e1mara de Diputados"},"content":{"rendered":"<ul>\n<li><em><strong>Escribi\u00f3 en su Twitter \u201ccomiciones\u201d, \u201cinpone\u201d y \u201cprecidirlas\u201d<\/strong><\/em><\/li>\n<li><em><strong>Fue retado por el PES a someterse a un examen de cultura e historia<\/strong><\/em><\/li>\n<\/ul>\n<p>&nbsp;<\/p>\n<div id=\"attachment_396809\" style=\"width: 470px\" class=\"wp-caption aligncenter\"><img loading=\"lazy\" decoding=\"async\" aria-describedby=\"caption-attachment-396809\" class=\"size-large wp-image-396809\" src=\"https:\/\/www.diarioimagen.net\/wp-content\/uploads\/2018\/09\/sergio-mayer-1-poortal-460x320.jpg\" alt=\"\" width=\"460\" height=\"320\" srcset=\"https:\/\/www.diarioimagen.net\/wp-content\/uploads\/2018\/09\/sergio-mayer-1-poortal-460x320.jpg 460w, https:\/\/www.diarioimagen.net\/wp-content\/uploads\/2018\/09\/sergio-mayer-1-poortal-240x167.jpg 240w, https:\/\/www.diarioimagen.net\/wp-content\/uploads\/2018\/09\/sergio-mayer-1-poortal.jpg 700w\" sizes=\"auto, (max-width: 460px) 100vw, 460px\" \/><p id=\"caption-attachment-396809\" class=\"wp-caption-text\">Aunque el tuit fue borrado poco despu\u00e9s de ser publicado, muchos usuarios rescataron la imagen y la compartieron en sus cuentas.<\/p><\/div>\n<p>&nbsp;<\/p>\n<p>Despu\u00e9s de que se anunciara que el Partido Encuentro Social no presidir\u00eda las comisiones de Salud y Cultura en la C\u00e1mara de Diputados, el diputado Sergio Mayer escribi\u00f3 el anuncio en su cuenta de Twitter.<\/p>\n<p>Pero el mensaje fue muy criticado debido a que la publicaci\u00f3n estaba escrita con faltas de ortograf\u00eda, public\u00f3 <em>Milenio<\/em>.<\/p>\n<div id=\"attachment_396810\" style=\"width: 294px\" class=\"wp-caption alignleft\"><img loading=\"lazy\" decoding=\"async\" aria-describedby=\"caption-attachment-396810\" class=\" wp-image-396810\" src=\"https:\/\/www.diarioimagen.net\/wp-content\/uploads\/2018\/09\/sergio-mayer-2-portal-460x268.jpg\" alt=\"\" width=\"284\" height=\"176\" \/><p id=\"caption-attachment-396810\" class=\"wp-caption-text\">Sergio Mayer, el reci\u00e9n nombrado presidente de la Comisi\u00f3n de Cultura y Cinematograf\u00eda de la C\u00e1mara de Diputados, public\u00f3 un tweet que se ha convertido en tendencia, debido a los errores ortogr\u00e1ficos que el legislador de Morena cometi\u00f3.<\/p><\/div>\n<p>\u201cRegresan las comiciones de Cultura y Cinematograf\u00eda y Salud a #MorenaDiputados. La voz del gremio Cultural se inpone. Con gusto aceptar\u00eda la invitaci\u00f3n a precidirlas\u201d, se pod\u00eda leer en el tuit original que fue borrado.<\/p>\n<p>Aunque el tuit fue borrado poco despu\u00e9s de ser publicado, muchos usuarios rescataron la imagen y la compartieron en sus cuentas.<\/p>\n<p>Mayer ser\u00e1 el encargado de la Comisi\u00f3n de Cultura en la C\u00e1mara de Diputados y recientemente fue retado por el PES a\u00a0 someterse a un examen de cultura e historia.<\/p>\n<p>&nbsp;<\/p>\n<blockquote><p><sub>\u201cRegresan las comiciones de Cultura y Cinematograf\u00eda y Salud a #MorenaDiputados. La voz del gremio Cultural se inpone. Con gusto aceptar\u00eda la invitaci\u00f3n a precidirlas\u201d, se pod\u00eda leer en el tuit original que fue borrado<\/sub><\/p><\/blockquote>\n<p><sub>\u00a0<\/sub><\/p>\n","protected":false},"excerpt":{"rendered":"<p>Despu\u00e9s de que se anunciara que el Partido Encuentro Social no presidir\u00eda las comisiones de Salud y Cultura en la C\u00e1mara de Diputados, el diputado Sergio Mayer escribi\u00f3 el anuncio en su cuenta de Twitter.<\/p>\n","protected":false},"author":5,"featured_media":396811,"comment_status":"open","ping_status":"open","sticky":false,"template":"","format":"standard","meta":{"_monsterinsights_skip_tracking":false,"_monsterinsights_sitenote_active":false,"_monsterinsights_sitenote_note":"","_monsterinsights_sitenote_category":0,"footnotes":""},"categories":[12],"tags":[98,78664,78655,43682,47917,78665,78656,78657],"class_list":["post-396808","post","type-post","status-publish","format-standard","has-post-thumbnail","hentry","category-espectaculos","tag-camara-de-diputados","tag-comision-de-cultura","tag-comision-de-cultura-en-la-camara-de-diputados","tag-espectaculos","tag-sergio-mayer","tag-sergio-meyer","tag-twitter-comiciones","tag-inpone-y-precidirlas"],"_links":{"self":[{"href":"https:\/\/www.diarioimagen.net\/index.php?rest_route=\/wp\/v2\/posts\/396808","targetHints":{"allow":["GET"]}}],"collection":[{"href":"https:\/\/www.diarioimagen.net\/index.php?rest_route=\/wp\/v2\/posts"}],"about":[{"href":"https:\/\/www.diarioimagen.net\/index.php?rest_route=\/wp\/v2\/types\/post"}],"author":[{"embeddable":true,"href":"https:\/\/www.diarioimagen.net\/index.php?rest_route=\/wp\/v2\/users\/5"}],"replies":[{"embeddable":true,"href":"https:\/\/www.diarioimagen.net\/index.php?rest_route=%2Fwp%2Fv2%2Fcomments&post=396808"}],"version-history":[{"count":0,"href":"https:\/\/www.diarioimagen.net\/index.php?rest_route=\/wp\/v2\/posts\/396808\/revisions"}],"wp:featuredmedia":[{"embeddable":true,"href":"https:\/\/www.diarioimagen.net\/index.php?rest_route=\/wp\/v2\/media\/396811"}],"wp:attachment":[{"href":"https:\/\/www.diarioimagen.net\/index.php?rest_route=%2Fwp%2Fv2%2Fmedia&parent=396808"}],"wp:term":[{"taxonomy":"category","embeddable":true,"href":"https:\/\/www.diarioimagen.net\/index.php?rest_route=%2Fwp%2Fv2%2Fcategories&post=396808"},{"taxonomy":"post_tag","embeddable":true,"href":"https:\/\/www.diarioimagen.net\/index.php?rest_route=%2Fwp%2Fv2%2Ftags&post=396808"}],"curies":[{"name":"wp","href":"https:\/\/api.w.org\/{rel}","templated":true}]}}