{"id":396825,"date":"2018-09-28T00:10:36","date_gmt":"2018-09-28T05:10:36","guid":{"rendered":"https:\/\/www.diarioimagen.net\/?p=396825"},"modified":"2018-09-28T06:37:47","modified_gmt":"2018-09-28T11:37:47","slug":"salario-minimo-en-176-pesos-propone-senado","status":"publish","type":"post","link":"https:\/\/www.diarioimagen.net\/?p=396825","title":{"rendered":"Salario m\u00ednimo en 176 pesos, propone Senado"},"content":{"rendered":"<ul>\n<li><em><strong>Exhorto al gobierno y a la Conasami<\/strong><\/em><\/li>\n<li><em><strong>Es parte de una pol\u00edtica salarial que beneficiar\u00eda a 29 millones<\/strong><\/em><\/li>\n<\/ul>\n<p>&nbsp;<\/p>\n<div id=\"attachment_396891\" style=\"width: 470px\" class=\"wp-caption aligncenter\"><a href=\"https:\/\/www.diarioimagen.net\/?attachment_id=396891\" rel=\"attachment wp-att-396891\"><img loading=\"lazy\" decoding=\"async\" aria-describedby=\"caption-attachment-396891\" class=\"size-large wp-image-396891\" src=\"https:\/\/www.diarioimagen.net\/wp-content\/uploads\/2018\/09\/SENADO-3465-460x259.jpg\" alt=\"\" width=\"460\" height=\"259\" srcset=\"https:\/\/www.diarioimagen.net\/wp-content\/uploads\/2018\/09\/SENADO-3465-460x259.jpg 460w, https:\/\/www.diarioimagen.net\/wp-content\/uploads\/2018\/09\/SENADO-3465-240x135.jpg 240w, https:\/\/www.diarioimagen.net\/wp-content\/uploads\/2018\/09\/SENADO-3465-235x132.jpg 235w, https:\/\/www.diarioimagen.net\/wp-content\/uploads\/2018\/09\/SENADO-3465-202x114.jpg 202w, https:\/\/www.diarioimagen.net\/wp-content\/uploads\/2018\/09\/SENADO-3465-350x196.jpg 350w, https:\/\/www.diarioimagen.net\/wp-content\/uploads\/2018\/09\/SENADO-3465-220x123.jpg 220w, https:\/\/www.diarioimagen.net\/wp-content\/uploads\/2018\/09\/SENADO-3465-237x132.jpg 237w, https:\/\/www.diarioimagen.net\/wp-content\/uploads\/2018\/09\/SENADO-3465.jpg 480w\" sizes=\"auto, (max-width: 460px) 100vw, 460px\" \/><\/a><p id=\"caption-attachment-396891\" class=\"wp-caption-text\">El Senado exhort\u00f3 al gobierno federal y la Comisi\u00f3n Nacional de los Salarios M\u00ednimos a establecer las bases y los elementos para fijar un salario m\u00ednimo de 176.72 pesos.<\/p><\/div>\n<p>&nbsp;<\/p>\n<p>El pleno del Senado de la Rep\u00fablica exhort\u00f3 al gobierno federal y la Comisi\u00f3n Nacional de los Salarios M\u00ednimos (Conasami) a establecer las bases y los elementos para fijar un salario m\u00ednimo de 176.72 pesos a nivel nacional a partir de enero de 2019.<\/p>\n<p>En la sesi\u00f3n ordinaria de este jueves se aprob\u00f3 por unanimidad y de urgente resoluci\u00f3n la propuesta de senadores del PRD, que se argument\u00f3, busca \u201cgarantizar una vida digna para todas las trabajadoras y trabajadores del pa\u00eds y de sus familias\u201d.<\/p>\n<p>En los argumentos se expone que la necesidad de que el actual salario m\u00ednimo fijado en 88.36 pesos se incremente a 176.72 pesos, incremento propuesto es de 100%. \u201cSer\u00eda un primer paso para iniciar una real pol\u00edtica salarial que redundara en un salario digno\u201d.<\/p>\n<p>\u201cEsta pol\u00edtica beneficiar\u00eda a 29 millones de trabajadores que viven en la precariedad salarial, ya que el salario y el empleo dignos son las \u00fanicas medidas que podr\u00e1n sacar a la gente de la pobreza\u201d, se a\u00f1ade.<\/p>\n<p>Indica que la propuesta cobra relevancia, si se toma en consideraci\u00f3n que la suficiencia del salario m\u00ednimo es un elemento de vida para los mexicanos y que contribuye al ejercicio de la igualdad entre trabajadoras y trabajadores, a la protecci\u00f3n de la ni\u00f1ez, y para la ciudadan\u00eda en general.<\/p>\n<p>El alza al salario m\u00ednimo del 100 por ciento, se propone a fin de que \u201cpueda garantizar una vida digna para todas las trabajadoras y trabajadores del pa\u00eds y de sus familias\u201d, se\u00f1ala la propuesta perredista asumida por el pleno.<\/p>\n<p>A favor del aumento del 100% en el salario m\u00ednimo, un porcentaje que no tiene antecedente, la bancada del PRD indica que \u201clas alzas graduales en el salario m\u00ednimo contribuyen a reducir la desigualdad, no tienen efectos adversos significativos en el empleo agregado y fortalecen la demanda interna\u201d.<\/p>\n","protected":false},"excerpt":{"rendered":"<p>El pleno del Senado de la Rep\u00fablica exhort\u00f3 al gobierno federal y la Comisi\u00f3n Nacional de los Salarios M\u00ednimos (Conasami) a establecer las bases<\/p>\n","protected":false},"author":3,"featured_media":396891,"comment_status":"open","ping_status":"open","sticky":false,"template":"","format":"standard","meta":{"_monsterinsights_skip_tracking":false,"_monsterinsights_sitenote_active":false,"_monsterinsights_sitenote_note":"","_monsterinsights_sitenote_category":0,"footnotes":""},"categories":[3],"tags":[43673,67671,16104,1409],"class_list":["post-396825","post","type-post","status-publish","format-standard","has-post-thumbnail","hentry","category-nacional","tag-nacional","tag-propone","tag-salario-minimo","tag-senado"],"_links":{"self":[{"href":"https:\/\/www.diarioimagen.net\/index.php?rest_route=\/wp\/v2\/posts\/396825","targetHints":{"allow":["GET"]}}],"collection":[{"href":"https:\/\/www.diarioimagen.net\/index.php?rest_route=\/wp\/v2\/posts"}],"about":[{"href":"https:\/\/www.diarioimagen.net\/index.php?rest_route=\/wp\/v2\/types\/post"}],"author":[{"embeddable":true,"href":"https:\/\/www.diarioimagen.net\/index.php?rest_route=\/wp\/v2\/users\/3"}],"replies":[{"embeddable":true,"href":"https:\/\/www.diarioimagen.net\/index.php?rest_route=%2Fwp%2Fv2%2Fcomments&post=396825"}],"version-history":[{"count":0,"href":"https:\/\/www.diarioimagen.net\/index.php?rest_route=\/wp\/v2\/posts\/396825\/revisions"}],"wp:featuredmedia":[{"embeddable":true,"href":"https:\/\/www.diarioimagen.net\/index.php?rest_route=\/wp\/v2\/media\/396891"}],"wp:attachment":[{"href":"https:\/\/www.diarioimagen.net\/index.php?rest_route=%2Fwp%2Fv2%2Fmedia&parent=396825"}],"wp:term":[{"taxonomy":"category","embeddable":true,"href":"https:\/\/www.diarioimagen.net\/index.php?rest_route=%2Fwp%2Fv2%2Fcategories&post=396825"},{"taxonomy":"post_tag","embeddable":true,"href":"https:\/\/www.diarioimagen.net\/index.php?rest_route=%2Fwp%2Fv2%2Ftags&post=396825"}],"curies":[{"name":"wp","href":"https:\/\/api.w.org\/{rel}","templated":true}]}}