{"id":396853,"date":"2018-09-28T00:08:50","date_gmt":"2018-09-28T05:08:50","guid":{"rendered":"https:\/\/www.diarioimagen.net\/?p=396853"},"modified":"2018-09-28T04:35:16","modified_gmt":"2018-09-28T09:35:16","slug":"refrenda-tultepec-su-compromiso-con-el-arte-la-cultura-y-la-pirotecnia","status":"publish","type":"post","link":"https:\/\/www.diarioimagen.net\/?p=396853","title":{"rendered":"Refrenda Tultepec su compromiso con el arte, la cultura y la pirotecnia"},"content":{"rendered":"<ul>\n<li><strong><em>Inauguran galer\u00eda pl\u00e1stica itinerante<\/em><\/strong><\/li>\n<\/ul>\n<p>&nbsp;<\/p>\n<div id=\"attachment_396905\" style=\"width: 470px\" class=\"wp-caption aligncenter\"><a href=\"https:\/\/www.diarioimagen.net\/?attachment_id=396905\" rel=\"attachment wp-att-396905\"><img loading=\"lazy\" decoding=\"async\" aria-describedby=\"caption-attachment-396905\" class=\"size-large wp-image-396905\" src=\"https:\/\/www.diarioimagen.net\/wp-content\/uploads\/2018\/09\/TULTEPEC-3465-460x259.jpg\" alt=\"\" width=\"460\" height=\"259\" srcset=\"https:\/\/www.diarioimagen.net\/wp-content\/uploads\/2018\/09\/TULTEPEC-3465-460x259.jpg 460w, https:\/\/www.diarioimagen.net\/wp-content\/uploads\/2018\/09\/TULTEPEC-3465-240x135.jpg 240w, https:\/\/www.diarioimagen.net\/wp-content\/uploads\/2018\/09\/TULTEPEC-3465-235x132.jpg 235w, https:\/\/www.diarioimagen.net\/wp-content\/uploads\/2018\/09\/TULTEPEC-3465-202x114.jpg 202w, https:\/\/www.diarioimagen.net\/wp-content\/uploads\/2018\/09\/TULTEPEC-3465-350x196.jpg 350w, https:\/\/www.diarioimagen.net\/wp-content\/uploads\/2018\/09\/TULTEPEC-3465-220x123.jpg 220w, https:\/\/www.diarioimagen.net\/wp-content\/uploads\/2018\/09\/TULTEPEC-3465-237x132.jpg 237w, https:\/\/www.diarioimagen.net\/wp-content\/uploads\/2018\/09\/TULTEPEC-3465.jpg 480w\" sizes=\"auto, (max-width: 460px) 100vw, 460px\" \/><\/a><p id=\"caption-attachment-396905\" class=\"wp-caption-text\">Juana Antonieta Z\u00fa\u00f1iga Urb\u00e1n, cronista municipal, explic\u00f3 que \u201cno es casual que Tultepec sea sede inicial de esta exposici\u00f3n itinerante, que permanecer\u00e1 abierta al p\u00fablico hasta el 20 de octubre.<\/p><\/div>\n<p>&nbsp;<\/p>\n<p><strong>Tultepec, Estado de M\u00e9xico<\/strong>.- Con la inauguraci\u00f3n de la\u00a0Muestra Pl\u00e1stica Itinerante de Casas de Cultura de la Regi\u00f3n III, autoridades locales confirman que Tultepec tiene en el folklor, el canto, la m\u00fasica y la pirotecnia; la expresi\u00f3n cultural que da identidad a este municipio, y por ello siempre cuenta con el impulso del gobierno municipal.<\/p>\n<p>La exhibici\u00f3n de obras de 38 autores, instalada en la Galer\u00eda del Kiosco de la explanada municipal, consiste en una muestra que considera el arte como punto que transforma conciencias, desarrolla nuestra vocaci\u00f3n y ayuda a construir mejores personas, adem\u00e1s de ser la m\u00e1s rica expresi\u00f3n de nuestra individualidad.<\/p>\n<p>Juana Antonieta Z\u00fa\u00f1iga Urb\u00e1n, cronista municipal, explic\u00f3 que \u201cno es casual que Tultepec sea sede inicial de esta exposici\u00f3n itinerante, que permanecer\u00e1 abierta al p\u00fablico en general hasta el 20 de octubre, puesto que, por la tradici\u00f3n y riqueza cultural de este municipio, hacen de este lugar el marco ideal para esta manifestaci\u00f3n humana\u201d.<\/p>\n<p>Precis\u00f3 que en Tultepec se impulsa y se promueven el arte y la cultura como uno de los m\u00e1s importantes valores que dan identidad a este municipio, para que sean parte de los cimientos y desarrollo integral en la formaci\u00f3n del ciudadano, a fin de regresarle esa sensibilidad que nos hace mejores personas y mejores seres humanos.<\/p>\n<p>Por su parte, Mauricio Solano S\u00e1nchez, coordinador de la Casa de Cultura \u201cV\u00edctor Urb\u00e1n Velasco\u201d de Tultepec, agradeci\u00f3 la presencia de sus hom\u00f3logos de Coacalco, Oswaldo Cruz Arenas, Alejandro S\u00e1nchez Cede\u00f1o de Ecatepec y Eduardo S\u00e1nchez Calzada de Tultitl\u00e1n; con quienes coincidi\u00f3 en la importancia de aprovechar todos los espacios f\u00edsicos en la promoci\u00f3n de las diversas expresiones art\u00edsticas.<\/p>\n<p>Afirm\u00f3 que el desarrollo de las potencialidades del ser humano, son una de las tareas sociales m\u00e1s importantes y significativas en el largo y valioso proceso del g\u00e9nero humano. \u201cEl derecho a una educaci\u00f3n integral es una de las premisas fundamentales que deben defenderse, y ello sin duda incluye el acercamiento y disfrute de las artes en sus m\u00e1s diversas expresiones\u201d, dijo.<\/p>\n<p>Por ello las Casas de Cultura de Acolman, Coacalco, Tultitl\u00e1n, Tultepec y Ecatepec; han procurado desde su origen, a finales de la d\u00e9cada de 1980, alentar las inquietudes pl\u00e1sticas de ni\u00f1os, j\u00f3venes y adultos a trav\u00e9s de los diversos talleres que imparten, con el objetivo de contribuir al crecimiento integral de los mexiquenses por medio del rescate y la promoci\u00f3n de la cultura.<\/p>\n<p>As\u00ed naci\u00f3 esta iniciativa de mostrar en los diferentes municipios que conforman la Regi\u00f3n III, el trabajo creativo de ni\u00f1os, j\u00f3venes y adultos; que encuentran en la pintura y la escultura, un espacio para su creatividad y la expresi\u00f3n de sus emociones.<\/p>\n<p>A trav\u00e9s de t\u00e9cnicas al \u00f3leo, la acuarela, l\u00e1pices de colores, la tinta y los acr\u00edlicos; cobran forma paisajes, bodegones, escenas cotidianas que cargadas de emotividad, generan en el espectador el disfrute por el arte.\u00a0En la inauguraci\u00f3n tambi\u00e9n estuvieron presentes, Rodolfo Valencia Caballero, coordinador de Cultura municipal, y algunos artistas pl\u00e1sticos.<\/p>\n","protected":false},"excerpt":{"rendered":"<p>Con la inauguraci\u00f3n de la Muestra Pl\u00e1stica Itinerante de Casas de Cultura de la Regi\u00f3n III, autoridades locales confirman que Tultepec tiene en el folklor, el canto, la m\u00fasica y la pirotecnia; la expresi\u00f3n cultural que da identidad a este municipio, y por ello siempre cuenta con el impulso del gobierno municipal.<\/p>\n","protected":false},"author":3,"featured_media":396905,"comment_status":"open","ping_status":"open","sticky":false,"template":"","format":"standard","meta":{"_monsterinsights_skip_tracking":false,"_monsterinsights_sitenote_active":false,"_monsterinsights_sitenote_note":"","_monsterinsights_sitenote_category":0,"footnotes":""},"categories":[35155],"tags":[15135,43685,43675,56690,3802],"class_list":["post-396853","post","type-post","status-publish","format-standard","has-post-thumbnail","hentry","category-estado-de-mexico-estado-de-mexico","tag-compromiso","tag-cultura","tag-estado-de-mexico","tag-pirotecnia","tag-tultepec"],"_links":{"self":[{"href":"https:\/\/www.diarioimagen.net\/index.php?rest_route=\/wp\/v2\/posts\/396853","targetHints":{"allow":["GET"]}}],"collection":[{"href":"https:\/\/www.diarioimagen.net\/index.php?rest_route=\/wp\/v2\/posts"}],"about":[{"href":"https:\/\/www.diarioimagen.net\/index.php?rest_route=\/wp\/v2\/types\/post"}],"author":[{"embeddable":true,"href":"https:\/\/www.diarioimagen.net\/index.php?rest_route=\/wp\/v2\/users\/3"}],"replies":[{"embeddable":true,"href":"https:\/\/www.diarioimagen.net\/index.php?rest_route=%2Fwp%2Fv2%2Fcomments&post=396853"}],"version-history":[{"count":0,"href":"https:\/\/www.diarioimagen.net\/index.php?rest_route=\/wp\/v2\/posts\/396853\/revisions"}],"wp:featuredmedia":[{"embeddable":true,"href":"https:\/\/www.diarioimagen.net\/index.php?rest_route=\/wp\/v2\/media\/396905"}],"wp:attachment":[{"href":"https:\/\/www.diarioimagen.net\/index.php?rest_route=%2Fwp%2Fv2%2Fmedia&parent=396853"}],"wp:term":[{"taxonomy":"category","embeddable":true,"href":"https:\/\/www.diarioimagen.net\/index.php?rest_route=%2Fwp%2Fv2%2Fcategories&post=396853"},{"taxonomy":"post_tag","embeddable":true,"href":"https:\/\/www.diarioimagen.net\/index.php?rest_route=%2Fwp%2Fv2%2Ftags&post=396853"}],"curies":[{"name":"wp","href":"https:\/\/api.w.org\/{rel}","templated":true}]}}