{"id":396977,"date":"2018-10-01T00:04:49","date_gmt":"2018-10-01T05:04:49","guid":{"rendered":"https:\/\/www.diarioimagen.net\/?p=396977"},"modified":"2018-10-01T04:04:05","modified_gmt":"2018-10-01T09:04:05","slug":"capacita-gem-a-autoridades-municipales-electas-en-temas-de-desarrollo-social","status":"publish","type":"post","link":"https:\/\/www.diarioimagen.net\/?p=396977","title":{"rendered":"Capacita GEM a autoridades municipales electas en temas de desarrollo social"},"content":{"rendered":"<ul>\n<li><em><strong>Familia como el eje articulador del desarrollo<\/strong><\/em><\/li>\n<\/ul>\n<p>&nbsp;<\/p>\n<div id=\"attachment_396978\" style=\"width: 470px\" class=\"wp-caption aligncenter\"><img loading=\"lazy\" decoding=\"async\" aria-describedby=\"caption-attachment-396978\" class=\"size-large wp-image-396978\" src=\"https:\/\/www.diarioimagen.net\/wp-content\/uploads\/2018\/09\/CAPACITACION1ok-PORTAL-460x268.jpg\" alt=\"\" width=\"460\" height=\"268\" srcset=\"https:\/\/www.diarioimagen.net\/wp-content\/uploads\/2018\/09\/CAPACITACION1ok-PORTAL-460x268.jpg 460w, https:\/\/www.diarioimagen.net\/wp-content\/uploads\/2018\/09\/CAPACITACION1ok-PORTAL-240x140.jpg 240w, https:\/\/www.diarioimagen.net\/wp-content\/uploads\/2018\/09\/CAPACITACION1ok-PORTAL.jpg 480w\" sizes=\"auto, (max-width: 460px) 100vw, 460px\" \/><p id=\"caption-attachment-396978\" class=\"wp-caption-text\">Seminario de Inducci\u00f3n para Autoridades Municipales Electas precis\u00f3 que la estrategia \u201cFamilias fuertes\u201d, ubica a la familia como el eje articulador del desarrollo.<\/p><\/div>\n<p>&nbsp;<\/p>\n<p><strong>Toluca, Estado de M\u00e9xico<\/strong>.- La pol\u00edtica social del Gobierno del Estado de M\u00e9xico tiene como prop\u00f3sito general reducir la pobreza, marginaci\u00f3n y vulnerabilidad de las personas, al generar las condiciones para su desarrollo y bienestar, mediante la participaci\u00f3n de diversas instancias, se\u00f1al\u00f3 el Secretario del ramo, Eric Sevilla Montes de Oca.<\/p>\n<p>Durante su exposici\u00f3n en el Seminario de Inducci\u00f3n para Autoridades Municipales Electas 2019-2021, precis\u00f3 que la estrategia \u201cFamilias fuertes\u201d, impulsada por el Gobernador Alfredo Del Mazo Maza, ubica a la familia como el eje articulador del desarrollo, al sustentarla en ocho conceptos b\u00e1sicos: acceso igualitario a oportunidades, acceso pleno de los derechos sociales, beneficiarios como agentes del cambio, que est\u00e9n totalmente libres de discriminaci\u00f3n y violencia, que la familia sea la base de la integraci\u00f3n social, transparente y medible en sus resultados, as\u00ed como generadora de capacidades perdurables en el tiempo.<\/p>\n<p>En el Instituto Hacendario del Estado de M\u00e9xico, indic\u00f3 que una de las bases para concretar las pol\u00edticas p\u00fablicas de la actual administraci\u00f3n fue analizar la distribuci\u00f3n del gasto del hogar, a trav\u00e9s de los trabajos realizados por el Consejo de Investigaci\u00f3n y Evaluaci\u00f3n de la Pol\u00edtica Social (CIEPS).<\/p>\n<p>Por lo anterior, explic\u00f3 que de cada peso que tienen las familias, el 47.9 de centavos lo gastan en alimentaci\u00f3n; el 33.3 en la econom\u00eda que tiene que ver con transporte, cuidado personal, vestido, agua, luz y electricidad; 10.5 centavos de cada peso, en temas de vivienda; 7.5 en educaci\u00f3n y de manera marginal es decir, el 0.8 d\u00e9cimas de centavo para salud, de ah\u00ed la importancia de mantener para este rubro los servicios p\u00fablicos.<\/p>\n<p>Es as\u00ed que se dise\u00f1a un eje transversal, por medio del cual, se atiende a las Familias fuertes, en donde se coloca para la parte de la econom\u00eda, el programa emblem\u00e1tico del Gobierno del Estado de M\u00e9xico: Salario rosa y que tiene perfectamente ubicadas a las mujeres que habr\u00e1n de atenderse para los pr\u00f3ximos seis a\u00f1os, cuyo rango de edad abarca de los 18 a 59 a\u00f1os, detall\u00f3.<\/p>\n<p>Asimismo, Eric Sevilla Montes de Oca habl\u00f3 del Fondo de Aportaciones para la Infraestructura Social (FAIS), cuyo objetivo es el financiamiento de obras, acciones sociales b\u00e1sicas e inversiones que beneficien de manera directa a la poblaci\u00f3n en pobreza extrema, localidades con alto o muy alto nivel de rezago social.<\/p>\n<p>El FAIS tiene dos grandes vertientes: el Fondo de Infraestructura Social Estatal (FISE) encaminado a obras de agua, saneamiento, vivienda, educaci\u00f3n, salud y urbanizaci\u00f3n, adem\u00e1s de proyectos de infraestructura agr\u00edcola, artesanal\u00a0 y forestal, entre otros; y por otra parte, est\u00e1 el Fondo de Aportaciones para la Infraestructura Social Municipal y de las Demarcaciones Territoriales del Distrito Federal (FISMDF), relacionado con proyectos de agua potable, alcantarillado, drenaje, letrinas, urbanizaci\u00f3n, electrificaci\u00f3n rural, infraestructura b\u00e1sica de salud y educaci\u00f3n, concluy\u00f3.<\/p>\n","protected":false},"excerpt":{"rendered":"<p>La pol\u00edtica social del Gobierno del Estado de M\u00e9xico tiene como prop\u00f3sito general reducir la pobreza, marginaci\u00f3n y vulnerabilidad de las personas, al generar las condiciones para su desarrollo y bienestar, mediante la participaci\u00f3n de diversas instancias, se\u00f1al\u00f3 el Secretario del ramo, Eric Sevilla Montes de Oca.<\/p>\n","protected":false},"author":5,"featured_media":396978,"comment_status":"open","ping_status":"open","sticky":false,"template":"","format":"standard","meta":{"_monsterinsights_skip_tracking":false,"_monsterinsights_sitenote_active":false,"_monsterinsights_sitenote_note":"","_monsterinsights_sitenote_category":0,"footnotes":""},"categories":[35155],"tags":[78669,66232,43675,78671,78670,452],"class_list":["post-396977","post","type-post","status-publish","format-standard","has-post-thumbnail","hentry","category-estado-de-mexico-estado-de-mexico","tag-capacita-gem","tag-eric-sevilla-montes-de-oca","tag-estado-de-mexico","tag-municipales-electas","tag-temas-de-desarrollo-social","tag-toluca"],"_links":{"self":[{"href":"https:\/\/www.diarioimagen.net\/index.php?rest_route=\/wp\/v2\/posts\/396977","targetHints":{"allow":["GET"]}}],"collection":[{"href":"https:\/\/www.diarioimagen.net\/index.php?rest_route=\/wp\/v2\/posts"}],"about":[{"href":"https:\/\/www.diarioimagen.net\/index.php?rest_route=\/wp\/v2\/types\/post"}],"author":[{"embeddable":true,"href":"https:\/\/www.diarioimagen.net\/index.php?rest_route=\/wp\/v2\/users\/5"}],"replies":[{"embeddable":true,"href":"https:\/\/www.diarioimagen.net\/index.php?rest_route=%2Fwp%2Fv2%2Fcomments&post=396977"}],"version-history":[{"count":0,"href":"https:\/\/www.diarioimagen.net\/index.php?rest_route=\/wp\/v2\/posts\/396977\/revisions"}],"wp:featuredmedia":[{"embeddable":true,"href":"https:\/\/www.diarioimagen.net\/index.php?rest_route=\/wp\/v2\/media\/396978"}],"wp:attachment":[{"href":"https:\/\/www.diarioimagen.net\/index.php?rest_route=%2Fwp%2Fv2%2Fmedia&parent=396977"}],"wp:term":[{"taxonomy":"category","embeddable":true,"href":"https:\/\/www.diarioimagen.net\/index.php?rest_route=%2Fwp%2Fv2%2Fcategories&post=396977"},{"taxonomy":"post_tag","embeddable":true,"href":"https:\/\/www.diarioimagen.net\/index.php?rest_route=%2Fwp%2Fv2%2Ftags&post=396977"}],"curies":[{"name":"wp","href":"https:\/\/api.w.org\/{rel}","templated":true}]}}