{"id":396980,"date":"2018-10-01T00:10:14","date_gmt":"2018-10-01T05:10:14","guid":{"rendered":"https:\/\/www.diarioimagen.net\/?p=396980"},"modified":"2018-10-01T00:37:34","modified_gmt":"2018-10-01T05:37:34","slug":"prepara-salud-a-especialistas-mexiquenses-para-atender-infartos","status":"publish","type":"post","link":"https:\/\/www.diarioimagen.net\/?p=396980","title":{"rendered":"Se trabaja para combatir la pobreza y  desigualdad"},"content":{"rendered":"<h2>Arco Norte<\/h2>\n<h5>Jos\u00e9 Luis Monta\u00f1ez Aguilar<\/h5>\n<p>&nbsp;<\/p>\n<p>\u201cEn nuestro tiempo, el Estado de M\u00e9xico tiene nuevos sue\u00f1os, vinculados con el combate a la pobreza y la desigualdad, con la promoci\u00f3n del desarrollo humano y con el acceso igualitario a las oportunidades\u201d, se\u00f1al\u00f3 el secretario de Desarrollo Social, Eric Sevilla Montes de Oca, durante su intervenci\u00f3n como orador oficial, en la ceremonia Conmemorativa por el CCLIII Aniversario del Nacimiento del General\u00edsimo Jos\u00e9 Mar\u00eda Morelos y Pav\u00f3n.<\/p>\n<p>Ante Felipe Serrano Llarena, director general de Atenci\u00f3n a Entidades Federativas y representante personal de Enrique Pe\u00f1a Nieto, Presidente de la Rep\u00fablica, as\u00ed como de los integrantes del gabinete estatal, expres\u00f3 que la mejor forma de honrar la memoria del Siervo de la Naci\u00f3n, es trabajar para consolidar el sue\u00f1o que tuvo de una sociedad libre, justa e igualitaria.<\/p>\n<p>En presencia de los representantes de los poderes Legislativo y Judicial del estado, apunt\u00f3 que el gobernador del Estado de M\u00e9xico, Alfredo Del Mazo Maza, ha asumido con toda responsabilidad el desaf\u00edo para contribuir a que esos sue\u00f1os se hagan realidad.<\/p>\n<p>Para ello, ha puesto en marcha una pol\u00edtica social incluyente, integral, solidaria y productiva, colocando en el centro de las decisiones el bienestar de las familias mexiquenses, expres\u00f3.<\/p>\n<p>&nbsp;<\/p>\n<p style=\"text-align: center;\"><strong>Prepara Salud a especialistas mexiquenses para atender infartos<\/strong><\/p>\n<p>&nbsp;<\/p>\n<div id=\"attachment_396981\" style=\"width: 470px\" class=\"wp-caption aligncenter\"><img loading=\"lazy\" decoding=\"async\" aria-describedby=\"caption-attachment-396981\" class=\"size-large wp-image-396981\" src=\"https:\/\/www.diarioimagen.net\/wp-content\/uploads\/2018\/09\/INFARTO1-PORTAL-460x268.jpg\" alt=\"\" width=\"460\" height=\"268\" srcset=\"https:\/\/www.diarioimagen.net\/wp-content\/uploads\/2018\/09\/INFARTO1-PORTAL-460x268.jpg 460w, https:\/\/www.diarioimagen.net\/wp-content\/uploads\/2018\/09\/INFARTO1-PORTAL-240x140.jpg 240w, https:\/\/www.diarioimagen.net\/wp-content\/uploads\/2018\/09\/INFARTO1-PORTAL.jpg 480w\" sizes=\"auto, (max-width: 460px) 100vw, 460px\" \/><p id=\"caption-attachment-396981\" class=\"wp-caption-text\">M\u00e1s de 3 mil profesionales de la salud del pa\u00eds se capacitaron para atender emergencias de pacientes que sufren enfermedades del coraz\u00f3n.<\/p><\/div>\n<p>&nbsp;<\/p>\n<p>La Secretar\u00eda de Salud del Estado de M\u00e9xico realiz\u00f3 el \u201cCurso de Reperfusi\u00f3n por Infarto Agudo al Miocardio\u201d, en el que m\u00e1s de 3 mil profesionales de la salud del pa\u00eds se capacitaron para atender emergencias de pacientes que sufren enfermedades del coraz\u00f3n y ampliaron conocimientos en padecimientos cardiovasculares y casos cl\u00ednicos.<\/p>\n<p>Este evento acad\u00e9mico se llev\u00f3 a cabo en el Centro M\u00e9dico \u201cLic.<\/p>\n<p>Adolfo L\u00f3pez Mateos\u201d en modalidad presencial, virtual y mixta; fue transmitido a 10 estados del pa\u00eds, a nueve sedes acad\u00e9micas estatales y a 68 hospitales a trav\u00e9s de Telemedicina y redes sociales.<\/p>\n<p>Participaron ponentes del Instituto Nacional de Cardiolog\u00eda, quienes realizaron conferencias referentes al diagn\u00f3stico de infarto, tratamiento, cirug\u00edas no invasivas al coraz\u00f3n, complicaciones y manejo cl\u00ednico.<\/p>\n<p>Asistieron a esta actividad, personal param\u00e9dico, urgenci\u00f3logos en cardiolog\u00eda hemodinamia y enfermedades vasculares, m\u00e9dicos internistas, enfermeras.<\/p>\n<p>Durante el evento, se realiz\u00f3 el an\u00e1lisis de un caso cl\u00ednico en vivo desde la Sala de Hemodinamia del Hospital Regional de Alta Especialidad de Zumpango, en el que especialistas evaluaron el diagn\u00f3stico con uso de electrocardiogramas y un angi\u00f3grafo que trasmite im\u00e1genes digitales del sistema circulatorio en tiempo real.<\/p>\n<p>Los especialistas coincidieron en la terapia a seguir para regular y disminuir lesiones que pudieran provocar infartos en ese paciente.<\/p>\n<p>El curso es parte de la Estrategia Estatal para el manejo del Infarto Agudo al Miocardio y el Programa Nacional para la Reducci\u00f3n de la Mortalidad por Infarto Agudo al Miocardio (PREMIA) en todos los niveles de atenci\u00f3n.<\/p>\n<p><em><a href=\"mailto:montanezaguilar@gmail.com\" target=\"_blank\" rel=\"noopener\">montanezaguilar@gmail.com<\/a><\/em><\/p>\n","protected":false},"excerpt":{"rendered":"<p><span style=\"color: #005497;\">Jos\u00e9 Luis Monta\u00f1ez Aguilar<\/span><br \/>\n<br \/>\n\u201cEn nuestro tiempo, el Estado de M\u00e9xico tiene nuevos sue\u00f1os, vinculados con el combate a la pobreza y la desigualdad, con la promoci\u00f3n del desarrollo humano y con el acceso igualitario a las oportunidades\u201d, se\u00f1al\u00f3 el secretario de Desarrollo Social, Eric Sevilla Montes de Oca, durante su intervenci\u00f3n como orador oficial, en la ceremonia Conmemorativa por el CCLIII Aniversario del Nacimiento del General\u00edsimo Jos\u00e9 Mar\u00eda Morelos y Pav\u00f3n.<\/p>\n","protected":false},"author":5,"featured_media":396981,"comment_status":"open","ping_status":"open","sticky":false,"template":"","format":"standard","meta":{"_monsterinsights_skip_tracking":false,"_monsterinsights_sitenote_active":false,"_monsterinsights_sitenote_note":"","_monsterinsights_sitenote_category":0,"footnotes":""},"categories":[5],"tags":[13284,78673,43704,6609,43674,78672,78674],"class_list":["post-396980","post","type-post","status-publish","format-standard","has-post-thumbnail","hentry","category-estado-de-mexico","tag-arco-norte","tag-atender-infartos","tag-jose-luis-montanez-aguilar","tag-mexiquenses","tag-opinion","tag-prepara-salud","tag-curso-de-reperfusion-por-infarto-agudo-al-miocardio"],"_links":{"self":[{"href":"https:\/\/www.diarioimagen.net\/index.php?rest_route=\/wp\/v2\/posts\/396980","targetHints":{"allow":["GET"]}}],"collection":[{"href":"https:\/\/www.diarioimagen.net\/index.php?rest_route=\/wp\/v2\/posts"}],"about":[{"href":"https:\/\/www.diarioimagen.net\/index.php?rest_route=\/wp\/v2\/types\/post"}],"author":[{"embeddable":true,"href":"https:\/\/www.diarioimagen.net\/index.php?rest_route=\/wp\/v2\/users\/5"}],"replies":[{"embeddable":true,"href":"https:\/\/www.diarioimagen.net\/index.php?rest_route=%2Fwp%2Fv2%2Fcomments&post=396980"}],"version-history":[{"count":0,"href":"https:\/\/www.diarioimagen.net\/index.php?rest_route=\/wp\/v2\/posts\/396980\/revisions"}],"wp:featuredmedia":[{"embeddable":true,"href":"https:\/\/www.diarioimagen.net\/index.php?rest_route=\/wp\/v2\/media\/396981"}],"wp:attachment":[{"href":"https:\/\/www.diarioimagen.net\/index.php?rest_route=%2Fwp%2Fv2%2Fmedia&parent=396980"}],"wp:term":[{"taxonomy":"category","embeddable":true,"href":"https:\/\/www.diarioimagen.net\/index.php?rest_route=%2Fwp%2Fv2%2Fcategories&post=396980"},{"taxonomy":"post_tag","embeddable":true,"href":"https:\/\/www.diarioimagen.net\/index.php?rest_route=%2Fwp%2Fv2%2Ftags&post=396980"}],"curies":[{"name":"wp","href":"https:\/\/api.w.org\/{rel}","templated":true}]}}