{"id":396998,"date":"2018-10-01T00:06:48","date_gmt":"2018-10-01T05:06:48","guid":{"rendered":"https:\/\/www.diarioimagen.net\/?p=396998"},"modified":"2018-10-01T01:48:04","modified_gmt":"2018-10-01T06:48:04","slug":"bruno-danzza-presenta-expo-compositores","status":"publish","type":"post","link":"https:\/\/www.diarioimagen.net\/?p=396998","title":{"rendered":"Bruno Danzza presenta Expo Compositores"},"content":{"rendered":"<ul>\n<li><em><strong><sub>El cantautor anuncia que este a\u00f1o contar\u00e1 con la presencia de Fonseca y Armando \u00c1vila, entre otros<\/sub><\/strong><\/em><\/li>\n<\/ul>\n<h6>\u00a0Arturo Arellano<\/h6>\n<p>&nbsp;<\/p>\n<div id=\"attachment_396999\" style=\"width: 354px\" class=\"wp-caption aligncenter\"><img loading=\"lazy\" decoding=\"async\" aria-describedby=\"caption-attachment-396999\" class=\"size-large wp-image-396999\" src=\"https:\/\/www.diarioimagen.net\/wp-content\/uploads\/2018\/09\/BRUNO-DANZZA-poortal-344x460.jpg\" alt=\"\" width=\"344\" height=\"460\" srcset=\"https:\/\/www.diarioimagen.net\/wp-content\/uploads\/2018\/09\/BRUNO-DANZZA-poortal-344x460.jpg 344w, https:\/\/www.diarioimagen.net\/wp-content\/uploads\/2018\/09\/BRUNO-DANZZA-poortal-180x240.jpg 180w, https:\/\/www.diarioimagen.net\/wp-content\/uploads\/2018\/09\/BRUNO-DANZZA-poortal.jpg 700w\" sizes=\"auto, (max-width: 344px) 100vw, 344px\" \/><p id=\"caption-attachment-396999\" class=\"wp-caption-text\">Con m\u00e1s de 500 temas grabados, el cantautor organiza uno de los eventos m\u00e1s importantes de composici\u00f3n en Latinoam\u00e9rica.<\/p><\/div>\n<p>&nbsp;<\/p>\n<p>Los d\u00edas 10 y 11 de octubre se celebrar\u00e1 en el Gran Hotel de M\u00e9xico una edici\u00f3n m\u00e1s de Expo Compositores. Se trata de un evento organizado por creadores de m\u00fasica para otros creadores de la misma vertiente, en el que los de gran de trayectoria le dan oportunidad a los nuevos talentos del gremio y se crean puentes creativos para generar en complicidad la m\u00fasica que acompa\u00f1a las vidas de la gente en el d\u00eda a d\u00eda. Para esta edici\u00f3n, seg\u00fan Bruno Danzza, cantautor y organizador del evento, se contar\u00e1 con la presencia de artistas de la talla de Fonseca y Armando \u00c1vila, este ultimo responsable de \u00e9xitos radiales con grupos como RBD, La Quinta Estaci\u00f3n y otros.<\/p>\n<p>Para ahondar en algunos aspectos de este evento, el mismo Danzza concedi\u00f3 una entrevista a DIARIO IMAGEN, en la que dijo \u201cEs un ciclo de conferencias con eventos nocturnos, entre los que destaca \u2018La noche bohemia\u2019 y la cena de gala. El a\u00f1o pasado vino Erika Ender co-compositora del tema \u2018Despacito\u2019 a dar una Master class y para este 2018 vendr\u00e1 Fonseca, el colombiano Joey Montana y Armando \u00c1vila, genio productor responsable de \u00e9xitos con RBD, La Quinta Estaci\u00f3n, Luis Fonsi y otros, va a dar una conferencia sobre como podr\u00eda ser mas f\u00e1cil el camino para el autor. En fin, participan todas las sociedades autorales de M\u00e9xico\u201d.<\/p>\n<p>\u201cHacemos esto porque es importante orientar y que el nuevo compositor y el experimentado sepan como se gana el dinero ahora y como se va a ganar ma\u00f1ana. Los usos de la m\u00fasica est\u00e1n tomando otro camino y tenemos que aprender de ello. Adem\u00e1s de la colaboraci\u00f3n, buscamos que se conozcan y tengan contacto con el gremio editorial. Lo mismo tendremos un panel de m\u00fasica de mariachi, porque nos parece que hay que rescatarla, es nuestro compromiso defender tambi\u00e9n la m\u00fasica vern\u00e1cula\u201d.<\/p>\n<p>Como cada a\u00f1o, Expo Compositores organizar\u00e1 un concurso para nuevos talentos del que coment\u00f3 \u201cPueden entrara a ver las bases en Expo Compositores.com se les dar\u00e1 premio econ\u00f3mico a los tres primeros lugares y al inscribirse obtienen en autom\u00e1tico una liga para subir su canci\u00f3n a plataformas digitales por medio de manera gratuita y as\u00ed empezar a darse a conocer y promover su trabajo. Aparte los que concursan tendr\u00e1n oportunidad de acceder a din\u00e1micas con artistas como Banda Lim\u00f3n y M\u00f3nica V\u00e9lez. De este concurso se eligen algunos tracks, por ejemplo, del concurso del a\u00f1o pasado tres canciones ya est\u00e1n en el disco de la Banda Lim\u00f3n. Los nuevos compositores no sab\u00edan la manera de acercarse con los artistas y esta Expo ha sido un medio para acercarlos. Este a\u00f1o se suman Los Rieleros del Norte y Yahir, ellos mismos estar\u00e1n presentes para decirles a los chavos que tipo de canciones est\u00e1n buscando para sus discos\u201d.<\/p>\n<p>\u201cEl evento no s\u00f3lo es un ciclo de conferencias, sino algo pro activo, yo hubiera querido que hubiera un evento as\u00ed cuando empec\u00e9 en esto. Tengo m\u00e1s de 500 canciones grabadas de todo tipo y ahora mismo en el disco de Edith M\u00e1rquez tengo tres temas \u2018Completamente blindada\u2019, \u2018Desv\u00edsteme\u2019 y uno m\u00e1s, pero estoy seguro de que si hubiera habido un evento as\u00ed mi carrera habr\u00eda sido m\u00e1s prol\u00edfica. Quiero que los chavos tengan esa oportunidad\u201d.<\/p>\n","protected":false},"excerpt":{"rendered":"<p>Los d\u00edas 10 y 11 de octubre se celebrar\u00e1 en el Gran Hotel de M\u00e9xico una edici\u00f3n m\u00e1s de Expo Compositores. Se trata de un evento organizado por creadores de m\u00fasica para otros creadores de la misma vertiente, en el que los de gran de trayectoria le dan oportunidad a los nuevos talentos del gremio y se crean puentes creativos para generar en complicidad la m\u00fasica que acompa\u00f1a las vidas de la gente en el d\u00eda a d\u00eda. <\/p>\n","protected":false},"author":5,"featured_media":397000,"comment_status":"open","ping_status":"open","sticky":false,"template":"","format":"standard","meta":{"_monsterinsights_skip_tracking":false,"_monsterinsights_sitenote_active":false,"_monsterinsights_sitenote_note":"","_monsterinsights_sitenote_category":0,"footnotes":""},"categories":[12],"tags":[63649,43682,78687,78688,78689],"class_list":["post-396998","post","type-post","status-publish","format-standard","has-post-thumbnail","hentry","category-espectaculos","tag-bruno-danzza","tag-espectaculos","tag-expo-compositores","tag-fonseca-y-armando-avila","tag-gran-hotel-de-mexico"],"_links":{"self":[{"href":"https:\/\/www.diarioimagen.net\/index.php?rest_route=\/wp\/v2\/posts\/396998","targetHints":{"allow":["GET"]}}],"collection":[{"href":"https:\/\/www.diarioimagen.net\/index.php?rest_route=\/wp\/v2\/posts"}],"about":[{"href":"https:\/\/www.diarioimagen.net\/index.php?rest_route=\/wp\/v2\/types\/post"}],"author":[{"embeddable":true,"href":"https:\/\/www.diarioimagen.net\/index.php?rest_route=\/wp\/v2\/users\/5"}],"replies":[{"embeddable":true,"href":"https:\/\/www.diarioimagen.net\/index.php?rest_route=%2Fwp%2Fv2%2Fcomments&post=396998"}],"version-history":[{"count":0,"href":"https:\/\/www.diarioimagen.net\/index.php?rest_route=\/wp\/v2\/posts\/396998\/revisions"}],"wp:featuredmedia":[{"embeddable":true,"href":"https:\/\/www.diarioimagen.net\/index.php?rest_route=\/wp\/v2\/media\/397000"}],"wp:attachment":[{"href":"https:\/\/www.diarioimagen.net\/index.php?rest_route=%2Fwp%2Fv2%2Fmedia&parent=396998"}],"wp:term":[{"taxonomy":"category","embeddable":true,"href":"https:\/\/www.diarioimagen.net\/index.php?rest_route=%2Fwp%2Fv2%2Fcategories&post=396998"},{"taxonomy":"post_tag","embeddable":true,"href":"https:\/\/www.diarioimagen.net\/index.php?rest_route=%2Fwp%2Fv2%2Ftags&post=396998"}],"curies":[{"name":"wp","href":"https:\/\/api.w.org\/{rel}","templated":true}]}}