{"id":397075,"date":"2018-10-01T00:01:07","date_gmt":"2018-10-01T05:01:07","guid":{"rendered":"https:\/\/www.diarioimagen.net\/?p=397075"},"modified":"2018-10-01T04:37:35","modified_gmt":"2018-10-01T09:37:35","slug":"el-airbus-a350-900-de-lufthansa-iniciara-operaciones-munich-ciudad-de-mexico-el-proximo-29-de-octubre-anuncio-dirk-van-nieuwkerk-director-general-de-la-aerolinea","status":"publish","type":"post","link":"https:\/\/www.diarioimagen.net\/?p=397075","title":{"rendered":"El <em>Airbus A350-900<\/em> de <em>Lufthansa<\/em> iniciar\u00e1 operaciones Munich-Ciudad de M\u00e9xico el pr\u00f3ximo 29 de octubre, anunci\u00f3 Dirk Van Nieuwkerk, director general de la aerol\u00ednea"},"content":{"rendered":"<h2>De cinco estrellas<\/h2>\n<h5>Victoria Gonz\u00e1lez Prado<\/h5>\n<p>&nbsp;<\/p>\n<ul>\n<li><strong>IHG<\/strong><em><strong> y <\/strong><\/em><strong>Champion Hotels<\/strong><em><strong> abren el primer avid hotel, en Oklahoma City, justo un a\u00f1o despu\u00e9s del lanzamiento oficial de la marca<\/strong><\/em><\/li>\n<li><em><strong>En la quincena del Comensal participan: <\/strong><\/em><strong>TK Terraza GrilI<\/strong><em><strong>, la <\/strong><\/em><strong>Cocina de El Tras<\/strong><em><strong> y <\/strong><\/em><strong>Carlito\u2019s Grill &amp; Garden<\/strong><em><strong>, en Cuernavaca<\/strong><\/em><\/li>\n<\/ul>\n<p>&nbsp;<\/p>\n<div id=\"attachment_397137\" style=\"width: 470px\" class=\"wp-caption aligncenter\"><a href=\"https:\/\/www.diarioimagen.net\/?attachment_id=397137\" rel=\"attachment wp-att-397137\"><img loading=\"lazy\" decoding=\"async\" aria-describedby=\"caption-attachment-397137\" class=\"size-large wp-image-397137\" src=\"https:\/\/www.diarioimagen.net\/wp-content\/uploads\/2018\/10\/turismo-3466-460x259.jpg\" alt=\"\" width=\"460\" height=\"259\" srcset=\"https:\/\/www.diarioimagen.net\/wp-content\/uploads\/2018\/10\/turismo-3466-460x259.jpg 460w, https:\/\/www.diarioimagen.net\/wp-content\/uploads\/2018\/10\/turismo-3466-240x135.jpg 240w, https:\/\/www.diarioimagen.net\/wp-content\/uploads\/2018\/10\/turismo-3466-235x132.jpg 235w, https:\/\/www.diarioimagen.net\/wp-content\/uploads\/2018\/10\/turismo-3466-202x114.jpg 202w, https:\/\/www.diarioimagen.net\/wp-content\/uploads\/2018\/10\/turismo-3466-350x196.jpg 350w, https:\/\/www.diarioimagen.net\/wp-content\/uploads\/2018\/10\/turismo-3466-220x123.jpg 220w, https:\/\/www.diarioimagen.net\/wp-content\/uploads\/2018\/10\/turismo-3466-237x132.jpg 237w, https:\/\/www.diarioimagen.net\/wp-content\/uploads\/2018\/10\/turismo-3466.jpg 480w\" sizes=\"auto, (max-width: 460px) 100vw, 460px\" \/><\/a><p id=\"caption-attachment-397137\" class=\"wp-caption-text\">Dirk Van Nieuwkerk.<\/p><\/div>\n<p>&nbsp;<\/p>\n<p><strong>Dirk Van Nieuwkerk<\/strong>, director general para M\u00e9xico y Centroam\u00e9rica de la aerol\u00ednea alemana <em>Luthansa,<\/em> anunci\u00f3 la llegada del ultramoderno avi\u00f3n A350-900, que iniciar\u00e1 operaciones en la ruta Munich-Ciudad de M\u00e9xico a partir del pr\u00f3ximo 29 de octubre con cinco frecuencias a la semana.<\/p>\n<p>Esta moderna aeronave simboliza una nueva dimensi\u00f3n de volar, las alas aerodin\u00e1micas se ajustan durante el vuelo, reduciendo el consumo de combustible un 25 por ciento.<\/p>\n<p>Adem\u00e1s, produce 25 por ciento menos emisiones y es significativamente m\u00e1s silenciosa durante el despegue.<\/p>\n<p>El A350-900 tiene espacio para un total de 293 pasajeros: 48 asientos en clase ejecutiva, 21 en econ\u00f3mica <em>premium<\/em> y 224 en econ\u00f3mica.<\/p>\n<p>Actualmente, la aerol\u00ednea cuenta con una moderna flota de 728 aviones, tecnol\u00f3gicamente avanzada y m\u00e1s ecol\u00f3gica. Adicional a ello, tiene \u00f3rdenes de compra por 176 aviones con un valor superior a los 30 mil millones de d\u00f3lares.<\/p>\n<p><strong>Dirk <\/strong>mencion\u00f3 tambi\u00e9n, durante la presentaci\u00f3n del A350, que las rutas a nuestro pa\u00eds son de las m\u00e1s rentables en la red global de la aerol\u00ednea, por lo que se vislumbra un futuro pr\u00f3spero y se espera un incremento de mexicanos visitando Alemania.<\/p>\n<p>\u201cEstamos muy contentos de que <em>Lufthansa<\/em> siga uniendo a M\u00e9xico con Alemania, lo cual beneficia al turismo y a las econom\u00edas de ambos pa\u00edses\u201d, mencion\u00f3 el directivo.<\/p>\n<p>La l\u00ednea a\u00e9rea alemana opera 52 vuelos a la semana hacia Am\u00e9rica Latina. Desde hace m\u00e1s de 50 a\u00f1os, <em>Lufthansa <\/em>ofrece vuelos entre Alemania y M\u00e9xico. En abril de 2014, la aerol\u00ednea conecta el aeropuerto de M\u00fanich con Ciudad de M\u00e9xico cinco veces a la semana; y tambi\u00e9n tiene 11 frecuencias semanales a Canc\u00fan.<\/p>\n<p>\u2730\u2730\u2730\u2730\u2730 IHG (<em>InterContinental Hotels Group<\/em>), anunci\u00f3 la apertura oficial de su primera propiedad <em>avid hotel Oklahoma City-Quall Springs<\/em> con 87 habitaciones.<\/p>\n<p>La nueva marca hotelera fue creada para satisfacer las necesidades de los 14 millones de viajeros que actualmente est\u00e1n desatendidos en este segmento de mercado que tiene un valor de 20 mil millones de d\u00f3lares.<\/p>\n<p>La marca fue dise\u00f1ada con la participaci\u00f3n de un grupo de los consumidores meta y un Comit\u00e9 Consultivo de los principales propietarios de hoteles IHG.<\/p>\n<p>Con su valiosa colaboraci\u00f3n, la marca dise\u00f1\u00f3 la experiencia de <em>avid hotels<\/em> para ofrecer exactamente lo que los hu\u00e9spedes de un hotel convencional han estado esperando, y al mismo tiempo son de f\u00e1cil construcci\u00f3n, operaci\u00f3n y mantenimiento.<\/p>\n<p>Al entrar a un <em>avid hotel<\/em> los viajeros son recibidos con un dise\u00f1o moderno, colores llamativos, mucha luz natural y una experiencia del hu\u00e9sped \u00fanica en la industria.<\/p>\n<p>Ei inmueble en Oklahoma es propiedad de y operado por <em>Champion Hotels,<\/em> el operador privado de hoteles m\u00e1s grande en los Estados Unidos. Este primer hotel abri\u00f3 solamente 199 d\u00edas despu\u00e9s de iniciada su construcci\u00f3n y demuestra que el due\u00f1o est\u00e1 convencido de la marca avid hotels y de lo que ofrece a los viajeros.<\/p>\n<p><strong>Elie Maalouf<\/strong>, <em>Chief Executive Officer de IHG en las Am\u00e9ricas<\/em>, dijo<strong>: <\/strong>\u201cla apertura de la primera propiedad en menos de un a\u00f1o despu\u00e9s del lanzamiento de la marca es un \u00e9xito importante para IHG.<\/p>\n<p>Trabajamos muy de cerca con nuestro Consejo Consultivo de Propietarios, incluyendo los due\u00f1os m\u00e1s importantes tales como <em>Champion Hotels<\/em>, para desarrollar una marca que sea buena tanto para los clientes como para los due\u00f1os.<\/p>\n<p>El fuerte impulso que ha tenido la marca, con m\u00e1s de 130 acuerdos ya firmados en Estados Unidos, Canad\u00e1 y M\u00e9xico, posicionandose como un motor de crecimiento a largo plazo para IHG en las Am\u00e9ricas\u201d.<\/p>\n<p>Por su parte,<strong> Champ Patel<\/strong>, presidente de <em>Champion Hotels<\/em>, a\u00f1adi\u00f3: \u201chemos estado involucrados con el desarrollo de los hoteles desde el principio y el equipo IHG escuch\u00f3 los comentarios de nuestro Consejo Consultivo de Propietarios para asegurarse de que la marca fuera atractiva para los propietarios y para los viajeros en busca de una experiencia de calidad. Por eso, creemos en la fuerza de la marca avid hotels y estamos orgullosos de abrir el primer hotel en Oklahoma City\u201d.<\/p>\n<p>Cada propiedad de <em>avid hotels<\/em> ser\u00e1 una nueva construcci\u00f3n, d\u00e1ndole a los viajeros una experiencia consistente cada vez que se hospeden. La experiencia del hu\u00e9sped se centra en cuatro \u00e1reas principales, cada una dise\u00f1ada para separar a la marca de otros hoteles convencionales en el mercado hoy en d\u00eda:<\/p>\n<p>Habitaciones dise\u00f1adas para un descanso profundo (<em>Sound Sleep),<\/em> la mejor experiencia de descanso, con habitaciones dise\u00f1adas intencionalmente para un descanso confiable. Esto incluye un colch\u00f3n y ropa de cama de alta calidad, selecci\u00f3n de almohadas firmes y suaves,\u00a0 persianas oscuras y un dise\u00f1o especial que reduce el ruido.<\/p>\n<p>Desayuno de Alta Calidad, el hotel tiene un nuevo enfoque con respecto al desayuno. Un n\u00famero selecto de opciones de marcas de alta calidad est\u00e1n disponibles para los hu\u00e9spedes, ya sea para llevar o para disfrutar en el <em>lobby;<\/em> junto a un caf\u00e9 reci\u00e9n elaborado (del grano a la taza) para iniciar el d\u00eda.<\/p>\n<p>La \u00faltima Tecnolog\u00eda, con<em> avid hotels<\/em>, primera marca en ofrecer <em>IHG \u00a0Studio,<\/em> opci\u00f3n de entretenimiento que va de los tel\u00e9fonos inteligentes y dispositivos personales de los hu\u00e9spedes hasta las TV de 55\u201d en cada habitaci\u00f3n. <em>IHG Connect <\/em>en cada hotel tambi\u00e9n ofrece tecnolog\u00eda <em>Wi-Fi<\/em> mejorada.<\/p>\n<p>La Garant\u00eda de <em>avid hotels<\/em><strong>, <\/strong>la habitaci\u00f3n ser\u00e1 \u201cperfecta\u201d a su llegada para que los hu\u00e9spedes puedan estar seguros de haber tomado la decisi\u00f3n correcta. Si la habitaci\u00f3n no cumple con los est\u00e1ndares de la Garant\u00eda a la llegada, el hotel le ofrecer\u00e1 un cambio inmediato de habitaci\u00f3n. Si no hay otra habitaci\u00f3n disponible, al hu\u00e9sped no se le cobrar\u00e1 la habitaci\u00f3n e impuestos de esa noche.<\/p>\n<p>M\u00e1s informaci\u00f3n: avidhotels.com.<\/p>\n<p>\u2730\u2730\u2730\u2730\u2730 La Asociaci\u00f3n Mexicana de Restaurantes (AMR) como todos los a\u00f1os, lanza la campa\u00f1a \u201cLa quincena del comensal\u201d que tiene lugar desde el 28 de septiembre al 14 de octubre.\u00a0Grupo Gastron\u00f3mico ROAL se une a esta deliciosa iniciativa con un men\u00fa especial de tres tiempos en cada uno de sus restaurantes participantes por 290 pesos.<\/p>\n<p>Con platillos para todos los gustos y paladares, as\u00ed nadie se quedar\u00e1 con \u201cel antojo\u201d y ser\u00e1 una invitaci\u00f3n a probar los men\u00fas en cada uno de los restaurantes del grupo.<\/p>\n<p>No olvides: \u201cEl \u00e1ngel de la fama tiene sus alas hechas de papel&#8230; peri\u00f3dico\u201d.<\/p>\n<p><em><a href=\"mailto:victoriagprado@gmail.com\" target=\"_blank\" rel=\"noopener\">victoriagprado@gmail.com<\/a><\/em><br \/>\n<em> Twitter: <a href=\"https:\/\/twitter.com\/victoriagprado\" target=\"_blank\" rel=\"noopener\">@victoriagprado<\/a><\/em><\/p>\n","protected":false},"excerpt":{"rendered":"<p><strong>Dirk Van Nieuwkerk<\/strong>, director general para M\u00e9xico y Centroam\u00e9rica de la aerol\u00ednea alemana <em>Luthansa,<\/em> anunci\u00f3 la llegada del ultramoderno avi\u00f3n A350-900, que iniciar\u00e1 operaciones en la ruta Munich-Ciudad de M\u00e9xico a partir del pr\u00f3ximo 29 de octubre con cinco frecuencias a la semana.<\/p>\n","protected":false},"author":3,"featured_media":397137,"comment_status":"open","ping_status":"open","sticky":false,"template":"","format":"standard","meta":{"_monsterinsights_skip_tracking":false,"_monsterinsights_sitenote_active":false,"_monsterinsights_sitenote_note":"","_monsterinsights_sitenote_category":0,"footnotes":""},"categories":[11],"tags":[107,43674,43681,106],"class_list":["post-397075","post","type-post","status-publish","format-standard","has-post-thumbnail","hentry","category-turismo","tag-de-cinco-estrellas","tag-opinion","tag-turismo","tag-victoria-gonzalez-prado"],"_links":{"self":[{"href":"https:\/\/www.diarioimagen.net\/index.php?rest_route=\/wp\/v2\/posts\/397075","targetHints":{"allow":["GET"]}}],"collection":[{"href":"https:\/\/www.diarioimagen.net\/index.php?rest_route=\/wp\/v2\/posts"}],"about":[{"href":"https:\/\/www.diarioimagen.net\/index.php?rest_route=\/wp\/v2\/types\/post"}],"author":[{"embeddable":true,"href":"https:\/\/www.diarioimagen.net\/index.php?rest_route=\/wp\/v2\/users\/3"}],"replies":[{"embeddable":true,"href":"https:\/\/www.diarioimagen.net\/index.php?rest_route=%2Fwp%2Fv2%2Fcomments&post=397075"}],"version-history":[{"count":0,"href":"https:\/\/www.diarioimagen.net\/index.php?rest_route=\/wp\/v2\/posts\/397075\/revisions"}],"wp:featuredmedia":[{"embeddable":true,"href":"https:\/\/www.diarioimagen.net\/index.php?rest_route=\/wp\/v2\/media\/397137"}],"wp:attachment":[{"href":"https:\/\/www.diarioimagen.net\/index.php?rest_route=%2Fwp%2Fv2%2Fmedia&parent=397075"}],"wp:term":[{"taxonomy":"category","embeddable":true,"href":"https:\/\/www.diarioimagen.net\/index.php?rest_route=%2Fwp%2Fv2%2Fcategories&post=397075"},{"taxonomy":"post_tag","embeddable":true,"href":"https:\/\/www.diarioimagen.net\/index.php?rest_route=%2Fwp%2Fv2%2Ftags&post=397075"}],"curies":[{"name":"wp","href":"https:\/\/api.w.org\/{rel}","templated":true}]}}