{"id":397083,"date":"2018-10-01T00:08:57","date_gmt":"2018-10-01T05:08:57","guid":{"rendered":"https:\/\/www.diarioimagen.net\/?p=397083"},"modified":"2018-10-01T04:40:51","modified_gmt":"2018-10-01T09:40:51","slug":"gobierno-municipal-da-a-conocer-el-mapa-correcto-de-la-geografia-de-tultepec","status":"publish","type":"post","link":"https:\/\/www.diarioimagen.net\/?p=397083","title":{"rendered":"Gobierno municipal da a conocer el mapa correcto de la geograf\u00eda de Tultepec"},"content":{"rendered":"<ul>\n<li><strong><em>Trabajan en escuelas con el distorsionado; que ser\u00e1 retirado<\/em><\/strong><\/li>\n<\/ul>\n<p>&nbsp;<\/p>\n<div id=\"attachment_397143\" style=\"width: 470px\" class=\"wp-caption aligncenter\"><a href=\"https:\/\/www.diarioimagen.net\/?attachment_id=397143\" rel=\"attachment wp-att-397143\"><img loading=\"lazy\" decoding=\"async\" aria-describedby=\"caption-attachment-397143\" class=\"size-large wp-image-397143\" src=\"https:\/\/www.diarioimagen.net\/wp-content\/uploads\/2018\/10\/TULTEPEC-3466-460x259.jpg\" alt=\"\" width=\"460\" height=\"259\" srcset=\"https:\/\/www.diarioimagen.net\/wp-content\/uploads\/2018\/10\/TULTEPEC-3466-460x259.jpg 460w, https:\/\/www.diarioimagen.net\/wp-content\/uploads\/2018\/10\/TULTEPEC-3466-240x135.jpg 240w, https:\/\/www.diarioimagen.net\/wp-content\/uploads\/2018\/10\/TULTEPEC-3466-235x132.jpg 235w, https:\/\/www.diarioimagen.net\/wp-content\/uploads\/2018\/10\/TULTEPEC-3466-202x114.jpg 202w, https:\/\/www.diarioimagen.net\/wp-content\/uploads\/2018\/10\/TULTEPEC-3466-350x196.jpg 350w, https:\/\/www.diarioimagen.net\/wp-content\/uploads\/2018\/10\/TULTEPEC-3466-220x123.jpg 220w, https:\/\/www.diarioimagen.net\/wp-content\/uploads\/2018\/10\/TULTEPEC-3466-237x132.jpg 237w, https:\/\/www.diarioimagen.net\/wp-content\/uploads\/2018\/10\/TULTEPEC-3466.jpg 480w\" sizes=\"auto, (max-width: 460px) 100vw, 460px\" \/><\/a><p id=\"caption-attachment-397143\" class=\"wp-caption-text\">Buscan retirar de un mapa distorsionado sobre el territorio de Tultepec, que se comercializa en papeler\u00edas y es con el que el que trabajan en escuelas primarias, profesores y alumnos.<\/p><\/div>\n<p>&nbsp;<\/p>\n<p><strong>Tultepec, Estado de M\u00e9xico<\/strong>.- Autoridades locales buscan el retiro de un mapa distorsionado sobre el territorio de Tultepec, que se comercializa en papeler\u00edas del municipio, con el que el que trabajan en escuelas primarias profesores y alumnos en la materia denominada\u00a0identidad municipal, que no corresponde en asimetr\u00eda, colonias, barrios, fraccionamientos, ejidos, ni dimensiones o colindancias que lo conforman.<\/p>\n<p>En el mapa distorsionado con raz\u00f3n social \u201cEdiciones Apolo\u201d, se ubican y mencionan comunidades inexistentes como es el caso de Lomas de Tenopalco, 2 de Marzo, Joyas, Jajalpa, Tilicotenco, Tlanelaca, Fresnos y Paseos San Pablo.<\/p>\n<p>Al respecto, Juana Antonieta Z\u00fa\u00f1iga Urb\u00e1n, cronista municipal, explic\u00f3 que \u201cel gobierno municipal est\u00e1 comprometido con el conocimiento y divulgaci\u00f3n de nuestra historia, aspecto en el que juega un papel fundamental la delimitaci\u00f3n geogr\u00e1fica y divisi\u00f3n pol\u00edtica de nuestro territorio, en barrios, colonias, fraccionamiento, delegaciones, ejido, etc.<\/p>\n<p>Dijo que en atenci\u00f3n al manejo adecuado de la informaci\u00f3n, se advierte a las autoridades escolares, profesores, padres de familia y estudiantes; que se ha detectado la venta de este documento distorsionado en diversas papeler\u00edas de la localidad de Tultepec, mismo que no corresponde ni f\u00edsica, ni en denominaci\u00f3n a la divisi\u00f3n pol\u00edtica oficial del territorio municipal.<\/p>\n<p>Por ello, el gobierno municipal pone a su disposici\u00f3n el mapa oficialmente reconocido del territorio de Tultepec, el cual puede ser descargado de la p\u00e1gina oficial\u00a0www.tultepec.gob.mx, donde se pueden distinguir perfectamente la extensi\u00f3n, colindancias y ubicaci\u00f3n numerada de colonias, delegaciones, fraccionamientos, barrios y ejidos que conforman el territorio.<\/p>\n<p>Con estas y otras acciones que lleva a cabo el gobierno local, en aras del fortalecimiento de la identidad municipal, contribuye al reforzamiento del sentido de pertenencia de la poblaci\u00f3n tultepequense.<\/p>\n<p>En el mismo sentido, el Ayuntamiento no descarta la colocaci\u00f3n de c\u00e9dulas informativas y mapas del territorio municipal en puntos estrat\u00e9gicos de todo el municipio para orientar a ciudadanos locales y visitantes, tanto de su ubicaci\u00f3n f\u00edsica dentro del territorio, as\u00ed como de cada una de las colonias, delegaciones, fraccionamientos, barrios y ejidos que lo integran.<\/p>\n","protected":false},"excerpt":{"rendered":"<p>Autoridades locales buscan el retiro de un mapa distorsionado sobre el territorio de Tultepec, que se comercializa en papeler\u00edas del municipio, con el que el que trabajan en escuelas primarias profesores y alumnos en la materia denominada identidad municipal, que no corresponde en asimetr\u00eda, colonias, barrios, fraccionamientos, ejidos, ni dimensiones o colindancias que lo conforman.<\/p>\n","protected":false},"author":3,"featured_media":397143,"comment_status":"open","ping_status":"open","sticky":false,"template":"","format":"standard","meta":{"_monsterinsights_skip_tracking":false,"_monsterinsights_sitenote_active":false,"_monsterinsights_sitenote_note":"","_monsterinsights_sitenote_category":0,"footnotes":""},"categories":[35155],"tags":[43675,78720,78721,3802],"class_list":["post-397083","post","type-post","status-publish","format-standard","has-post-thumbnail","hentry","category-estado-de-mexico-estado-de-mexico","tag-estado-de-mexico","tag-geografia","tag-mapa","tag-tultepec"],"_links":{"self":[{"href":"https:\/\/www.diarioimagen.net\/index.php?rest_route=\/wp\/v2\/posts\/397083","targetHints":{"allow":["GET"]}}],"collection":[{"href":"https:\/\/www.diarioimagen.net\/index.php?rest_route=\/wp\/v2\/posts"}],"about":[{"href":"https:\/\/www.diarioimagen.net\/index.php?rest_route=\/wp\/v2\/types\/post"}],"author":[{"embeddable":true,"href":"https:\/\/www.diarioimagen.net\/index.php?rest_route=\/wp\/v2\/users\/3"}],"replies":[{"embeddable":true,"href":"https:\/\/www.diarioimagen.net\/index.php?rest_route=%2Fwp%2Fv2%2Fcomments&post=397083"}],"version-history":[{"count":0,"href":"https:\/\/www.diarioimagen.net\/index.php?rest_route=\/wp\/v2\/posts\/397083\/revisions"}],"wp:featuredmedia":[{"embeddable":true,"href":"https:\/\/www.diarioimagen.net\/index.php?rest_route=\/wp\/v2\/media\/397143"}],"wp:attachment":[{"href":"https:\/\/www.diarioimagen.net\/index.php?rest_route=%2Fwp%2Fv2%2Fmedia&parent=397083"}],"wp:term":[{"taxonomy":"category","embeddable":true,"href":"https:\/\/www.diarioimagen.net\/index.php?rest_route=%2Fwp%2Fv2%2Fcategories&post=397083"},{"taxonomy":"post_tag","embeddable":true,"href":"https:\/\/www.diarioimagen.net\/index.php?rest_route=%2Fwp%2Fv2%2Ftags&post=397083"}],"curies":[{"name":"wp","href":"https:\/\/api.w.org\/{rel}","templated":true}]}}