{"id":397087,"date":"2018-10-01T00:06:15","date_gmt":"2018-10-01T05:06:15","guid":{"rendered":"https:\/\/www.diarioimagen.net\/?p=397087"},"modified":"2018-10-01T04:56:33","modified_gmt":"2018-10-01T09:56:33","slug":"encuentro-cabildos-fuertes-municipios-fuertes","status":"publish","type":"post","link":"https:\/\/www.diarioimagen.net\/?p=397087","title":{"rendered":"Encuentro \u201cCabildos fuertes, Municipios fuertes\u201d"},"content":{"rendered":"<p><a href=\"https:\/\/www.diarioimagen.net\/?attachment_id=397152\" rel=\"attachment wp-att-397152\"><img loading=\"lazy\" decoding=\"async\" class=\"aligncenter size-large wp-image-397152\" src=\"https:\/\/www.diarioimagen.net\/wp-content\/uploads\/2018\/10\/HUIXQUILUCAN-3466-460x259.jpg\" alt=\"\" width=\"460\" height=\"259\" srcset=\"https:\/\/www.diarioimagen.net\/wp-content\/uploads\/2018\/10\/HUIXQUILUCAN-3466-460x259.jpg 460w, https:\/\/www.diarioimagen.net\/wp-content\/uploads\/2018\/10\/HUIXQUILUCAN-3466-240x135.jpg 240w, https:\/\/www.diarioimagen.net\/wp-content\/uploads\/2018\/10\/HUIXQUILUCAN-3466-235x132.jpg 235w, https:\/\/www.diarioimagen.net\/wp-content\/uploads\/2018\/10\/HUIXQUILUCAN-3466-202x114.jpg 202w, https:\/\/www.diarioimagen.net\/wp-content\/uploads\/2018\/10\/HUIXQUILUCAN-3466-350x196.jpg 350w, https:\/\/www.diarioimagen.net\/wp-content\/uploads\/2018\/10\/HUIXQUILUCAN-3466-220x123.jpg 220w, https:\/\/www.diarioimagen.net\/wp-content\/uploads\/2018\/10\/HUIXQUILUCAN-3466-237x132.jpg 237w, https:\/\/www.diarioimagen.net\/wp-content\/uploads\/2018\/10\/HUIXQUILUCAN-3466.jpg 480w\" sizes=\"auto, (max-width: 460px) 100vw, 460px\" \/><\/a><\/p>\n<p>&nbsp;<\/p>\n<p><strong>Huixquilucan, Estado de M\u00e9xico<\/strong>.<strong>&#8211;<\/strong> Al encabezar el encuentro, \u201cCabildos fuertes, Municipios fuertes\u201d, el mun\u00edcipe de Huixquilucan y de la Asociaci\u00f3n Nacional de Alcaldes (ANAC), Enrique Vargas del Villar, destac\u00f3, ante s\u00edndicos y regidores electos, que la forma de hacer buen gobierno, es trabajar todos los d\u00edas de la administraci\u00f3n por el beneficio de sus municipios.<\/p>\n<p>\u201cEstamos entrando a una nueva historia en el pa\u00eds, el primero de julio la ciudadan\u00eda nos hizo un llamado a todos, y este fue, trabajar responsablemente\u201d.<\/p>\n<p>En Huixquilucan en el 2015, record\u00f3, la planilla que encabez\u00f3 gan\u00f3 por 380 votos, en el 2018 por 42 mil sufragios, por eso les recomend\u00f3 trabajar todos los d\u00edas, teniendo en claro \u201cque somos empleados del pueblo\u201d.<\/p>\n","protected":false},"excerpt":{"rendered":"<p>Al encabezar el encuentro, \u201cCabildos fuertes, Municipios fuertes\u201d, el mun\u00edcipe de Huixquilucan y de la Asociaci\u00f3n Nacional de Alcaldes (ANAC), Enrique Vargas del Villar, destac\u00f3, ante s\u00edndicos y regidores electos, que la forma de hacer buen gobierno, es trabajar todos los d\u00edas de la administraci\u00f3n por el beneficio de sus municipios.<\/p>\n","protected":false},"author":3,"featured_media":397152,"comment_status":"open","ping_status":"open","sticky":false,"template":"","format":"standard","meta":{"_monsterinsights_skip_tracking":false,"_monsterinsights_sitenote_active":false,"_monsterinsights_sitenote_note":"","_monsterinsights_sitenote_category":0,"footnotes":""},"categories":[35155],"tags":[23030,46007,43675,1097],"class_list":["post-397087","post","type-post","status-publish","format-standard","has-post-thumbnail","hentry","category-estado-de-mexico-estado-de-mexico","tag-cabildo","tag-encuentro","tag-estado-de-mexico","tag-huixquilucan"],"_links":{"self":[{"href":"https:\/\/www.diarioimagen.net\/index.php?rest_route=\/wp\/v2\/posts\/397087","targetHints":{"allow":["GET"]}}],"collection":[{"href":"https:\/\/www.diarioimagen.net\/index.php?rest_route=\/wp\/v2\/posts"}],"about":[{"href":"https:\/\/www.diarioimagen.net\/index.php?rest_route=\/wp\/v2\/types\/post"}],"author":[{"embeddable":true,"href":"https:\/\/www.diarioimagen.net\/index.php?rest_route=\/wp\/v2\/users\/3"}],"replies":[{"embeddable":true,"href":"https:\/\/www.diarioimagen.net\/index.php?rest_route=%2Fwp%2Fv2%2Fcomments&post=397087"}],"version-history":[{"count":0,"href":"https:\/\/www.diarioimagen.net\/index.php?rest_route=\/wp\/v2\/posts\/397087\/revisions"}],"wp:featuredmedia":[{"embeddable":true,"href":"https:\/\/www.diarioimagen.net\/index.php?rest_route=\/wp\/v2\/media\/397152"}],"wp:attachment":[{"href":"https:\/\/www.diarioimagen.net\/index.php?rest_route=%2Fwp%2Fv2%2Fmedia&parent=397087"}],"wp:term":[{"taxonomy":"category","embeddable":true,"href":"https:\/\/www.diarioimagen.net\/index.php?rest_route=%2Fwp%2Fv2%2Fcategories&post=397087"},{"taxonomy":"post_tag","embeddable":true,"href":"https:\/\/www.diarioimagen.net\/index.php?rest_route=%2Fwp%2Fv2%2Ftags&post=397087"}],"curies":[{"name":"wp","href":"https:\/\/api.w.org\/{rel}","templated":true}]}}