{"id":397089,"date":"2018-10-01T00:05:44","date_gmt":"2018-10-01T05:05:44","guid":{"rendered":"https:\/\/www.diarioimagen.net\/?p=397089"},"modified":"2018-10-01T04:57:47","modified_gmt":"2018-10-01T09:57:47","slug":"inauguran-el-nuevo-panteon-municipal-san-bartolo-en-la-zona-centro-de-tultitlan","status":"publish","type":"post","link":"https:\/\/www.diarioimagen.net\/?p=397089","title":{"rendered":"Inauguran el nuevo pante\u00f3n municipal \u201cSan Bartolo\u201d, en la zona centro de Tultitl\u00e1n"},"content":{"rendered":"<ul>\n<li><strong><em>Respuesta a las necesidades de la comunidad<\/em><\/strong><\/li>\n<\/ul>\n<p>&nbsp;<\/p>\n<div id=\"attachment_397155\" style=\"width: 470px\" class=\"wp-caption aligncenter\"><a href=\"https:\/\/www.diarioimagen.net\/?attachment_id=397155\" rel=\"attachment wp-att-397155\"><img loading=\"lazy\" decoding=\"async\" aria-describedby=\"caption-attachment-397155\" class=\"size-large wp-image-397155\" src=\"https:\/\/www.diarioimagen.net\/wp-content\/uploads\/2018\/10\/TULTITLAN-3466-460x259.jpg\" alt=\"\" width=\"460\" height=\"259\" srcset=\"https:\/\/www.diarioimagen.net\/wp-content\/uploads\/2018\/10\/TULTITLAN-3466-460x259.jpg 460w, https:\/\/www.diarioimagen.net\/wp-content\/uploads\/2018\/10\/TULTITLAN-3466-240x135.jpg 240w, https:\/\/www.diarioimagen.net\/wp-content\/uploads\/2018\/10\/TULTITLAN-3466-235x132.jpg 235w, https:\/\/www.diarioimagen.net\/wp-content\/uploads\/2018\/10\/TULTITLAN-3466-202x114.jpg 202w, https:\/\/www.diarioimagen.net\/wp-content\/uploads\/2018\/10\/TULTITLAN-3466-350x196.jpg 350w, https:\/\/www.diarioimagen.net\/wp-content\/uploads\/2018\/10\/TULTITLAN-3466-220x123.jpg 220w, https:\/\/www.diarioimagen.net\/wp-content\/uploads\/2018\/10\/TULTITLAN-3466-237x132.jpg 237w, https:\/\/www.diarioimagen.net\/wp-content\/uploads\/2018\/10\/TULTITLAN-3466.jpg 480w\" sizes=\"auto, (max-width: 460px) 100vw, 460px\" \/><\/a><p id=\"caption-attachment-397155\" class=\"wp-caption-text\">Jorge Ad\u00e1n Barr\u00f3n Elizalde, en compa\u00f1\u00eda del obispo Guillermo Ortiz y autoridades municipales, encabez\u00f3 la inauguraci\u00f3n del\u00a0nuevo pante\u00f3n municipal \u201cSan Bartolo\u201d.<\/p><\/div>\n<p>&nbsp;<\/p>\n<p><strong>Tultitl\u00e1n, Estado de M\u00e9xico<\/strong>.- Respondiendo a una de las principales necesidades que ten\u00eda la comunidad ante la falta de espacios y saturaci\u00f3n en los\u00a0panteones\u00a0ya existentes, el maestro en administraci\u00f3n p\u00fablica, Jorge Ad\u00e1n Barr\u00f3n Elizalde, a trav\u00e9s de la direcci\u00f3n general de Obras Publicas y en compa\u00f1\u00eda del Secretario de Movilidad Raymundo Mart\u00ednez Carbajal, el Obispo Guillermo Ortiz y autoridades municipales, encabezaron la inauguraci\u00f3n del\u00a0nuevo pante\u00f3n municipal \u201cSan Bartolo\u201d,\u00a0en la zona centro de la demarcaci\u00f3n.<\/p>\n<p>Esta\u00a0 obra fue realizada con recursos municipales y\u00a0 cuenta con 600 metros\u00a0 lineales, capilla, andador, bardas, un estacionamiento de 1,170 metros cuadrados, fachada principal y una calle de entrada lateral, con una capacidad de 2,418 espacios para tumbas y es de importancia resaltar\u00a0 que los servicios de este pante\u00f3n ser\u00e1n totalmente gratuitos.<\/p>\n<p>\u201cEl d\u00eda de hoy entregamos una obra m\u00e1s, quiero agradecer con mucho cari\u00f1o y que nos ayudar\u00e1 a bendecir este pante\u00f3n el Obispo Guillermo Ortiz y no lo hubi\u00e9ramos logrado solos sin las gestiones del cabildo y era un tema de mucha importancia para cada uno\u201d recalc\u00f3 el edil Ad\u00e1n Barr\u00f3n, cabe destacar que esta obra se est\u00e1 buscando su gesti\u00f3n desde hace 12 a\u00f1os, sin embargo no se pudo concretar esta magna hasta la actual administraci\u00f3n.<\/p>\n<p>Por su parte el Secretario de Movilidad, Raymundo Mart\u00ednez Carbajal, coment\u00f3 que esta obra tiene un gran simbolismo para todos,\u00a0\u00a0 cuando se requiere\u00a0 rendimos culto para nuestros difuntos\u00a0\u00a0 y tener un lugar en donde rendirle tributo para visitarlos a platicar, es algo relevante y de gran impacto para la comunidad.<\/p>\n<p>El Presidente Municipal reconoci\u00f3 el trabajo que realizaron las instancias municipales como cabildo\u00a0que trabajaron a marchas forzadas para concretar este proyecto integral, moderno y sustentable y que seguir\u00e1n trabajando hasta el \u00faltimo d\u00eda de esta administraci\u00f3n siempre en beneficio de los tultitlenses.<\/p>\n<p>Finalmente vecinos de la zona agradecieron al presidente y a las autoridades municipales,\u00a0 que d\u00eda a d\u00eda trabajen a favor de los tultitlenses\u00a0 y por\u00a0 la inauguraci\u00f3n de esta importante obra, pues era una necesidad que ten\u00eda la comunidad desde hace tiempo.<\/p>\n","protected":false},"excerpt":{"rendered":"<p>Respondiendo a una de las principales necesidades que ten\u00eda la comunidad ante la falta de espacios y saturaci\u00f3n en los panteones ya existentes, el maestro en administraci\u00f3n p\u00fablica, Jorge Ad\u00e1n Barr\u00f3n Elizalde, a trav\u00e9s de la direcci\u00f3n general de Obras Publicas y en compa\u00f1\u00eda del Secretario de Movilidad Raymundo Mart\u00ednez Carbajal, el Obispo Guillermo Ortiz y autoridades municipales, encabezaron la inauguraci\u00f3n del nuevo pante\u00f3n municipal \u201cSan Bartolo\u201d, en la zona centro de la demarcaci\u00f3n.<\/p>\n","protected":false},"author":3,"featured_media":397155,"comment_status":"open","ping_status":"open","sticky":false,"template":"","format":"standard","meta":{"_monsterinsights_skip_tracking":false,"_monsterinsights_sitenote_active":false,"_monsterinsights_sitenote_note":"","_monsterinsights_sitenote_category":0,"footnotes":""},"categories":[35155],"tags":[43675,48077,78722,578],"class_list":["post-397089","post","type-post","status-publish","format-standard","has-post-thumbnail","hentry","category-estado-de-mexico-estado-de-mexico","tag-estado-de-mexico","tag-jorge-adan-barron-elizalde","tag-san-bartolo","tag-tultitlan"],"_links":{"self":[{"href":"https:\/\/www.diarioimagen.net\/index.php?rest_route=\/wp\/v2\/posts\/397089","targetHints":{"allow":["GET"]}}],"collection":[{"href":"https:\/\/www.diarioimagen.net\/index.php?rest_route=\/wp\/v2\/posts"}],"about":[{"href":"https:\/\/www.diarioimagen.net\/index.php?rest_route=\/wp\/v2\/types\/post"}],"author":[{"embeddable":true,"href":"https:\/\/www.diarioimagen.net\/index.php?rest_route=\/wp\/v2\/users\/3"}],"replies":[{"embeddable":true,"href":"https:\/\/www.diarioimagen.net\/index.php?rest_route=%2Fwp%2Fv2%2Fcomments&post=397089"}],"version-history":[{"count":0,"href":"https:\/\/www.diarioimagen.net\/index.php?rest_route=\/wp\/v2\/posts\/397089\/revisions"}],"wp:featuredmedia":[{"embeddable":true,"href":"https:\/\/www.diarioimagen.net\/index.php?rest_route=\/wp\/v2\/media\/397155"}],"wp:attachment":[{"href":"https:\/\/www.diarioimagen.net\/index.php?rest_route=%2Fwp%2Fv2%2Fmedia&parent=397089"}],"wp:term":[{"taxonomy":"category","embeddable":true,"href":"https:\/\/www.diarioimagen.net\/index.php?rest_route=%2Fwp%2Fv2%2Fcategories&post=397089"},{"taxonomy":"post_tag","embeddable":true,"href":"https:\/\/www.diarioimagen.net\/index.php?rest_route=%2Fwp%2Fv2%2Ftags&post=397089"}],"curies":[{"name":"wp","href":"https:\/\/api.w.org\/{rel}","templated":true}]}}