{"id":397203,"date":"2018-10-02T00:08:44","date_gmt":"2018-10-02T05:08:44","guid":{"rendered":"https:\/\/www.diarioimagen.net\/?p=397203"},"modified":"2018-10-02T22:35:23","modified_gmt":"2018-10-03T03:35:23","slug":"entrega-alfredo-del-azo-nuevas-ambulancias-al-issemym","status":"publish","type":"post","link":"https:\/\/www.diarioimagen.net\/?p=397203","title":{"rendered":"Entrega Del Mazo nuevas ambulancias al ISSEMyM"},"content":{"rendered":"<ul>\n<li><em><strong>Para brindar mejores servicios<\/strong><\/em><\/li>\n<li><em><strong>Atiende a m\u00e1s de 375 mil servidores p\u00fablicos y 63 mil pensionados<\/strong><\/em><\/li>\n<\/ul>\n<p>&nbsp;<\/p>\n<p>&nbsp;<\/p>\n<div id=\"attachment_397205\" style=\"width: 470px\" class=\"wp-caption aligncenter\"><img loading=\"lazy\" decoding=\"async\" aria-describedby=\"caption-attachment-397205\" class=\"wp-image-397205 size-large\" src=\"https:\/\/www.diarioimagen.net\/wp-content\/uploads\/2018\/10\/DEL-MAZO2-portal-460x268.jpg\" alt=\"\" width=\"460\" height=\"268\" srcset=\"https:\/\/www.diarioimagen.net\/wp-content\/uploads\/2018\/10\/DEL-MAZO2-portal-460x268.jpg 460w, https:\/\/www.diarioimagen.net\/wp-content\/uploads\/2018\/10\/DEL-MAZO2-portal-240x140.jpg 240w, https:\/\/www.diarioimagen.net\/wp-content\/uploads\/2018\/10\/DEL-MAZO2-portal.jpg 480w\" sizes=\"auto, (max-width: 460px) 100vw, 460px\" \/><p id=\"caption-attachment-397205\" class=\"wp-caption-text\">Alfredo Del Mazo encabez\u00f3 ceremonia donde se dieron 42 ambulancias de traslado, urgencias b\u00e1sicas y urgencias avanzadas.<\/p><\/div>\n<p>&nbsp;<\/p>\n<p><strong>Toluca, Estado de M\u00e9xico<\/strong>.- El gobernador Alfredo Del Mazo Maza entreg\u00f3 42 ambulancias de traslado, urgencias b\u00e1sicas y urgencias avanzadas al Instituto de Seguridad Social del Estado de M\u00e9xico y Municipios (ISSEMyM), las cuales cuentan con equipamiento moderno para brindar servicios m\u00e9dicos \u00f3ptimos a los derechohabientes.<\/p>\n<p>Detall\u00f3 que 25 son ambulancias de traslado, 10 de urgencias b\u00e1sicas y siete de urgencias avanzadas, que dar\u00e1n servicio a todos los afiliados del ISSEMyM. \u201cHoy nos reunimos aqu\u00ed para pr\u00e1cticamente renovar la mitad de la flota de ambulancias que tiene el Instituto de Seguridad Social del Estado de M\u00e9xico y Municipios, para brindarle un mejor servicio a los trabajadores que tienen el derecho a recibir este sistema por parte del ISSEMyM, y en donde estoy seguro que adem\u00e1s ser\u00e1n utilizadas con profesionalismo, con gran entrega y con gran dedicaci\u00f3n\u201d, afirm\u00f3.<\/p>\n<p>Del Mazo Maza reconoci\u00f3 el trabajo que realizan quienes forman parte del ISSEMyM, instituto estatal de seguridad social m\u00e1s importante del pa\u00eds, al tener bajo su cuidado la salud de 375 mil servidores p\u00fablicos y sus familias,\u00a0 as\u00ed como de 63 mil pensionados, en sus 112 unidades m\u00e9dicas.<\/p>\n<p>En este sentido, manifest\u00f3 que el ISSEMyM tiene como finalidad adoptar un nuevo modelo de atenci\u00f3n basado en la prevenci\u00f3n y la detecci\u00f3n oportuna de enfermedades, como c\u00e1ncer de mama y diabetes, para salvar m\u00e1s vidas y hacer m\u00e1s eficiente el gasto en salud con el mejoramiento de servicios y cobertura.<\/p>\n<p>\u201cEl ISSEMyM ha realizado desde su creaci\u00f3n, hace pr\u00e1cticamente 50 a\u00f1os, una labor ejemplar, gracias al trabajo y al esfuerzo continuo de sus trabajadores; el ISSEMyM es hoy la instituci\u00f3n estatal de seguridad social m\u00e1s importante del pa\u00eds y en sus manos est\u00e1 la salud de 376 mil servidores p\u00fablicos y sus familias, as\u00ed como la protecci\u00f3n del patrimonio de sus 63 mil pensionados\u201d, apunt\u00f3.<\/p>\n<p>Puntualiz\u00f3 que a trav\u00e9s de la reciente reforma a la ley del ISSEMyM se busca dar sostenibilidad financiera al instituto a largo plazo, mejorar los servicios a los derechohabientes y brindar seguridad a los jubilados y pensionados de que su patrimonio est\u00e1 garantizado para cuando lo requieran.<\/p>\n","protected":false},"excerpt":{"rendered":"<p>El gobernador Alfredo Del Mazo Maza entreg\u00f3 42 ambulancias de traslado, urgencias b\u00e1sicas y urgencias avanzadas al Instituto de Seguridad Social del Estado de M\u00e9xico y Municipios (ISSEMyM), las cuales cuentan con equipamiento moderno para brindar servicios m\u00e9dicos \u00f3ptimos a los derechohabientes.<\/p>\n","protected":false},"author":5,"featured_media":397205,"comment_status":"open","ping_status":"open","sticky":false,"template":"","format":"standard","meta":{"_monsterinsights_skip_tracking":false,"_monsterinsights_sitenote_active":false,"_monsterinsights_sitenote_note":"","_monsterinsights_sitenote_category":0,"footnotes":""},"categories":[5],"tags":[78735,52324,78736,2505,43675,699,452],"class_list":["post-397203","post","type-post","status-publish","format-standard","has-post-thumbnail","hentry","category-estado-de-mexico","tag-42-ambulancias-de-traslado","tag-50-anos","tag-63-mil-pensionados","tag-alfredo-del-mazo-maza","tag-estado-de-mexico","tag-issemym","tag-toluca"],"_links":{"self":[{"href":"https:\/\/www.diarioimagen.net\/index.php?rest_route=\/wp\/v2\/posts\/397203","targetHints":{"allow":["GET"]}}],"collection":[{"href":"https:\/\/www.diarioimagen.net\/index.php?rest_route=\/wp\/v2\/posts"}],"about":[{"href":"https:\/\/www.diarioimagen.net\/index.php?rest_route=\/wp\/v2\/types\/post"}],"author":[{"embeddable":true,"href":"https:\/\/www.diarioimagen.net\/index.php?rest_route=\/wp\/v2\/users\/5"}],"replies":[{"embeddable":true,"href":"https:\/\/www.diarioimagen.net\/index.php?rest_route=%2Fwp%2Fv2%2Fcomments&post=397203"}],"version-history":[{"count":0,"href":"https:\/\/www.diarioimagen.net\/index.php?rest_route=\/wp\/v2\/posts\/397203\/revisions"}],"wp:featuredmedia":[{"embeddable":true,"href":"https:\/\/www.diarioimagen.net\/index.php?rest_route=\/wp\/v2\/media\/397205"}],"wp:attachment":[{"href":"https:\/\/www.diarioimagen.net\/index.php?rest_route=%2Fwp%2Fv2%2Fmedia&parent=397203"}],"wp:term":[{"taxonomy":"category","embeddable":true,"href":"https:\/\/www.diarioimagen.net\/index.php?rest_route=%2Fwp%2Fv2%2Fcategories&post=397203"},{"taxonomy":"post_tag","embeddable":true,"href":"https:\/\/www.diarioimagen.net\/index.php?rest_route=%2Fwp%2Fv2%2Ftags&post=397203"}],"curies":[{"name":"wp","href":"https:\/\/api.w.org\/{rel}","templated":true}]}}