{"id":397284,"date":"2018-10-02T00:06:44","date_gmt":"2018-10-02T05:06:44","guid":{"rendered":"https:\/\/www.diarioimagen.net\/?p=397284"},"modified":"2018-10-02T05:40:08","modified_gmt":"2018-10-02T10:40:08","slug":"registra-cuautitlan-importante-avance-en-obra-publica","status":"publish","type":"post","link":"https:\/\/www.diarioimagen.net\/?p=397284","title":{"rendered":"Registra Cuautitl\u00e1n importante avance en obra p\u00fablica"},"content":{"rendered":"<p><a href=\"https:\/\/www.diarioimagen.net\/?attachment_id=397363\" rel=\"attachment wp-att-397363\"><img loading=\"lazy\" decoding=\"async\" class=\"aligncenter size-large wp-image-397363\" src=\"https:\/\/www.diarioimagen.net\/wp-content\/uploads\/2018\/10\/CUAUTITLAN-3467-460x259.jpg\" alt=\"\" width=\"460\" height=\"259\" srcset=\"https:\/\/www.diarioimagen.net\/wp-content\/uploads\/2018\/10\/CUAUTITLAN-3467-460x259.jpg 460w, https:\/\/www.diarioimagen.net\/wp-content\/uploads\/2018\/10\/CUAUTITLAN-3467-240x135.jpg 240w, https:\/\/www.diarioimagen.net\/wp-content\/uploads\/2018\/10\/CUAUTITLAN-3467-235x132.jpg 235w, https:\/\/www.diarioimagen.net\/wp-content\/uploads\/2018\/10\/CUAUTITLAN-3467-202x114.jpg 202w, https:\/\/www.diarioimagen.net\/wp-content\/uploads\/2018\/10\/CUAUTITLAN-3467-350x196.jpg 350w, https:\/\/www.diarioimagen.net\/wp-content\/uploads\/2018\/10\/CUAUTITLAN-3467-220x123.jpg 220w, https:\/\/www.diarioimagen.net\/wp-content\/uploads\/2018\/10\/CUAUTITLAN-3467-237x132.jpg 237w, https:\/\/www.diarioimagen.net\/wp-content\/uploads\/2018\/10\/CUAUTITLAN-3467.jpg 480w\" sizes=\"auto, (max-width: 460px) 100vw, 460px\" \/><\/a><\/p>\n<p>&nbsp;<\/p>\n<p><strong>Cuautitl\u00e1n, Estado de M\u00e9xico<\/strong><strong>.- <\/strong>Se registran en Cuautitl\u00e1n importantes avances de obra, tan solo en este a\u00f1o destacan la aprobaci\u00f3n de m\u00e1s de 26 millones de pesos de obra que ser\u00e1n entregados en diferentes lugares del municipio, destacando 2 comedores comunitarios, uno en el infiernillo y otro en el Conjunto Urbano Rancho San Blas.<\/p>\n<p>As\u00ed tambi\u00e9n la introducci\u00f3n de drenaje en San Mateo Ixtacalco, Fracci\u00f3n Tlaxculpas, pavimentaci\u00f3n con concreto hidr\u00e1ulico en la calle independencia en el Barrio Tlaltepan, Calle los Pinos en el Fraccionamiento Paseos, en la Fracci\u00f3n el Tejocote la calle Lozano Brito, la ampliaci\u00f3n de la vialidad de la Carretera Melchor Ocampo Cuautitl\u00e1n, el reencarpetado de la Av. 6 en san Blas que ya est\u00e1 casi concluida y que se suman al gran trabajo que este trienio se ha realizado de manera hist\u00f3rica en el municipio.<\/p>\n","protected":false},"excerpt":{"rendered":"<p>Se registran en Cuautitl\u00e1n importantes avances de obra, tan solo en este a\u00f1o destacan la aprobaci\u00f3n de m\u00e1s de 26 millones de pesos de obra que ser\u00e1n entregados en diferentes lugares del municipio, destacando 2 comedores comunitarios, uno en el infiernillo y otro en el Conjunto Urbano Rancho San Blas.<\/p>\n","protected":false},"author":3,"featured_media":397363,"comment_status":"open","ping_status":"open","sticky":false,"template":"","format":"standard","meta":{"_monsterinsights_skip_tracking":false,"_monsterinsights_sitenote_active":false,"_monsterinsights_sitenote_note":"","_monsterinsights_sitenote_category":0,"footnotes":""},"categories":[35155],"tags":[681,43675,52393],"class_list":["post-397284","post","type-post","status-publish","format-standard","has-post-thumbnail","hentry","category-estado-de-mexico-estado-de-mexico","tag-cuautitlan","tag-estado-de-mexico","tag-obra-publica"],"_links":{"self":[{"href":"https:\/\/www.diarioimagen.net\/index.php?rest_route=\/wp\/v2\/posts\/397284","targetHints":{"allow":["GET"]}}],"collection":[{"href":"https:\/\/www.diarioimagen.net\/index.php?rest_route=\/wp\/v2\/posts"}],"about":[{"href":"https:\/\/www.diarioimagen.net\/index.php?rest_route=\/wp\/v2\/types\/post"}],"author":[{"embeddable":true,"href":"https:\/\/www.diarioimagen.net\/index.php?rest_route=\/wp\/v2\/users\/3"}],"replies":[{"embeddable":true,"href":"https:\/\/www.diarioimagen.net\/index.php?rest_route=%2Fwp%2Fv2%2Fcomments&post=397284"}],"version-history":[{"count":0,"href":"https:\/\/www.diarioimagen.net\/index.php?rest_route=\/wp\/v2\/posts\/397284\/revisions"}],"wp:featuredmedia":[{"embeddable":true,"href":"https:\/\/www.diarioimagen.net\/index.php?rest_route=\/wp\/v2\/media\/397363"}],"wp:attachment":[{"href":"https:\/\/www.diarioimagen.net\/index.php?rest_route=%2Fwp%2Fv2%2Fmedia&parent=397284"}],"wp:term":[{"taxonomy":"category","embeddable":true,"href":"https:\/\/www.diarioimagen.net\/index.php?rest_route=%2Fwp%2Fv2%2Fcategories&post=397284"},{"taxonomy":"post_tag","embeddable":true,"href":"https:\/\/www.diarioimagen.net\/index.php?rest_route=%2Fwp%2Fv2%2Ftags&post=397284"}],"curies":[{"name":"wp","href":"https:\/\/api.w.org\/{rel}","templated":true}]}}