{"id":397399,"date":"2018-10-03T00:11:26","date_gmt":"2018-10-03T05:11:26","guid":{"rendered":"https:\/\/www.diarioimagen.net\/?p=397399"},"modified":"2018-10-03T01:08:21","modified_gmt":"2018-10-03T06:08:21","slug":"amlo-realiza-un-homenaje-a-victimas-del-movimiento-de-1968","status":"publish","type":"post","link":"https:\/\/www.diarioimagen.net\/?p=397399","title":{"rendered":"Jam\u00e1s reprimir\u00e9 al pueblo, promete el Presidente electo"},"content":{"rendered":"<ul>\n<li><em><strong>Realiza un homenaje a v\u00edctimas del movimiento de 1968<\/strong><\/em><\/li>\n<li><em><strong>Se compromete AMLO a luchar por la justicia para toda la sociedad<\/strong><\/em><\/li>\n<\/ul>\n<p>&nbsp;<\/p>\n<div id=\"attachment_397400\" style=\"width: 470px\" class=\"wp-caption aligncenter\"><img loading=\"lazy\" decoding=\"async\" aria-describedby=\"caption-attachment-397400\" class=\"wp-image-397400 size-large\" src=\"https:\/\/www.diarioimagen.net\/wp-content\/uploads\/2018\/10\/OFRENDA3-PORTAL-460x268.jpg\" alt=\"\" width=\"460\" height=\"268\" srcset=\"https:\/\/www.diarioimagen.net\/wp-content\/uploads\/2018\/10\/OFRENDA3-PORTAL-460x268.jpg 460w, https:\/\/www.diarioimagen.net\/wp-content\/uploads\/2018\/10\/OFRENDA3-PORTAL-240x140.jpg 240w, https:\/\/www.diarioimagen.net\/wp-content\/uploads\/2018\/10\/OFRENDA3-PORTAL.jpg 480w\" sizes=\"auto, (max-width: 460px) 100vw, 460px\" \/><p id=\"caption-attachment-397400\" class=\"wp-caption-text\">Andr\u00e9s Manuel L\u00f3pez Obrador realiz\u00f3 un homenaje a las v\u00edctimas del movimiento estudiantil de 1968.<\/p><\/div>\n<p>&nbsp;<\/p>\n<p>El Presidente electo, Andr\u00e9s Manuel L\u00f3pez Obrador, afirm\u00f3: \u201cNunca dar\u00e9 la orden a las fuerzas de seguridad para reprimir al pueblo\u201d, al encabezar una de las ceremonias para conmemorar el movimiento estudiantil de 1968, en la Plaza de las Tres Culturas, en Tlatelolco.<\/p>\n<p>L\u00f3pez Obrador realiz\u00f3 un homenaje a las v\u00edctimas de la lucha democr\u00e1tica estudiantil que cayeron en ese lugar la tarde del 2 de octubre de ese a\u00f1o; dijo que la mejor manera de homenajear y honrar la memoria de los estudiantes es luchar todos los d\u00edas por un M\u00e9xico con justicia y garantizar el derecho a la educaci\u00f3n y a la salud.<\/p>\n<p>Por ello, reiter\u00f3: \u201cJam\u00e1s utilizar\u00e9 la fuerza para resolver conflictos, diferencias, protestas sociales, ese es el juramento que nosotros hacemos: no hacer uso de la fuerza, no reprimir al pueblo\u201d.<\/p>\n<p>Dijo que la pr\u00f3xima administraci\u00f3n no acudir\u00e1 al autoritarismo y se comprometi\u00f3 a luchar por la justicia para toda la sociedad y las v\u00edctimas del pasado, porque el compromiso es tambi\u00e9n atender las causas que originan la inseguridad y la violencia, para buscar la paz y la tranquilidad en el pais.<\/p>\n<p>Antes de montar una guardia de honor en la Plaza de las Tres Culturas en Tlatelolco, expres\u00f3 que la mejor manera de honrar la memoria de los j\u00f3venes ca\u00eddos es act\u00faando con humanismo, sin represion, luchando todos los d\u00edas para que M\u00e9xico sea un pa\u00eds con justicia.<\/p>\n<p>Se buscar\u00e1, dijo, garantizar a todo el pueblo el derecho a un salario justo, el derecho a la educaci\u00f3n, a todos los satisfactorios b\u00e1sicos, garantizar que nunca jam\u00e1s se utilice la fuerza para resolver conflictos, diferencias y protestas sociales.<\/p>\n<p>Acompa\u00f1ado por quienes integrar\u00e1n el pr\u00f3ximo gabinete, L\u00f3pez Obrador se expres\u00f3 respecto a la demanda hecha por el abogado del Comit\u00e9 del 68, Victor Guerra, de restituir la fiscal\u00eda para los movimientos pol\u00edticos, para brindar justicia a las v\u00edctimas y que la persona que atender\u00e1 esa petici\u00f3n es el pr\u00f3ximo subsecretario de Derechos Humanos, Alejandro Encinas.<\/p>\n<p>Sin embargo, manifest\u00f3 que se han creado en el pasado muchas fiscal\u00edas, dependencias e institutos, \u201cque al final de cuentas han servido nada m\u00e1s para tratar de legitimar la corrupci\u00f3n, el autoritarismo, la represi\u00f3n, entonces ya eso se va a terminar; el gobierno en su conjunto tiene la responsabilidad de garantizar la justicia al pueblo\u201d.<\/p>\n<p>\u201cLa palabra guerra la queremos borrar del lenguaje del nuevo gobierno, est\u00e1 ya suprimido el utilizar ese t\u00e9rmino; ya no va a haber guerra en M\u00e9xico nunca m\u00e1s\u201d y record\u00f3 que ser\u00e1 a finales de este mes, cuando dar\u00e1 a conocer cu\u00e1l ser\u00e1 la estrategia de seguridad durante su administraci\u00f3n, adem\u00e1s de que en pr\u00f3ximos d\u00edas anunciar\u00e1 quienes ser\u00e1n los pr\u00f3ximos secretarios de Marina y de la Defensa Nacional.<\/p>\n","protected":false},"excerpt":{"rendered":"<p>El Presidente electo, Andr\u00e9s Manuel L\u00f3pez Obrador, afirm\u00f3: \u201cNunca dar\u00e9 la orden a las fuerzas de seguridad para reprimir al pueblo\u201d, al encabezar una de las ceremonias para conmemorar el movimiento estudiantil de 1968, en la Plaza de las Tres Culturas, en Tlatelolco.<\/p>\n","protected":false},"author":5,"featured_media":397400,"comment_status":"open","ping_status":"open","sticky":false,"template":"","format":"standard","meta":{"_monsterinsights_skip_tracking":false,"_monsterinsights_sitenote_active":false,"_monsterinsights_sitenote_note":"","_monsterinsights_sitenote_category":0,"footnotes":""},"categories":[3],"tags":[1352,77459,8594,78792,78791,281,78763],"class_list":["post-397399","post","type-post","status-publish","format-standard","has-post-thumbnail","hentry","category-nacional","tag-andres-manuel-lopez-obrador","tag-electo","tag-plaza-de-las-tres-culturas","tag-pueblo","tag-reprimir","tag-tlatelolco","tag-victimas-del-movimiento-de-1968"],"_links":{"self":[{"href":"https:\/\/www.diarioimagen.net\/index.php?rest_route=\/wp\/v2\/posts\/397399","targetHints":{"allow":["GET"]}}],"collection":[{"href":"https:\/\/www.diarioimagen.net\/index.php?rest_route=\/wp\/v2\/posts"}],"about":[{"href":"https:\/\/www.diarioimagen.net\/index.php?rest_route=\/wp\/v2\/types\/post"}],"author":[{"embeddable":true,"href":"https:\/\/www.diarioimagen.net\/index.php?rest_route=\/wp\/v2\/users\/5"}],"replies":[{"embeddable":true,"href":"https:\/\/www.diarioimagen.net\/index.php?rest_route=%2Fwp%2Fv2%2Fcomments&post=397399"}],"version-history":[{"count":0,"href":"https:\/\/www.diarioimagen.net\/index.php?rest_route=\/wp\/v2\/posts\/397399\/revisions"}],"wp:featuredmedia":[{"embeddable":true,"href":"https:\/\/www.diarioimagen.net\/index.php?rest_route=\/wp\/v2\/media\/397400"}],"wp:attachment":[{"href":"https:\/\/www.diarioimagen.net\/index.php?rest_route=%2Fwp%2Fv2%2Fmedia&parent=397399"}],"wp:term":[{"taxonomy":"category","embeddable":true,"href":"https:\/\/www.diarioimagen.net\/index.php?rest_route=%2Fwp%2Fv2%2Fcategories&post=397399"},{"taxonomy":"post_tag","embeddable":true,"href":"https:\/\/www.diarioimagen.net\/index.php?rest_route=%2Fwp%2Fv2%2Ftags&post=397399"}],"curies":[{"name":"wp","href":"https:\/\/api.w.org\/{rel}","templated":true}]}}