{"id":397442,"date":"2018-10-03T00:10:37","date_gmt":"2018-10-03T05:10:37","guid":{"rendered":"https:\/\/www.diarioimagen.net\/?p=397442"},"modified":"2018-10-03T05:14:23","modified_gmt":"2018-10-03T10:14:23","slug":"reciben-adultos-mayores-aparatos-funcionales","status":"publish","type":"post","link":"https:\/\/www.diarioimagen.net\/?p=397442","title":{"rendered":"Reciben adultos mayores aparatos funcionales"},"content":{"rendered":"<ul>\n<li><strong><em>Pol\u00edticas p\u00fablicas que benefician a este sector<\/em><\/strong><\/li>\n<\/ul>\n<p>&nbsp;<\/p>\n<div id=\"attachment_397505\" style=\"width: 470px\" class=\"wp-caption aligncenter\"><a href=\"https:\/\/www.diarioimagen.net\/?attachment_id=397505\" rel=\"attachment wp-att-397505\"><img loading=\"lazy\" decoding=\"async\" aria-describedby=\"caption-attachment-397505\" class=\"size-large wp-image-397505\" src=\"https:\/\/www.diarioimagen.net\/wp-content\/uploads\/2018\/10\/salud-3468-460x352.jpg\" alt=\"\" width=\"460\" height=\"352\" srcset=\"https:\/\/www.diarioimagen.net\/wp-content\/uploads\/2018\/10\/salud-3468-460x352.jpg 460w, https:\/\/www.diarioimagen.net\/wp-content\/uploads\/2018\/10\/salud-3468-240x184.jpg 240w, https:\/\/www.diarioimagen.net\/wp-content\/uploads\/2018\/10\/salud-3468.jpg 700w\" sizes=\"auto, (max-width: 460px) 100vw, 460px\" \/><\/a><p id=\"caption-attachment-397505\" class=\"wp-caption-text\">El secretario de Salud, Gabriel O\u2019Shea Cuevas, presidi\u00f3 la entrega de m\u00e1s de 190 aparatos funcionales a adultos con m\u00e1s de 65 a\u00f1os de edad.<\/p><\/div>\n<p>&nbsp;<\/p>\n<p><strong>Metepec, Estado de M\u00e9xico<\/strong>.- Con motivo del D\u00eda Internacional de las Personas Mayores y a nombre del gobernador Alfredo Del Mazo Maza, el secretario de Salud del Estado de M\u00e9xico, Gabriel O\u2019Shea Cuevas, presidi\u00f3 la entrega de m\u00e1s de 190 aparatos funcionales que mejorar\u00e1n la calidad de vida de igual n\u00famero de adultos con m\u00e1s de 65 a\u00f1os de edad.<\/p>\n<p>Acompa\u00f1ado por Julio C\u00e9sar Meza Greene, subdirector administrativo de la Beneficencia del Instituto de Salud del Estado de M\u00e9xico (ISEM), destac\u00f3 que la prioridad para el gobierno estatal es desarrollar pol\u00edticas p\u00fablicas enfocadas a la prevenci\u00f3n, a fin de que los mexiquenses lleguen a la senectud con una menor carga de enfermedades que se traduzca en un mejor nivel de bienestar, toda vez que actualmente la esperanza de vida de una persona es de 76 a\u00f1os.<\/p>\n<p>Al destacar que el otorgamiento de estos beneficios es un acto de gratitud y reconocimiento a la contribuci\u00f3n que hacen los adultos mayores a la sociedad, O\u2019Shea Cuevas los exhort\u00f3 a adoptar la cultura del autocuidado y acudir a revisiones constantes a las diversas unidades m\u00e9dicas a fin de prevenir, detectar y tratar a tiempo padecimientos propios de la edad.<\/p>\n<p>En la Cl\u00ednica de Atenci\u00f3n Geri\u00e1trica de Metepec, las autoridades de Salud\u00a0 entregaron 58 sillas de ruedas, 32 andaderas, 15 pares de muletas, 66 bastones y 23 pr\u00f3tesis dentales completas a personas de mayores de 65 a\u00f1os que habitan en los municipios de Chalco, Lerma, Almoloya de Ju\u00e1rez y Temoaya.<\/p>\n<p>El tambi\u00e9n director general del ISEM invit\u00f3 a los adultos mayores a vacunarse contra la influenza en su Centro de Salud m\u00e1s cercano, toda vez que es la \u00fanica manera de reducir riesgos por complicaciones respiratorias con motivo de la Temporada Invernal.<\/p>\n<p>En el evento tambi\u00e9n estuvieron presentes el coordinador de Salud del ISEM, Carlos Aranza Doniz; el director de Finanzas de este organismo, Jos\u00e9 G\u00f3mez Plata, y la directora de la Cl\u00ednica Geri\u00e1trica, Laura G\u00f3mez Gardu\u00f1o.<\/p>\n","protected":false},"excerpt":{"rendered":"<p>Con motivo del D\u00eda Internacional de las Personas Mayores y a nombre del gobernador Alfredo Del Mazo Maza, el secretario de Salud del Estado de M\u00e9xico, Gabriel O\u2019Shea Cuevas, presidi\u00f3 la entrega de m\u00e1s de 190 aparatos funcionales que mejorar\u00e1n la calidad de vida de igual n\u00famero de adultos con m\u00e1s de 65 a\u00f1os de edad.<\/p>\n","protected":false},"author":3,"featured_media":397505,"comment_status":"open","ping_status":"open","sticky":false,"template":"","format":"standard","meta":{"_monsterinsights_skip_tracking":false,"_monsterinsights_sitenote_active":false,"_monsterinsights_sitenote_note":"","_monsterinsights_sitenote_category":0,"footnotes":""},"categories":[5],"tags":[43675,77463,876],"class_list":["post-397442","post","type-post","status-publish","format-standard","has-post-thumbnail","hentry","category-estado-de-mexico","tag-estado-de-mexico","tag-funcionales","tag-metepec"],"_links":{"self":[{"href":"https:\/\/www.diarioimagen.net\/index.php?rest_route=\/wp\/v2\/posts\/397442","targetHints":{"allow":["GET"]}}],"collection":[{"href":"https:\/\/www.diarioimagen.net\/index.php?rest_route=\/wp\/v2\/posts"}],"about":[{"href":"https:\/\/www.diarioimagen.net\/index.php?rest_route=\/wp\/v2\/types\/post"}],"author":[{"embeddable":true,"href":"https:\/\/www.diarioimagen.net\/index.php?rest_route=\/wp\/v2\/users\/3"}],"replies":[{"embeddable":true,"href":"https:\/\/www.diarioimagen.net\/index.php?rest_route=%2Fwp%2Fv2%2Fcomments&post=397442"}],"version-history":[{"count":0,"href":"https:\/\/www.diarioimagen.net\/index.php?rest_route=\/wp\/v2\/posts\/397442\/revisions"}],"wp:featuredmedia":[{"embeddable":true,"href":"https:\/\/www.diarioimagen.net\/index.php?rest_route=\/wp\/v2\/media\/397505"}],"wp:attachment":[{"href":"https:\/\/www.diarioimagen.net\/index.php?rest_route=%2Fwp%2Fv2%2Fmedia&parent=397442"}],"wp:term":[{"taxonomy":"category","embeddable":true,"href":"https:\/\/www.diarioimagen.net\/index.php?rest_route=%2Fwp%2Fv2%2Fcategories&post=397442"},{"taxonomy":"post_tag","embeddable":true,"href":"https:\/\/www.diarioimagen.net\/index.php?rest_route=%2Fwp%2Fv2%2Ftags&post=397442"}],"curies":[{"name":"wp","href":"https:\/\/api.w.org\/{rel}","templated":true}]}}