{"id":397446,"date":"2018-10-03T00:11:23","date_gmt":"2018-10-03T05:11:23","guid":{"rendered":"https:\/\/www.diarioimagen.net\/?p=397446"},"modified":"2018-10-03T05:16:33","modified_gmt":"2018-10-03T10:16:33","slug":"secretaria-de-cultura-remodelara-museos","status":"publish","type":"post","link":"https:\/\/www.diarioimagen.net\/?p=397446","title":{"rendered":"Secretar\u00eda de Cultura remodelar\u00e1 museos"},"content":{"rendered":"<h2>Arco Norte<\/h2>\n<h5>Jos\u00e9 Luis Monta\u00f1ez Aguilar<\/h5>\n<p>&nbsp;<\/p>\n<p><a href=\"https:\/\/www.diarioimagen.net\/?attachment_id=397507\" rel=\"attachment wp-att-397507\"><img loading=\"lazy\" decoding=\"async\" class=\"aligncenter size-large wp-image-397507\" src=\"https:\/\/www.diarioimagen.net\/wp-content\/uploads\/2018\/10\/arco-3468-460x259.jpg\" alt=\"\" width=\"460\" height=\"259\" srcset=\"https:\/\/www.diarioimagen.net\/wp-content\/uploads\/2018\/10\/arco-3468-460x259.jpg 460w, https:\/\/www.diarioimagen.net\/wp-content\/uploads\/2018\/10\/arco-3468-240x135.jpg 240w, https:\/\/www.diarioimagen.net\/wp-content\/uploads\/2018\/10\/arco-3468-235x132.jpg 235w, https:\/\/www.diarioimagen.net\/wp-content\/uploads\/2018\/10\/arco-3468-202x114.jpg 202w, https:\/\/www.diarioimagen.net\/wp-content\/uploads\/2018\/10\/arco-3468-350x196.jpg 350w, https:\/\/www.diarioimagen.net\/wp-content\/uploads\/2018\/10\/arco-3468-220x123.jpg 220w, https:\/\/www.diarioimagen.net\/wp-content\/uploads\/2018\/10\/arco-3468-237x132.jpg 237w, https:\/\/www.diarioimagen.net\/wp-content\/uploads\/2018\/10\/arco-3468.jpg 480w\" sizes=\"auto, (max-width: 460px) 100vw, 460px\" \/><\/a><\/p>\n<p>&nbsp;<\/p>\n<p>La Secretar\u00eda de Cultura informa que derivado de la remodelaci\u00f3n integral que se lleva a cabo en el Centro Cultural Mexiquense (CCM) con el objetivo de regresar el esplendor a dicho espacio, los Museos de Arte Moderno, Antropolog\u00eda e Historia, Culturas Populares y la Biblioteca P\u00fablica Central, ser\u00e1n renovados.<\/p>\n<p>La trasformaci\u00f3n a las instalaciones se da despu\u00e9s de 31 a\u00f1os, tiempo durante el cual los inmuebles no han tenido alguna intervenci\u00f3n importante, salvo el mantenimiento usual para su funcionamiento.<\/p>\n<p>Los trabajos se llevan a cabo con una inversi\u00f3n de m\u00e1s de 31 millones de pesos, recursos con los cuales se remozar\u00e1n techos, muros, sanitarios, instalaciones el\u00e9ctricas e hidr\u00e1ulicas, impermeabilizaci\u00f3n y condiciones clim\u00e1ticas \u00f3ptimas.<\/p>\n<p>La pol\u00edtica p\u00fablica del gobierno del Estado de M\u00e9xico busca tambi\u00e9n ofrecer a la poblaci\u00f3n una nueva narrativa museogr\u00e1fica que brinde a la poblaci\u00f3n en cada espacio un lugar l\u00fadico y de conocimiento.<\/p>\n<p>En relaci\u00f3n con la desinformaci\u00f3n que se ha dado, sobre todo en redes sociales, acerca del Museo de Arte Moderno (MAM) y su nombre oficial \u201cCarlos Olvera\u201d, se reitera que el Museo se denomina legalmente de dicha forma, tal como se indica en el Acuerdo vigente publicado en la Gaceta del Gobierno de 15 de septiembre de 2017.<\/p>\n<p>En la din\u00e1mica de la remodelaci\u00f3n, se retir\u00f3 el nombre del MAM f\u00edsicamente para reubicarlo dentro del Museo donde convivir\u00e1 con los m\u00e1s grandes representantes de la pl\u00e1stica mexicana como Gunther Gerzso, Jos\u00e9 Clemente Orozco, David Alfaro Siqueiros y Manuel Rodr\u00edguez Lozano, entre muchos otros.<\/p>\n<p>El gobierno mexiquense busca posicionar el Centro Cultural Mexiquense, como uno de los iconos culturales m\u00e1s representativos de nuestra entidad.<\/p>\n<p>Con respecto a la informaci\u00f3n err\u00f3nea relacionada a la desaparici\u00f3n de los nombres de los museos Luis Nishizawa, Felipe Santiago Guti\u00e9rrez y Jos\u00e9 Mar\u00eda Velasco, a la que tambi\u00e9n se ha hecho alusi\u00f3n, la Secretar\u00eda de Cultura informa que se integrar\u00e1n y remodelar\u00e1n los tres museos para crear un gran espacio muse\u00edstico de la pl\u00e1stica mexiquense, sin el retiro de los nombres de los grandes artistas reconocidos mundialmente, y en el cual se mejorar\u00e1n las condiciones para traer al Valle de Toluca m\u00e1s y mejores exposiciones.<\/p>\n<p><em><a href=\"mailto:montanezaguilar@gmail.com\" target=\"_blank\" rel=\"noopener\">montanezaguilar@gmail.com<\/a><\/em><\/p>\n","protected":false},"excerpt":{"rendered":"<p><span style=\"color: #005497;\">Jos\u00e9 Luis Monta\u00f1ez Aguilar<\/span><br \/>\n<br \/>\nLa Secretar\u00eda de Cultura informa que derivado de la remodelaci\u00f3n integral que se lleva a cabo en el Centro Cultural Mexiquense (CCM) con el objetivo de regresar el esplendor a dicho espacio, los Museos de Arte Moderno, Antropolog\u00eda e Historia, Culturas Populares y la Biblioteca P\u00fablica Central, ser\u00e1n renovados.<\/p>\n","protected":false},"author":3,"featured_media":397507,"comment_status":"open","ping_status":"open","sticky":false,"template":"","format":"standard","meta":{"_monsterinsights_skip_tracking":false,"_monsterinsights_sitenote_active":false,"_monsterinsights_sitenote_note":"","_monsterinsights_sitenote_category":0,"footnotes":""},"categories":[5],"tags":[13284,43704,43674],"class_list":["post-397446","post","type-post","status-publish","format-standard","has-post-thumbnail","hentry","category-estado-de-mexico","tag-arco-norte","tag-jose-luis-montanez-aguilar","tag-opinion"],"_links":{"self":[{"href":"https:\/\/www.diarioimagen.net\/index.php?rest_route=\/wp\/v2\/posts\/397446","targetHints":{"allow":["GET"]}}],"collection":[{"href":"https:\/\/www.diarioimagen.net\/index.php?rest_route=\/wp\/v2\/posts"}],"about":[{"href":"https:\/\/www.diarioimagen.net\/index.php?rest_route=\/wp\/v2\/types\/post"}],"author":[{"embeddable":true,"href":"https:\/\/www.diarioimagen.net\/index.php?rest_route=\/wp\/v2\/users\/3"}],"replies":[{"embeddable":true,"href":"https:\/\/www.diarioimagen.net\/index.php?rest_route=%2Fwp%2Fv2%2Fcomments&post=397446"}],"version-history":[{"count":0,"href":"https:\/\/www.diarioimagen.net\/index.php?rest_route=\/wp\/v2\/posts\/397446\/revisions"}],"wp:featuredmedia":[{"embeddable":true,"href":"https:\/\/www.diarioimagen.net\/index.php?rest_route=\/wp\/v2\/media\/397507"}],"wp:attachment":[{"href":"https:\/\/www.diarioimagen.net\/index.php?rest_route=%2Fwp%2Fv2%2Fmedia&parent=397446"}],"wp:term":[{"taxonomy":"category","embeddable":true,"href":"https:\/\/www.diarioimagen.net\/index.php?rest_route=%2Fwp%2Fv2%2Fcategories&post=397446"},{"taxonomy":"post_tag","embeddable":true,"href":"https:\/\/www.diarioimagen.net\/index.php?rest_route=%2Fwp%2Fv2%2Ftags&post=397446"}],"curies":[{"name":"wp","href":"https:\/\/api.w.org\/{rel}","templated":true}]}}