{"id":397476,"date":"2018-10-03T00:06:51","date_gmt":"2018-10-03T05:06:51","guid":{"rendered":"https:\/\/www.diarioimagen.net\/?p=397476"},"modified":"2018-10-03T05:33:07","modified_gmt":"2018-10-03T10:33:07","slug":"apoya-dif-naucalpan-a-familias-afectadas-por-incendio","status":"publish","type":"post","link":"https:\/\/www.diarioimagen.net\/?p=397476","title":{"rendered":"Apoya DIF Naucalpan a familias afectadas por incendio"},"content":{"rendered":"<p><a href=\"https:\/\/www.diarioimagen.net\/?attachment_id=397539\" rel=\"attachment wp-att-397539\"><img loading=\"lazy\" decoding=\"async\" class=\"aligncenter size-large wp-image-397539\" src=\"https:\/\/www.diarioimagen.net\/wp-content\/uploads\/2018\/10\/NAUCALPAN-3468-460x259.jpg\" alt=\"\" width=\"460\" height=\"259\" srcset=\"https:\/\/www.diarioimagen.net\/wp-content\/uploads\/2018\/10\/NAUCALPAN-3468-460x259.jpg 460w, https:\/\/www.diarioimagen.net\/wp-content\/uploads\/2018\/10\/NAUCALPAN-3468-240x135.jpg 240w, https:\/\/www.diarioimagen.net\/wp-content\/uploads\/2018\/10\/NAUCALPAN-3468-235x132.jpg 235w, https:\/\/www.diarioimagen.net\/wp-content\/uploads\/2018\/10\/NAUCALPAN-3468-202x114.jpg 202w, https:\/\/www.diarioimagen.net\/wp-content\/uploads\/2018\/10\/NAUCALPAN-3468-350x196.jpg 350w, https:\/\/www.diarioimagen.net\/wp-content\/uploads\/2018\/10\/NAUCALPAN-3468-220x123.jpg 220w, https:\/\/www.diarioimagen.net\/wp-content\/uploads\/2018\/10\/NAUCALPAN-3468-237x132.jpg 237w, https:\/\/www.diarioimagen.net\/wp-content\/uploads\/2018\/10\/NAUCALPAN-3468.jpg 480w\" sizes=\"auto, (max-width: 460px) 100vw, 460px\" \/><\/a><\/p>\n<p>&nbsp;<\/p>\n<p><strong>Naucalpan, Estado de M\u00e9xico<\/strong><strong>.- <\/strong>En apoyo a las familias que resultaron afectadas a causa del incendio que consumi\u00f3 sus viviendas en la colonia Parque Industrial San Luis Tlatilco, el Sistema Municipal para el Desarrollo Integral de la Familia (DIF), realiza una jornada m\u00e9dica y odontol\u00f3gica de manera gratuita en el lugar.<\/p>\n<p>Unidades m\u00f3viles del Sistema Municipal DIF se trasladaron a la calle Primero de Mayo y Ferrocarril de Ac\u00e1mbaro para acercar servicios de salud y de asistencia a las diez familias que resultaron afectadas, debido a la conflagraci\u00f3n que provoc\u00f3 la fuga de un tanque de gas que da\u00f1\u00f3 diez viviendas, cinco de ellas consumidas completamente por el fuego.<\/p>\n","protected":false},"excerpt":{"rendered":"<p>En apoyo a las familias que resultaron afectadas a causa del incendio que consumi\u00f3 sus viviendas en la colonia Parque Industrial San Luis Tlatilco, el Sistema Municipal para el Desarrollo Integral de la Familia (DIF), realiza una jornada m\u00e9dica y odontol\u00f3gica de manera gratuita en el lugar.<\/p>\n","protected":false},"author":3,"featured_media":397539,"comment_status":"open","ping_status":"open","sticky":false,"template":"","format":"standard","meta":{"_monsterinsights_skip_tracking":false,"_monsterinsights_sitenote_active":false,"_monsterinsights_sitenote_note":"","_monsterinsights_sitenote_category":0,"footnotes":""},"categories":[35155],"tags":[65285,43675,8065,970],"class_list":["post-397476","post","type-post","status-publish","format-standard","has-post-thumbnail","hentry","category-estado-de-mexico-estado-de-mexico","tag-afectadas","tag-estado-de-mexico","tag-incendio","tag-naucalpan"],"_links":{"self":[{"href":"https:\/\/www.diarioimagen.net\/index.php?rest_route=\/wp\/v2\/posts\/397476","targetHints":{"allow":["GET"]}}],"collection":[{"href":"https:\/\/www.diarioimagen.net\/index.php?rest_route=\/wp\/v2\/posts"}],"about":[{"href":"https:\/\/www.diarioimagen.net\/index.php?rest_route=\/wp\/v2\/types\/post"}],"author":[{"embeddable":true,"href":"https:\/\/www.diarioimagen.net\/index.php?rest_route=\/wp\/v2\/users\/3"}],"replies":[{"embeddable":true,"href":"https:\/\/www.diarioimagen.net\/index.php?rest_route=%2Fwp%2Fv2%2Fcomments&post=397476"}],"version-history":[{"count":0,"href":"https:\/\/www.diarioimagen.net\/index.php?rest_route=\/wp\/v2\/posts\/397476\/revisions"}],"wp:featuredmedia":[{"embeddable":true,"href":"https:\/\/www.diarioimagen.net\/index.php?rest_route=\/wp\/v2\/media\/397539"}],"wp:attachment":[{"href":"https:\/\/www.diarioimagen.net\/index.php?rest_route=%2Fwp%2Fv2%2Fmedia&parent=397476"}],"wp:term":[{"taxonomy":"category","embeddable":true,"href":"https:\/\/www.diarioimagen.net\/index.php?rest_route=%2Fwp%2Fv2%2Fcategories&post=397476"},{"taxonomy":"post_tag","embeddable":true,"href":"https:\/\/www.diarioimagen.net\/index.php?rest_route=%2Fwp%2Fv2%2Ftags&post=397476"}],"curies":[{"name":"wp","href":"https:\/\/api.w.org\/{rel}","templated":true}]}}