{"id":397478,"date":"2018-10-03T00:05:15","date_gmt":"2018-10-03T05:05:15","guid":{"rendered":"https:\/\/www.diarioimagen.net\/?p=397478"},"modified":"2018-10-03T05:36:21","modified_gmt":"2018-10-03T10:36:21","slug":"tultepec-apoya-a-dos-artistas-urbanos-del-colectivo-muralistas-en-resistencia","status":"publish","type":"post","link":"https:\/\/www.diarioimagen.net\/?p=397478","title":{"rendered":"Tultepec apoya a dos artistas urbanos del colectivo Muralistas en Resistencia"},"content":{"rendered":"<ul>\n<li><strong><em>Mural en escuela sobre historia del municipio y del pa\u00eds<\/em><\/strong><\/li>\n<\/ul>\n<p>&nbsp;<\/p>\n<div id=\"attachment_397542\" style=\"width: 470px\" class=\"wp-caption aligncenter\"><a href=\"https:\/\/www.diarioimagen.net\/?attachment_id=397542\" rel=\"attachment wp-att-397542\"><img loading=\"lazy\" decoding=\"async\" aria-describedby=\"caption-attachment-397542\" class=\"size-large wp-image-397542\" src=\"https:\/\/www.diarioimagen.net\/wp-content\/uploads\/2018\/10\/TULTEPEC-3468-460x259.jpg\" alt=\"\" width=\"460\" height=\"259\" srcset=\"https:\/\/www.diarioimagen.net\/wp-content\/uploads\/2018\/10\/TULTEPEC-3468-460x259.jpg 460w, https:\/\/www.diarioimagen.net\/wp-content\/uploads\/2018\/10\/TULTEPEC-3468-240x135.jpg 240w, https:\/\/www.diarioimagen.net\/wp-content\/uploads\/2018\/10\/TULTEPEC-3468-235x132.jpg 235w, https:\/\/www.diarioimagen.net\/wp-content\/uploads\/2018\/10\/TULTEPEC-3468-202x114.jpg 202w, https:\/\/www.diarioimagen.net\/wp-content\/uploads\/2018\/10\/TULTEPEC-3468-350x196.jpg 350w, https:\/\/www.diarioimagen.net\/wp-content\/uploads\/2018\/10\/TULTEPEC-3468-220x123.jpg 220w, https:\/\/www.diarioimagen.net\/wp-content\/uploads\/2018\/10\/TULTEPEC-3468-237x132.jpg 237w, https:\/\/www.diarioimagen.net\/wp-content\/uploads\/2018\/10\/TULTEPEC-3468.jpg 480w\" sizes=\"auto, (max-width: 460px) 100vw, 460px\" \/><\/a><p id=\"caption-attachment-397542\" class=\"wp-caption-text\">Artistas urbanos plasmaron gran parte de la historia de Tultepec\u00a0y del pa\u00eds en los muros de la barda perimetral de la secundaria Vicente Lombardo Toledano.<\/p><\/div>\n<p>&nbsp;<\/p>\n<p><strong>Tultepec, Estado de M\u00e9xico.<\/strong>&#8211; Autoridades municipales de Tultepec apoyan a dos artistas urbanos del colectivo denominado\u00a0Muralistas en Resistencia (MER), grupo surgido en 2016 con el objetivo de \u201cregenerar, dignificar y aprovechar los espacios p\u00fablicos y s\u00edmbolos que dan identidad cultural en la comunidad y al pa\u00eds\u201d.<\/p>\n<p>Con el antecedente de haber plasmado gran parte de la historia de Tultepec y del pa\u00eds en los muros de la barda perimetral de la escuela secundaria Vicente Lombardo Toledano en la colonia Emiqu\u00eda, ubicada en la parte alta del municipio, Misael de Lucio Olivares de 25 a\u00f1os de edad y m\u00e1s de 10 como artista urbano, junto con Francisco Javier Almanza Rodr\u00edguez de 33 y 12 de experiencia, emprenden este nuevo reto. Francisco Javier, uno de los autores e integrantes del colectivo, explic\u00f3 que mediante el arte pict\u00f3rico urbano <em>graffiti<\/em>, muralismo, ilustraci\u00f3n digital, est\u00e9ncil y stickers; \u201cbuscamos la regeneraci\u00f3n, dignificaci\u00f3n y aprovechamiento de los espacios p\u00fablicos y s\u00edmbolos de identidad cultural en nuestra comunidad\u201d.<\/p>\n<p>El artista urbano autodidacta, dijo que en un proceso evolutivo lleva 12 a\u00f1os en el desarrollo de la pintura mural, aunque aclar\u00f3 \u00e9sta no es la primera ocasi\u00f3n que participa en una obra de este g\u00e9nero, porque ya ha plasmado sus obras en Rancho San Blas, de Cuautitl\u00e1n y en varios concursos de muralismo en otros lugares, \u201cutilizando siempre como herramienta primordial la armon\u00eda del entorno social\u201d.<\/p>\n<p>Almanza Rodr\u00edguez, hizo un llamado a los j\u00f3venes para hacer conciencia, sobre todo a quienes gustan del graffiti, para que sean respetuosos y no vandalicen o realicen pintas clandestinas sin sentido, \u201cporque s\u00f3lo da\u00f1an la imagen urbana y dan mal aspecto a nuestro entorno\u201d.<\/p>\n<p>Los j\u00f3venes pintores precisaron que este trabajo lo ejecutan con la satisfacci\u00f3n de realizar una labor comunitaria y se dijeron agradecidos por la confianza y el apoyo de la autoridad municipal, de invitarlos y brindarles el espacio y los materiales necesarios hasta su culminaci\u00f3n de esta primera etapa que durar\u00e1 alrededor de mes y medio.<\/p>\n<p>Los artistas urbanos se dijeron dispuestos a participar en proyectos similares donde se les permita continuar lo que les gusta hacer \u201cplasmar sus ideas con mensajes sobre la cultura de M\u00e9xico y de su pueblo natal, Tultepec en este caso, as\u00ed como de la armon\u00eda del ser humano con la naturaleza\u201d.<\/p>\n<p>El m\u00e1s joven de los artistas urbanos que participa en el proyecto, Misael Olivares de 25 a\u00f1os de edad, dijo que ha pintado cerca de 10 a\u00f1os en bardas particulares y que \u00e9sta es la primera ocasi\u00f3n que participa en un mural colectivo de este tipo, \u201cestoy feliz de hacer lo que m\u00e1s le gusta hacer, que es pintar\u201d.<\/p>\n<p>Asever\u00f3 que para \u00e9l \u201cla intenci\u00f3n del graffiti es plasmar mensajes positivos a la poblaci\u00f3n a trav\u00e9s del arte urbano, por ello me permito invitar a quienes gustan de pintar, para que se sumen a este proyecto y cambiar con ello la idea que la ciudadan\u00eda tiene de que los grafiteros son aquellos que vandalizan las fachadas de viviendas y negocios\u201d.<\/p>\n","protected":false},"excerpt":{"rendered":"<p>Autoridades municipales de Tultepec apoyan a dos artistas urbanos del colectivo denominado Muralistas en Resistencia (MER), grupo surgido en 2016 con el objetivo de \u201cregenerar, dignificar y aprovechar los espacios p\u00fablicos y s\u00edmbolos que dan identidad cultural en la comunidad y al pa\u00eds\u201d.<\/p>\n","protected":false},"author":3,"featured_media":397542,"comment_status":"open","ping_status":"open","sticky":false,"template":"","format":"standard","meta":{"_monsterinsights_skip_tracking":false,"_monsterinsights_sitenote_active":false,"_monsterinsights_sitenote_note":"","_monsterinsights_sitenote_category":0,"footnotes":""},"categories":[35155],"tags":[43675,78796,3802],"class_list":["post-397478","post","type-post","status-publish","format-standard","has-post-thumbnail","hentry","category-estado-de-mexico-estado-de-mexico","tag-estado-de-mexico","tag-muralistas-en-resistencia","tag-tultepec"],"_links":{"self":[{"href":"https:\/\/www.diarioimagen.net\/index.php?rest_route=\/wp\/v2\/posts\/397478","targetHints":{"allow":["GET"]}}],"collection":[{"href":"https:\/\/www.diarioimagen.net\/index.php?rest_route=\/wp\/v2\/posts"}],"about":[{"href":"https:\/\/www.diarioimagen.net\/index.php?rest_route=\/wp\/v2\/types\/post"}],"author":[{"embeddable":true,"href":"https:\/\/www.diarioimagen.net\/index.php?rest_route=\/wp\/v2\/users\/3"}],"replies":[{"embeddable":true,"href":"https:\/\/www.diarioimagen.net\/index.php?rest_route=%2Fwp%2Fv2%2Fcomments&post=397478"}],"version-history":[{"count":0,"href":"https:\/\/www.diarioimagen.net\/index.php?rest_route=\/wp\/v2\/posts\/397478\/revisions"}],"wp:featuredmedia":[{"embeddable":true,"href":"https:\/\/www.diarioimagen.net\/index.php?rest_route=\/wp\/v2\/media\/397542"}],"wp:attachment":[{"href":"https:\/\/www.diarioimagen.net\/index.php?rest_route=%2Fwp%2Fv2%2Fmedia&parent=397478"}],"wp:term":[{"taxonomy":"category","embeddable":true,"href":"https:\/\/www.diarioimagen.net\/index.php?rest_route=%2Fwp%2Fv2%2Fcategories&post=397478"},{"taxonomy":"post_tag","embeddable":true,"href":"https:\/\/www.diarioimagen.net\/index.php?rest_route=%2Fwp%2Fv2%2Ftags&post=397478"}],"curies":[{"name":"wp","href":"https:\/\/api.w.org\/{rel}","templated":true}]}}