{"id":397523,"date":"2018-10-03T00:08:47","date_gmt":"2018-10-03T05:08:47","guid":{"rendered":"https:\/\/www.diarioimagen.net\/?p=397523"},"modified":"2018-10-03T05:51:37","modified_gmt":"2018-10-03T10:51:37","slug":"los-satrapas-del-68","status":"publish","type":"post","link":"https:\/\/www.diarioimagen.net\/?p=397523","title":{"rendered":"Los s\u00e1trapas del 68"},"content":{"rendered":"<h2>Punto por punto<\/h2>\n<h5>Augusto Corro<\/h5>\n<p>&nbsp;<\/p>\n<div id=\"attachment_397571\" style=\"width: 470px\" class=\"wp-caption aligncenter\"><a href=\"https:\/\/www.diarioimagen.net\/?attachment_id=397571\" rel=\"attachment wp-att-397571\"><img loading=\"lazy\" decoding=\"async\" aria-describedby=\"caption-attachment-397571\" class=\"size-large wp-image-397571\" src=\"https:\/\/www.diarioimagen.net\/wp-content\/uploads\/2018\/10\/gran-perdida-jose-luis-3468-460x294.jpg\" alt=\"\" width=\"460\" height=\"294\" srcset=\"https:\/\/www.diarioimagen.net\/wp-content\/uploads\/2018\/10\/gran-perdida-jose-luis-3468-460x294.jpg 460w, https:\/\/www.diarioimagen.net\/wp-content\/uploads\/2018\/10\/gran-perdida-jose-luis-3468-240x153.jpg 240w, https:\/\/www.diarioimagen.net\/wp-content\/uploads\/2018\/10\/gran-perdida-jose-luis-3468-768x490.jpg 768w, https:\/\/www.diarioimagen.net\/wp-content\/uploads\/2018\/10\/gran-perdida-jose-luis-3468.jpg 1200w\" sizes=\"auto, (max-width: 460px) 100vw, 460px\" \/><\/a><p id=\"caption-attachment-397571\" class=\"wp-caption-text\">Gran p\u00e9rdida&#8230; | Jos\u00e9 Luis<\/p><\/div>\n<p>&nbsp;<\/p>\n<p>Cada a\u00f1o resurgen las manifestaciones contra los gobernantes que dejaron su herencia de luto y sangre en M\u00e9xico.<\/p>\n<p>En los d\u00edas cercanos al 2 de octubre fecha en que ocurri\u00f3 la matanza en Tlatelolco, diferentes sectores sociales claman justicia para los m\u00e1rtires.<\/p>\n<p>Entre esos reclamos se encuentra la idea de cambiar los nombres de los ex presidentes Gustavo D\u00edaz Ordaz y Luis Echeverr\u00eda Alvarez.<\/p>\n<p>Ambos ex mandatarios acusados de represores por los asesinatos de estudiantes en 1968 y 1971.<\/p>\n<p>D\u00edaz Ordaz muri\u00f3 sin que la justicia pudiera alcanzarlo y juzgarlo por sus cr\u00edmenes. Echeverr\u00eda a\u00fan vive. Un escudo de impunidad lo protegi\u00f3, siempre, de sus acciones criminales.<\/p>\n<p>Tratamos el tema porque a principios de semana, las autoridades retiraron las placas correspondientes a la inauguraci\u00f3n del Metro, en las que aparece el nombre del ex presidente, Gustavo D\u00edaz Ordaz.<\/p>\n<p>Todav\u00eda quedan por quitar esos nombres de ex mandatarios de calles, avenidas, colonias y edificios p\u00fablicos. No solamente borrar las placas de D\u00edaz Ordaz y Echeverr\u00eda, sino tambi\u00e9n o otros ex presidentes que M\u00e9xico no tiene nada que agradecerles. Ah\u00ed est\u00e1n por ejemplo Miguel Alem\u00e1n, Adolfo L\u00f3pez Mateos, Jos\u00e9 L\u00f3pez Portillo, Miguel de la Madrid, etc. \u00bfUsted qu\u00e9 opina amable lector?<\/p>\n<p style=\"text-align: center;\"><strong>\u201cCuauh\u201d contra Graco<\/strong><\/p>\n<p>El ex futbolista Cuauht\u00e9moc Blanco, \u201cCuauh\u201d, ya es gobernador de Morelos. Rindi\u00f3 su protesta el lunes pasado.\u00a0 Se trata de un pol\u00edtico improvisado, producto de la pol\u00edtica a la mexicana, que se encuentra en acomodos y reacomodos.\u00a0 El ex jugador gan\u00f3 la presidencia municipal de Cuernavaca a la que administr\u00f3 contra los deseos del ex gobernador Graco Ram\u00edrez, de extracci\u00f3n perredista, calificado, por propios y extra\u00f1os como uno de los peores mandatarios.<\/p>\n<p>Ya con el poder en las manos, \u201cCuauh\u201d declar\u00f3 que se investigar\u00e1 a Graco, porque saque\u00f3 a Morelos. Veremos hasta d\u00f3nde llega esa amenaza, porque su partido Morena, tiene la tendencia a perdonar a los funcionarios ladrones.<\/p>\n<p>Aunque el nuevo gobernador dijo que no le debe su triunfo a Andr\u00e9s Manuel L\u00f3pez Obrador. El ex futbolista no lleva buenas relaciones con la dirigente del citado partido, porque no se cumplieron las \u00f3rdenes de incluir entre los funcionarios morelenses a Rabindranath Salazar Solorio, morenista, quien le cedi\u00f3 la candidatura a \u201cCuauh\u201d.<\/p>\n<p>En Morelos tambi\u00e9n las autoridades reci\u00e9n llegadas tendr\u00e1n que revisar sus planes de lucha contra la delincuencia organizada que hizo de esa entidad una de las m\u00e1s peligrosas de M\u00e9xico, por el n\u00famero de secuestros, extorsiones, etc.<\/p>\n<p style=\"text-align: center;\"><strong>La lucha en el PAN<\/strong><\/p>\n<p>Dos son los panistas que suenan con m\u00e1s fuerza para dirigir el partido: Marko Cort\u00e9s y Manuel G\u00f3mez Mor\u00edn.\u00a0 Tras la estrepitosa derrota de Acci\u00f3n Nacional en las elecciones recientes, en ese organismo pol\u00edtico se acentu\u00f3 la pugna pol\u00edtica.\u00a0 En la c\u00fapula del poder se dividieron los blanquiazules porque unos s\u00ed aceptaron la derrota de su candidato Ricardo Anaya; pero otros se inconformaron y criticaron acremente.<\/p>\n<p>Ahora, Marko Cort\u00e9s, el delf\u00edn de Anaya, es se\u00f1alado ya como posible ganador en las elecciones que se efectuaran en este mismo mes.\u00a0 El mencionado aspirante representa a la nueva ola de pol\u00edticos en Acci\u00f3n Nacional.<\/p>\n<p>El otro candidato es Manuel G\u00f3mez Mor\u00edn, quien es apoyado por los panistas tradicionalistas.<\/p>\n<p>La contienda pol\u00edtica en el blanquiazul se da en un escenario de pugnas internas, de divisionismo, promovidas por los grupos de \u201ccalderonistas\u201d y \u201canayistas\u201d.<\/p>\n<p>Como se\u00f1alamos arriba, el PAN tendr\u00e1 que ofrecer su mejor esfuerzo para superar la p\u00e9rdida que sufri\u00f3 en los comicios de julio pasado, como lo reflej\u00f3 la disminuci\u00f3n de electores que votaron por su candidato Ricardo Anaya, quien dej\u00f3 en Marko Cort\u00e9s a uno de sus incondicionales.<\/p>\n<p style=\"text-align: center;\"><strong>Alcaldes en la Ciudad de M\u00e9xico<\/strong><\/p>\n<p>Los diecis\u00e9is alcaldes de la Ciudad de M\u00e9xico rindieron protesta ante el pleno del Congreso Local, el lunes pasado.<\/p>\n<p>La ceremonia solemne se efectu\u00f3 en el recinto legislativo de Donceles.<\/p>\n<p>La Ciudad de M\u00e9xico qued\u00f3 repartida de la siguiente manera: once alcaldes de Morena; dos del Partido de la Revoluci\u00f3n Democr\u00e1tica (PRD); uno de Acci\u00f3n Nacional; uno del Partido Revolucionario Institucional; y uno de Movimiento Ciudadano (MC).<\/p>\n<p>De las ahora alcald\u00edas, antes delegaciones pol\u00edticas, dos son muy dif\u00edciles de gobernar: Iztapalapa y Cuauht\u00e9moc. En ambas son insuficientes los servicios como el agua y la seguridad. En general, en la Ciudad de M\u00e9xico hace varios meses se gener\u00f3 una espiral de violencia que nadie sabe qui\u00e9n y cu\u00e1ndo la erradicar\u00e1n.<\/p>\n<p>No ser\u00e1n pues tiempos de fiestas para los nuevos alcaldes.<\/p>\n<p><em><a href=\"mailto:aco2742@hotmail.com\" target=\"_blank\" rel=\"noopener\">aco2742@hotmail.com<\/a><\/em><\/p>\n","protected":false},"excerpt":{"rendered":"<p><span style=\"color: #005497;\"><strong>Augusto Corro<\/strong><\/span><br \/>\n<br \/>\nCada a\u00f1o resurgen las manifestaciones contra los gobernantes que dejaron su herencia de luto y sangre en M\u00e9xico.<\/p>\n","protected":false},"author":3,"featured_media":397571,"comment_status":"open","ping_status":"open","sticky":false,"template":"","format":"standard","meta":{"_monsterinsights_skip_tracking":false,"_monsterinsights_sitenote_active":false,"_monsterinsights_sitenote_note":"","_monsterinsights_sitenote_category":0,"footnotes":""},"categories":[157],"tags":[43686,43674,11515],"class_list":["post-397523","post","type-post","status-publish","format-standard","has-post-thumbnail","hentry","category-augusto-corro","tag-augusto-corro","tag-opinion","tag-punto-por-punto"],"_links":{"self":[{"href":"https:\/\/www.diarioimagen.net\/index.php?rest_route=\/wp\/v2\/posts\/397523","targetHints":{"allow":["GET"]}}],"collection":[{"href":"https:\/\/www.diarioimagen.net\/index.php?rest_route=\/wp\/v2\/posts"}],"about":[{"href":"https:\/\/www.diarioimagen.net\/index.php?rest_route=\/wp\/v2\/types\/post"}],"author":[{"embeddable":true,"href":"https:\/\/www.diarioimagen.net\/index.php?rest_route=\/wp\/v2\/users\/3"}],"replies":[{"embeddable":true,"href":"https:\/\/www.diarioimagen.net\/index.php?rest_route=%2Fwp%2Fv2%2Fcomments&post=397523"}],"version-history":[{"count":0,"href":"https:\/\/www.diarioimagen.net\/index.php?rest_route=\/wp\/v2\/posts\/397523\/revisions"}],"wp:featuredmedia":[{"embeddable":true,"href":"https:\/\/www.diarioimagen.net\/index.php?rest_route=\/wp\/v2\/media\/397571"}],"wp:attachment":[{"href":"https:\/\/www.diarioimagen.net\/index.php?rest_route=%2Fwp%2Fv2%2Fmedia&parent=397523"}],"wp:term":[{"taxonomy":"category","embeddable":true,"href":"https:\/\/www.diarioimagen.net\/index.php?rest_route=%2Fwp%2Fv2%2Fcategories&post=397523"},{"taxonomy":"post_tag","embeddable":true,"href":"https:\/\/www.diarioimagen.net\/index.php?rest_route=%2Fwp%2Fv2%2Ftags&post=397523"}],"curies":[{"name":"wp","href":"https:\/\/api.w.org\/{rel}","templated":true}]}}