{"id":397628,"date":"2018-10-04T00:09:58","date_gmt":"2018-10-04T05:09:58","guid":{"rendered":"https:\/\/www.diarioimagen.net\/?p=397628"},"modified":"2018-10-04T04:45:16","modified_gmt":"2018-10-04T09:45:16","slug":"se-da-certidumbre-a-consumidores-e-inversionistas","status":"publish","type":"post","link":"https:\/\/www.diarioimagen.net\/?p=397628","title":{"rendered":"Se da certidumbre a consumidores e inversionistas"},"content":{"rendered":"<ul>\n<li><strong><em>Con acuerdo comercial: Hacienda<\/em><\/strong><\/li>\n<\/ul>\n<p>&nbsp;<\/p>\n<div id=\"attachment_397714\" style=\"width: 470px\" class=\"wp-caption aligncenter\"><a href=\"https:\/\/www.diarioimagen.net\/?attachment_id=397714\" rel=\"attachment wp-att-397714\"><img loading=\"lazy\" decoding=\"async\" aria-describedby=\"caption-attachment-397714\" class=\"size-large wp-image-397714\" src=\"https:\/\/www.diarioimagen.net\/wp-content\/uploads\/2018\/10\/HACIENDA-3469-460x259.jpg\" alt=\"\" width=\"460\" height=\"259\" srcset=\"https:\/\/www.diarioimagen.net\/wp-content\/uploads\/2018\/10\/HACIENDA-3469-460x259.jpg 460w, https:\/\/www.diarioimagen.net\/wp-content\/uploads\/2018\/10\/HACIENDA-3469-240x135.jpg 240w, https:\/\/www.diarioimagen.net\/wp-content\/uploads\/2018\/10\/HACIENDA-3469-235x132.jpg 235w, https:\/\/www.diarioimagen.net\/wp-content\/uploads\/2018\/10\/HACIENDA-3469-202x114.jpg 202w, https:\/\/www.diarioimagen.net\/wp-content\/uploads\/2018\/10\/HACIENDA-3469-350x196.jpg 350w, https:\/\/www.diarioimagen.net\/wp-content\/uploads\/2018\/10\/HACIENDA-3469-220x123.jpg 220w, https:\/\/www.diarioimagen.net\/wp-content\/uploads\/2018\/10\/HACIENDA-3469-237x132.jpg 237w, https:\/\/www.diarioimagen.net\/wp-content\/uploads\/2018\/10\/HACIENDA-3469.jpg 480w\" sizes=\"auto, (max-width: 460px) 100vw, 460px\" \/><\/a><p id=\"caption-attachment-397714\" class=\"wp-caption-text\">El secretario de Hacienda, Jos\u00e9 Antonio Gonz\u00e1lez Anaya, dijo que el nuevo acuerdo comercial entre M\u00e9xico, Estados Unidos y Canad\u00e1, da certidumbre.<\/p><\/div>\n<p>&nbsp;<\/p>\n<p>El nuevo acuerdo comercial entre M\u00e9xico, Estados Unidos y Canad\u00e1, que sustituye al Tratado de Libre Comercio de Am\u00e9rica del Norte (TLCAN), viene a dar certidumbre a los exportadores, a los consumidores y a los inversionistas, destac\u00f3 el secretario de Hacienda, Jos\u00e9 Antonio Gonz\u00e1lez Anaya.<\/p>\n<p>Al comparecer ante el pleno de la C\u00e1mara de Diputados con motivo del an\u00e1lisis del Sexto Informe de Gobierno en materia de pol\u00edtica econ\u00f3mica, dijo que el ahora llamado acuerdo Estados Unidos, M\u00e9xico y Canad\u00e1 (USMCA, por sus iniciales en ingl\u00e9s) pone al d\u00eda muchos de los temas que hab\u00edan sido rebasados con el transcurrir del tiempo.<\/p>\n<p>Este nuevo acuerdo, dijo, viene a dar certidumbre a los exportadores mexicanos de que cuentan con un mercado donde pueden colocar sus productos, y a los consumidores de que tienen acceso a m\u00e1s bienes a un menor precio, y a los inversionistas de que hay condiciones para incrementar los flujos de inversi\u00f3n que son fundamentales para el crecimiento y la generaci\u00f3n de empleos.<\/p>\n<p>\u201cEstaremos entregando una econom\u00eda que brinda mayores espacios para la inversi\u00f3n, alcanzando casi 200 mil millones de d\u00f3lares de Inversi\u00f3n Extranjera Directa en los \u00faltimos seis a\u00f1os, cifra sin precedentes que cubre por completo la cuenta corriente\u201d, subray\u00f3.<\/p>\n<p>Como lo dijo ante senadores la semana pasada, el encargado de las finanzas p\u00fablicas del pa\u00eds afirm\u00f3 que el proceso de transici\u00f3n de gobierno ha prevalecido el di\u00e1logo, la econom\u00eda est\u00e1 fuerte y las finanzas p\u00fablicas sanas y se entregar\u00e1n \u201cbuenas cuentas y bien las cuentas\u201d. Gonz\u00e1lez Anaya reconoci\u00f3 que el pa\u00eds tiene grandes retos, pero se tiene que seguir trabajando para impulsar grandes acciones que permitan cerrar las diferencias existentes en el pa\u00eds y que el bienestar sea por todo compartidos.<\/p>\n<p>No obstante, agreg\u00f3, tambi\u00e9n hay que reconocer que la administraci\u00f3n que tomar\u00e1 los rumbos del pa\u00eds a partir del pr\u00f3ximo 1 de diciembre heredar\u00e1 una econom\u00eda resiliente y en crecimiento, que ha reaccionado de forma correcta ante los choques que han llegado del exterior y que tiene su estabilidad bien cimentada en finanzas p\u00fablicas sanas.<\/p>\n<p>\u201cNuestras condiciones macroecon\u00f3micas dan certidumbre dentro y fuera del pa\u00eds de que en M\u00e9xico se salvaguardan los ahorros y se ofrecen los espacios para la inversi\u00f3n\u201d.<\/p>\n<p>Reconociendo los retos, insisti\u00f3, la econom\u00eda de M\u00e9xico es fuerte y sus finanzas p\u00fablicas son sanas, \u201centregaremos buenas cuentas y entregaremos bien las cuentas\u201d, lo que se ha logrado por el trabajo conjunto entre poderes, ya que la pluralidad de ideas nunca fue un obst\u00e1culo para alcanzar los mejores acuerdos para el presente y futuro del pa\u00eds.<\/p>\n<p>Refiri\u00f3 que en los \u00faltimos seis a\u00f1os, M\u00e9xico enfrent\u00f3 un complejo entorno global, como la ca\u00edda del precio del petr\u00f3leo o la reducci\u00f3n de la producci\u00f3n industrial de Estados Unidos, que pudo haber impactado profundamente en la econom\u00eda familiar si no se hubieran manejado las finanzas p\u00fablicas de manera prudente y responsable.<\/p>\n<p>Destac\u00f3 que en ning\u00fan momento la econom\u00eda mexicana cay\u00f3 en recesi\u00f3n ni tuvo inestabilidad en el sector financiero; por el contrario, en los \u00faltimos seis a\u00f1os creci\u00f3 2.5 por ciento anual y el empleo formal creci\u00f3 a una velocidad r\u00e9cord del 4.0 por ciento anual.<\/p>\n<p>Si bien no es el crecimiento al que debemos aspirar los mexicanos, a pesar de los factores en contra nunca se detuvo y supera al de las econom\u00edas comparables como Argentina, Brasil, Chile, as\u00ed como las de pa\u00edses desarrollados como Alemania, Estados Unidos y Francia.<\/p>\n<p>\u201cLa raz\u00f3n es que M\u00e9xico tom\u00f3 decisiones dif\u00edciles, no siempre populares pero s\u00ed responsables y necesarias\u201d, a\u00f1adi\u00f3 al se\u00f1alar que a pesar de tener un entorno adverso, sigui\u00f3 creciendo y se generaron m\u00e1s empleos.<\/p>\n<p>Las medidas que explican la estabilidad econ\u00f3mica del pa\u00eds, expuso, fueron las reformas estructurales aprobadas en esta administraci\u00f3n, as\u00ed como el buen manejo macroecon\u00f3mico, apunt\u00f3 el funcionario federal durante su mensaje inicial en esta comparecencia.<\/p>\n<p>\u201cHoy nuestra estabilidad est\u00e1 anclada en pol\u00edticas fiscales responsables, y en cada decisi\u00f3n en materia econ\u00f3mica, siempre se tuvo presente el compromiso de preservar la estabilidad\u201d, afirm\u00f3.<\/p>\n<p>El secretario de Hacienda dijo que M\u00e9xico se comprometi\u00f3 a realizar un proceso gradual de consolidaci\u00f3n fiscal que no afectara la estabilidad macroecon\u00f3mica del pa\u00eds o comprometiera el presupuesto destinado a combatir la pobreza.<\/p>\n<p>As\u00ed, a la distancia, M\u00e9xico es hoy de los pocos pa\u00edses del Grupo de los Veinte (G20) y de Am\u00e9rica Latina que logr\u00f3 alcanzar un super\u00e1vit primario y que tiene una trayectoria de deuda decreciente como porcentaje del Producto Interno Bruto (PIB).<strong>\u00a0<\/strong><\/p>\n","protected":false},"excerpt":{"rendered":"<p>El nuevo acuerdo comercial entre M\u00e9xico, Estados Unidos y Canad\u00e1, que sustituye al Tratado de Libre Comercio de Am\u00e9rica del Norte (TLCAN), viene a dar certidumbre a los exportadores, a los consumidores y a los inversionistas, destac\u00f3 el secretario de Hacienda, Jos\u00e9 Antonio Gonz\u00e1lez Anaya.<\/p>\n","protected":false},"author":3,"featured_media":397714,"comment_status":"open","ping_status":"open","sticky":false,"template":"","format":"standard","meta":{"_monsterinsights_skip_tracking":false,"_monsterinsights_sitenote_active":false,"_monsterinsights_sitenote_note":"","_monsterinsights_sitenote_category":0,"footnotes":""},"categories":[8],"tags":[43673,2167,11203],"class_list":["post-397628","post","type-post","status-publish","format-standard","has-post-thumbnail","hentry","category-finanzas","tag-nacional","tag-tlcan","tag-tratado-de-libre-comercio-de-america-del-norte"],"_links":{"self":[{"href":"https:\/\/www.diarioimagen.net\/index.php?rest_route=\/wp\/v2\/posts\/397628","targetHints":{"allow":["GET"]}}],"collection":[{"href":"https:\/\/www.diarioimagen.net\/index.php?rest_route=\/wp\/v2\/posts"}],"about":[{"href":"https:\/\/www.diarioimagen.net\/index.php?rest_route=\/wp\/v2\/types\/post"}],"author":[{"embeddable":true,"href":"https:\/\/www.diarioimagen.net\/index.php?rest_route=\/wp\/v2\/users\/3"}],"replies":[{"embeddable":true,"href":"https:\/\/www.diarioimagen.net\/index.php?rest_route=%2Fwp%2Fv2%2Fcomments&post=397628"}],"version-history":[{"count":0,"href":"https:\/\/www.diarioimagen.net\/index.php?rest_route=\/wp\/v2\/posts\/397628\/revisions"}],"wp:featuredmedia":[{"embeddable":true,"href":"https:\/\/www.diarioimagen.net\/index.php?rest_route=\/wp\/v2\/media\/397714"}],"wp:attachment":[{"href":"https:\/\/www.diarioimagen.net\/index.php?rest_route=%2Fwp%2Fv2%2Fmedia&parent=397628"}],"wp:term":[{"taxonomy":"category","embeddable":true,"href":"https:\/\/www.diarioimagen.net\/index.php?rest_route=%2Fwp%2Fv2%2Fcategories&post=397628"},{"taxonomy":"post_tag","embeddable":true,"href":"https:\/\/www.diarioimagen.net\/index.php?rest_route=%2Fwp%2Fv2%2Ftags&post=397628"}],"curies":[{"name":"wp","href":"https:\/\/api.w.org\/{rel}","templated":true}]}}