{"id":397673,"date":"2018-10-04T00:05:05","date_gmt":"2018-10-04T05:05:05","guid":{"rendered":"https:\/\/www.diarioimagen.net\/?p=397673"},"modified":"2018-10-04T05:02:03","modified_gmt":"2018-10-04T10:02:03","slug":"acuerdo-comercial-abre-oportunidades-de-mayor-inversion-al-estado-de-mexico","status":"publish","type":"post","link":"https:\/\/www.diarioimagen.net\/?p=397673","title":{"rendered":"Acuerdo comercial abre oportunidades de mayor inversi\u00f3n al Estado de M\u00e9xico"},"content":{"rendered":"<ul>\n<li><strong><em>Reconocimiento de Vargas del\u2008Villar<\/em><\/strong><\/li>\n<\/ul>\n<p>&nbsp;<\/p>\n<div id=\"attachment_397741\" style=\"width: 470px\" class=\"wp-caption aligncenter\"><a href=\"https:\/\/www.diarioimagen.net\/?attachment_id=397741\" rel=\"attachment wp-att-397741\"><img loading=\"lazy\" decoding=\"async\" aria-describedby=\"caption-attachment-397741\" class=\"size-large wp-image-397741\" src=\"https:\/\/www.diarioimagen.net\/wp-content\/uploads\/2018\/10\/HUIXQUILUCAN-3469-460x259.jpg\" alt=\"\" width=\"460\" height=\"259\" srcset=\"https:\/\/www.diarioimagen.net\/wp-content\/uploads\/2018\/10\/HUIXQUILUCAN-3469-460x259.jpg 460w, https:\/\/www.diarioimagen.net\/wp-content\/uploads\/2018\/10\/HUIXQUILUCAN-3469-240x135.jpg 240w, https:\/\/www.diarioimagen.net\/wp-content\/uploads\/2018\/10\/HUIXQUILUCAN-3469-235x132.jpg 235w, https:\/\/www.diarioimagen.net\/wp-content\/uploads\/2018\/10\/HUIXQUILUCAN-3469-202x114.jpg 202w, https:\/\/www.diarioimagen.net\/wp-content\/uploads\/2018\/10\/HUIXQUILUCAN-3469-350x196.jpg 350w, https:\/\/www.diarioimagen.net\/wp-content\/uploads\/2018\/10\/HUIXQUILUCAN-3469-220x123.jpg 220w, https:\/\/www.diarioimagen.net\/wp-content\/uploads\/2018\/10\/HUIXQUILUCAN-3469-237x132.jpg 237w, https:\/\/www.diarioimagen.net\/wp-content\/uploads\/2018\/10\/HUIXQUILUCAN-3469.jpg 480w\" sizes=\"auto, (max-width: 460px) 100vw, 460px\" \/><\/a><p id=\"caption-attachment-397741\" class=\"wp-caption-text\">Enrique Vargas del Villar celebr\u00f3 el acuerdo alcanzado por los gobiernos de M\u00e9xico, Estados Unidos y Canad\u00e1.<\/p><\/div>\n<p>&nbsp;<\/p>\n<p><strong>Huixquilucan, Estado de M\u00e9xico<\/strong>.- El presidente municipal de Huixquilucan, Enrique Vargas del Villar, celebr\u00f3 el compromiso alcanzado por los gobiernos de M\u00e9xico, Estados Unidos y Canad\u00e1 para concretar un nuevo acuerdo comercial trilateral.<\/p>\n<p>Reconoci\u00f3 el trabajo del cuerpo diplom\u00e1tico y negociador que encabezaron este esfuerzo para lograr un convenio justo para las tres naciones.<\/p>\n<p>\u201cDestaco el esfuerzo de coordinaci\u00f3n entre el gobierno federal en funciones y el electo para hacer un solo frente a favor de M\u00e9xico, porque cuando se trata del beneficio de la naci\u00f3n y sus ciudadanos, debe prevalecer el inter\u00e9s de todos y marginar las luchas partidistas\u201d, resalt\u00f3 Vargas del Villar.<\/p>\n<p>Sin duda, abund\u00f3, los mexicanos somos testigos de un hecho hist\u00f3rico en el cual los mexiquenses y en especial la gente de Huixquilucan, quieren ser protagonistas y beneficiarios de este acuerdo comercial trinacional, que abrir\u00e1 nuevas oportunidades en materia de inversi\u00f3n, fomento al empleo y apertura de mercados.<\/p>\n<p>\u201cHuixquilucan est\u00e1 listo para competir en el mundo, nuestra visi\u00f3n de gobierno contempla una estrategia de desarrollo que parte de la competitividad, la productividad y el desarrollo humano como ejes de una econom\u00eda sana\u201d.<\/p>\n<p>Por ello, convoc\u00f3 a los industriales y empresarios del estado de M\u00e9xico, para que se sumen y juntos trabajar por alcanzar los objetivos. \u201cApostaremos por la inversi\u00f3n, la atracci\u00f3n de capitales y la educaci\u00f3n\u201d, puntualiz\u00f3.<\/p>\n","protected":false},"excerpt":{"rendered":"<p>El presidente municipal de Huixquilucan, Enrique Vargas del Villar, celebr\u00f3 el compromiso alcanzado por los gobiernos de M\u00e9xico, Estados Unidos y Canad\u00e1 para concretar un nuevo acuerdo comercial trilateral.<\/p>\n","protected":false},"author":3,"featured_media":397741,"comment_status":"open","ping_status":"open","sticky":false,"template":"","format":"standard","meta":{"_monsterinsights_skip_tracking":false,"_monsterinsights_sitenote_active":false,"_monsterinsights_sitenote_note":"","_monsterinsights_sitenote_category":0,"footnotes":""},"categories":[35155],"tags":[47218,43675,1097],"class_list":["post-397673","post","type-post","status-publish","format-standard","has-post-thumbnail","hentry","category-estado-de-mexico-estado-de-mexico","tag-enrique-vargas-del-villar","tag-estado-de-mexico","tag-huixquilucan"],"_links":{"self":[{"href":"https:\/\/www.diarioimagen.net\/index.php?rest_route=\/wp\/v2\/posts\/397673","targetHints":{"allow":["GET"]}}],"collection":[{"href":"https:\/\/www.diarioimagen.net\/index.php?rest_route=\/wp\/v2\/posts"}],"about":[{"href":"https:\/\/www.diarioimagen.net\/index.php?rest_route=\/wp\/v2\/types\/post"}],"author":[{"embeddable":true,"href":"https:\/\/www.diarioimagen.net\/index.php?rest_route=\/wp\/v2\/users\/3"}],"replies":[{"embeddable":true,"href":"https:\/\/www.diarioimagen.net\/index.php?rest_route=%2Fwp%2Fv2%2Fcomments&post=397673"}],"version-history":[{"count":0,"href":"https:\/\/www.diarioimagen.net\/index.php?rest_route=\/wp\/v2\/posts\/397673\/revisions"}],"wp:featuredmedia":[{"embeddable":true,"href":"https:\/\/www.diarioimagen.net\/index.php?rest_route=\/wp\/v2\/media\/397741"}],"wp:attachment":[{"href":"https:\/\/www.diarioimagen.net\/index.php?rest_route=%2Fwp%2Fv2%2Fmedia&parent=397673"}],"wp:term":[{"taxonomy":"category","embeddable":true,"href":"https:\/\/www.diarioimagen.net\/index.php?rest_route=%2Fwp%2Fv2%2Fcategories&post=397673"},{"taxonomy":"post_tag","embeddable":true,"href":"https:\/\/www.diarioimagen.net\/index.php?rest_route=%2Fwp%2Fv2%2Ftags&post=397673"}],"curies":[{"name":"wp","href":"https:\/\/api.w.org\/{rel}","templated":true}]}}