{"id":397869,"date":"2018-10-05T00:09:40","date_gmt":"2018-10-05T05:09:40","guid":{"rendered":"https:\/\/www.diarioimagen.net\/?p=397869"},"modified":"2018-10-05T07:27:57","modified_gmt":"2018-10-05T12:27:57","slug":"uaem-sede-de-primer-modelo-de-administracion-publica","status":"publish","type":"post","link":"https:\/\/www.diarioimagen.net\/?p=397869","title":{"rendered":"UAEM, sede de Primer Modelo de Administraci\u00f3n P\u00fablica"},"content":{"rendered":"<ul>\n<li><strong><em>Facultad de Ciencias Pol\u00edticas y Sociales<\/em><\/strong><\/li>\n<\/ul>\n<p>&nbsp;<\/p>\n<div id=\"attachment_397941\" style=\"width: 470px\" class=\"wp-caption aligncenter\"><a href=\"https:\/\/www.diarioimagen.net\/?attachment_id=397941\" rel=\"attachment wp-att-397941\"><img loading=\"lazy\" decoding=\"async\" aria-describedby=\"caption-attachment-397941\" class=\"size-large wp-image-397941\" src=\"https:\/\/www.diarioimagen.net\/wp-content\/uploads\/2018\/10\/UAEM-3470-460x259.jpg\" alt=\"\" width=\"460\" height=\"259\" srcset=\"https:\/\/www.diarioimagen.net\/wp-content\/uploads\/2018\/10\/UAEM-3470-460x259.jpg 460w, https:\/\/www.diarioimagen.net\/wp-content\/uploads\/2018\/10\/UAEM-3470-240x135.jpg 240w, https:\/\/www.diarioimagen.net\/wp-content\/uploads\/2018\/10\/UAEM-3470-235x132.jpg 235w, https:\/\/www.diarioimagen.net\/wp-content\/uploads\/2018\/10\/UAEM-3470-202x114.jpg 202w, https:\/\/www.diarioimagen.net\/wp-content\/uploads\/2018\/10\/UAEM-3470-350x196.jpg 350w, https:\/\/www.diarioimagen.net\/wp-content\/uploads\/2018\/10\/UAEM-3470-220x123.jpg 220w, https:\/\/www.diarioimagen.net\/wp-content\/uploads\/2018\/10\/UAEM-3470-237x132.jpg 237w, https:\/\/www.diarioimagen.net\/wp-content\/uploads\/2018\/10\/UAEM-3470.jpg 480w\" sizes=\"auto, (max-width: 460px) 100vw, 460px\" \/><\/a><p id=\"caption-attachment-397941\" class=\"wp-caption-text\">Inaugurado por el rector Alfredo Barrera Baca, este ejercicio simular\u00e1 el proceso administrativo y la toma de decisiones en escenarios como el cabildo de Toluca y el gabinete del gobierno del Estado de M\u00e9xico.<\/p><\/div>\n<p>&nbsp;<\/p>\n<p><strong>Toluca, Estado de M\u00e9xico<\/strong>.\u2013 La Facultad de Ciencias Pol\u00edticas y Sociales de la Universidad Aut\u00f3noma del Estado de M\u00e9xico fue sede del Primer Modelo de Administraci\u00f3n P\u00fablica, surgido a iniciativa de los estudiantes y a cuya inauguraci\u00f3n acudieron los diputados de la LX Legislatura mexiquense, Bernardo Segura Rivera y Javier Gonz\u00e1lez Zepeda.<\/p>\n<p>Durante la inauguraci\u00f3n de este ejercicio acad\u00e9mico, el rector de la UAEM, Alfredo Barrera Baca, sostuvo que incursionar en el \u00e1mbito de la administraci\u00f3n p\u00fablica implica ingresar a territorios de complejidad cuyo abordaje requiere la multi e interdisciplinariedad.<\/p>\n<p>En el auditorio de dicho espacio universitario, enfatiz\u00f3 los escenarios de aprendizaje sobre los cuales trabajar\u00e1n los seis comit\u00e9s que conforman el Modelo de Administraci\u00f3n P\u00fablica, a partir de tem\u00e1ticas que buscan arriesgar en objetos de estudio y proponer nuevas metodolog\u00edas.<\/p>\n<p>Ante el presidente municipal de Otzolotepec, Boris L\u00f3pez Quiroz, y el profesor em\u00e9rito de la UAEM, Ignacio Pichardo Pagaza, reconoci\u00f3 la iniciativa surgida del esfuerzo de imaginaci\u00f3n pol\u00edtica y administrativa de los estudiantes. Asever\u00f3 que, desde una perspectiva humanista, el cultivo de las virtudes y buscar que otros sean felices constituyen el n\u00facleo de las pol\u00edticas p\u00fablicas.<\/p>\n<p>Alfredo Barrera Baca inst\u00f3 a los alumnos participantes de este simulador a practicar la capacidad cr\u00edtica, buscar la racionalidad, apegarse a la ley y la transparencia en actos y decisiones cuando emprendan una consultor\u00eda, desarrollen investigaci\u00f3n o se empleen en el servicio p\u00fablico o privado.<\/p>\n<p>El director de la Facultad de Ciencias Pol\u00edticas y Sociales, Marco Aurelio Cienfuegos Terr\u00f3n, indic\u00f3 que desde las instituciones de educaci\u00f3n superior, los j\u00f3venes son llamados a contribuir a la generaci\u00f3n de propuestas que alimenten el quehacer gubernamental, mediante la adaptaci\u00f3n de enfoques innovadores e integrales que promuevan el cambio en las pol\u00edticas.<\/p>\n<p>Manifest\u00f3 que en este espacio acad\u00e9mico se forman profesionales con potencial para construir modelos de dise\u00f1o organizacional y de gesti\u00f3n del sector p\u00fablico, que contribuyan al ejercicio eficaz de la administraci\u00f3n p\u00fablica.<\/p>\n<p>Acompa\u00f1ado de los organizadores Javier Chimal Barrag\u00e1n y Paloma Cruz Monroy, el presidente del Primer Modelo de Administraci\u00f3n P\u00fablica, Carlos Gonz\u00e1lez D\u00edaz, destac\u00f3 que este ejercicio simular\u00e1 el proceso administrativo y la toma de decisiones en escenarios como el cabildo de Toluca, el gabinete del Gobierno del Estado de M\u00e9xico, el Consejo General del Instituto Nacional Electoral y el Consejo Estatal de la Mujer y Bienestar Social.<\/p>\n<p>Asimismo, fueron creados los comit\u00e9s de la Cumbre de Presidentes Municipales y la Comisi\u00f3n de Asuntos Metropolitanos del Valle de Toluca que, a trav\u00e9s de debates, pl\u00e1ticas y ponencias, buscar\u00e1n dar soluci\u00f3n a problem\u00e1ticas sociales de la entidad.<\/p>\n","protected":false},"excerpt":{"rendered":"<p>La Facultad de Ciencias Pol\u00edticas y Sociales de la Universidad Aut\u00f3noma del Estado de M\u00e9xico fue sede del Primer Modelo de Administraci\u00f3n P\u00fablica, surgido a iniciativa de los estudiantes y a cuya inauguraci\u00f3n acudieron los diputados de la LX Legislatura mexiquense, Bernardo Segura Rivera y Javier Gonz\u00e1lez Zepeda.<\/p>\n","protected":false},"author":3,"featured_media":397941,"comment_status":"open","ping_status":"open","sticky":false,"template":"","format":"standard","meta":{"_monsterinsights_skip_tracking":false,"_monsterinsights_sitenote_active":false,"_monsterinsights_sitenote_note":"","_monsterinsights_sitenote_category":0,"footnotes":""},"categories":[35155],"tags":[43675,78871,452],"class_list":["post-397869","post","type-post","status-publish","format-standard","has-post-thumbnail","hentry","category-estado-de-mexico-estado-de-mexico","tag-estado-de-mexico","tag-facultad-de-ciencias-politicas-y-sociales-uaem","tag-toluca"],"_links":{"self":[{"href":"https:\/\/www.diarioimagen.net\/index.php?rest_route=\/wp\/v2\/posts\/397869","targetHints":{"allow":["GET"]}}],"collection":[{"href":"https:\/\/www.diarioimagen.net\/index.php?rest_route=\/wp\/v2\/posts"}],"about":[{"href":"https:\/\/www.diarioimagen.net\/index.php?rest_route=\/wp\/v2\/types\/post"}],"author":[{"embeddable":true,"href":"https:\/\/www.diarioimagen.net\/index.php?rest_route=\/wp\/v2\/users\/3"}],"replies":[{"embeddable":true,"href":"https:\/\/www.diarioimagen.net\/index.php?rest_route=%2Fwp%2Fv2%2Fcomments&post=397869"}],"version-history":[{"count":0,"href":"https:\/\/www.diarioimagen.net\/index.php?rest_route=\/wp\/v2\/posts\/397869\/revisions"}],"wp:featuredmedia":[{"embeddable":true,"href":"https:\/\/www.diarioimagen.net\/index.php?rest_route=\/wp\/v2\/media\/397941"}],"wp:attachment":[{"href":"https:\/\/www.diarioimagen.net\/index.php?rest_route=%2Fwp%2Fv2%2Fmedia&parent=397869"}],"wp:term":[{"taxonomy":"category","embeddable":true,"href":"https:\/\/www.diarioimagen.net\/index.php?rest_route=%2Fwp%2Fv2%2Fcategories&post=397869"},{"taxonomy":"post_tag","embeddable":true,"href":"https:\/\/www.diarioimagen.net\/index.php?rest_route=%2Fwp%2Fv2%2Ftags&post=397869"}],"curies":[{"name":"wp","href":"https:\/\/api.w.org\/{rel}","templated":true}]}}