{"id":397897,"date":"2018-10-05T00:00:21","date_gmt":"2018-10-05T05:00:21","guid":{"rendered":"https:\/\/www.diarioimagen.net\/?p=397897"},"modified":"2018-10-05T02:56:40","modified_gmt":"2018-10-05T07:56:40","slug":"oportunismo-de-madrazo-intenta-quedar-bien-con-amlo","status":"publish","type":"post","link":"https:\/\/www.diarioimagen.net\/?p=397897","title":{"rendered":"Oportunismo de Madrazo; intenta quedar bien con AMLO"},"content":{"rendered":"<h2>La Retaguardia<\/h2>\n<h5>Adriana Moreno Cordero<\/h5>\n<p><em>\u00a0<\/em><\/p>\n<ul>\n<li><strong><em> Excelente decisi\u00f3n de Santiago Taboada y Armando Quintero<\/em><\/strong><\/li>\n<\/ul>\n<p>&nbsp;<\/p>\n<p>&nbsp;<\/p>\n<p>\u00bfPor qu\u00e9 doce a\u00f1os despu\u00e9s, al pri\u00edsta <strong>Roberto Madrazo<\/strong> le da por salir\u00a0 a decir que en las elecciones presidenciales del 2006 y de acuerdo a sus actas que tuvo muy bien guardadas durante todo ese tiempo, el ganador de esos comicios fue el presidente electo, <strong>Andr\u00e9s Manuel L\u00f3pez Obrador<\/strong>?<\/p>\n<p>De entrada, esa acci\u00f3n se ve abiertamente oportunista; de ah\u00ed que diversos analistas coincidan en se\u00f1alar que lo \u00fanico que quiere Madrazo Pintado, es quedar bien con su paisano, \u00bfacaso porque observa lo mermado que qued\u00f3 el Revolucionario Institucional despu\u00e9s de las elecciones del 1 de julio?<\/p>\n<p>AMLO y el ex dirigente del PRI, son muy viejos conocidos de aquellos ayeres en las tierras tabasque\u00f1as y se comenta que en realidad, Madrazo nunca tuvo un problema o enfrentamiento con el hoy presidente electo, es decir, que el encargado de \u201cprender la mecha\u201d era m\u00e1s bien L\u00f3pez Obrador.<\/p>\n<p>\u00bfSupondr\u00e1 acaso el pri\u00edsta que su paisano, -hoy colocado en tan excelente posici\u00f3n-, le va a \u201cechar la mano\u201d, o incluso, ofrecerle alguna posici\u00f3n en el gabinete?<\/p>\n<p>En el remot\u00edsimo e hipot\u00e9tico caso de que eso ocurriera, Madrazo ser\u00eda entonces uno de los destacados pri\u00edstas que se ver\u00eda en la necesidad de abandonar a su partido.<\/p>\n<p>En fin, las apuestas ya se corren y gana la versi\u00f3n de que AMLO, que perdona pero no olvida, ni caso le har\u00e1 a su paisano ya que ahora, el primero tiene \u201cel sart\u00e9n por el mango\u201d.<\/p>\n<p>Sin embargo, \u201cel tercero en discordia\u201d fue el ex presidente <strong>Felipe Calder\u00f3n<\/strong>, quien muy indignado, sali\u00f3 a se\u00f1alar a Roberto Madrazo para ponerlo en jaque, (como al parecer ya est\u00e1), acusando que lo que se intent\u00f3 el 1 de diciembre del 2006, era evitar que el michoacano tomara posesi\u00f3n como presidente constitucional del pa\u00eds, para que la oposici\u00f3n pudiera nombrar a un interino, por lo que en aquella atropellada y accidentada sesi\u00f3n en el Palacio Legislativo de San L\u00e1zaro, el michoacano se vio obligado a aliarse precisamente con el PRI.<\/p>\n<p>Recu\u00e9rdese en ese entonces la actuaci\u00f3n del ex l\u00edder del tricolor, <strong>Manlio Fabio Beltrones<\/strong> a quien ese d\u00eda, curiosamente, con rabia, la hoy flamante diputada <strong>Mar\u00eda de los Dolores Padierna<\/strong>, se negaba a dejarle su asiento en la Mesa Directiva de la C\u00e1mara de Diputados.<\/p>\n<p>Muy probablemente, Roberto Madrazo estar\u00e1 muy atento a las reacciones que ha generado su declaraci\u00f3n; la mala noticia para \u00e9l, es que ha sido en contra, esto es, un rechazo generalizado con la pregunta: \u00bfpor qu\u00e9 no habl\u00f3 al d\u00eda siguiente de esos controvertidos comicios en los que por un margen muy estrecho, por cierto, gan\u00f3 Calder\u00f3n Hinojosa\u2019<\/p>\n<p style=\"text-align: center;\"><strong>Municiones<\/strong><\/p>\n<p>*** M\u00e9xico est\u00e1 inmerso en la condici\u00f3n mundial actual que, sin duda, tiene repercusi\u00f3n y, adem\u00e1s, vive situaciones complicadas al interior, no obstante, durante toda la administraci\u00f3n del presidente <strong>Enrique Pe\u00f1a Nieto<\/strong>, el sector salud ha demostrado una s\u00f3lida capacidad y respuesta en cada una de las instituciones p\u00fablicas de salud, tanto en el trabajo cotidiano como en los asuntos de car\u00e1cter nacional, \u201csi hemos avanzado\u201d se\u00f1al\u00f3 el Secretario de Salud, <strong>Jos\u00e9 Narro Robles<\/strong>, durante su comparecencia ante la Comisi\u00f3n de Salud en la C\u00e1mara de Diputados, en el marco de la Glosa del VI Informe de Gobierno.<\/p>\n<p>*** La decisi\u00f3n que tomaron los nuevos alcaldes de Benito Ju\u00e1rez, <strong>Santiago Taboada<\/strong> y de Iztacalco, <strong>Armando Quintero<\/strong>, ha sido muy celebrada por los habitantes de esas jurisdicciones.\u00a0 Ambos, perteneciendo a partidos diferentes, uno del PAN y el otro de Morena, parece que se pusieron de acuerdo cuando hicieron saber que quedan suspendidas las megaconstrucciones en esas demarcaciones, ya que ser\u00e1n sujetas a acuciosa revisi\u00f3n.<\/p>\n<p>Y es que en el caso de la BJ, son bien conocidas las presuntas irregularidades que cometieron anteriores delegados para autorizar permisos de edificios de viviendas mucho m\u00e1s altos de los est\u00e1ndares establecidos; luego, -seg\u00fan se sabe-, clausuraban la obra para obtener, digamos, m\u00e1s recursos, todo esto, en perjuicio de los habitantes de esa exdelegaci\u00f3n, ahora alcald\u00eda.<\/p>\n<p>*** Eso de que el coordinador de la fracci\u00f3n de Morena en la C\u00e1mara de Diputados, <strong>Mario Mart\u00edn Delgado<\/strong>, negara p\u00fablicamente tener confrontaci\u00f3n con la impositiva y hasta autoritaria vicepresidenta de la Mesa Directiva de la C\u00e1mara Baja, <strong>Mar\u00eda de los Dolores Padierna<\/strong>, con todo respeto, que se lo crea a ver qui\u00e9n. Cuesti\u00f3n de recordar el gesto de la ex perredista cuando impuso su voluntad, nom\u00e1s porque as\u00ed quiso, en la sesi\u00f3n en la que compareci\u00f3 el secretario de Hacienda, <strong>Jos\u00e9 Antonio Gonz\u00e1lez Anaya<\/strong>.<\/p>\n<p>Luego del extra\u00f1amiento, -se comenta en los corrillos del Palacio Legislativo de San L\u00e1zaro-, Delgado le dio un \u201cjal\u00f3n de orejas\u201d a la ex senadora que solo la hizo enojar m\u00e1s, as\u00ed que podr\u00eda pasar un buen tiempo, antes que la veamos de nuevo sentada en la presidencia de la C\u00e1mara de Diputados; en la sesi\u00f3n de ayer estuvo presidiendo el panista <strong>Marco Adame<\/strong>.<\/p>\n<p>Adem\u00e1s se sabe que el coordinador morenista trae en sus manos una verdadera \u201cpapa caliente\u201d por aquello de nombrar y conformar Comisiones y los asuntos, se siguen acumulando.<\/p>\n<p>*** En el encuentro que sostuvieron L\u00f3pez Obrador y el flamante gobernador de Morelos, <strong>Cuauht\u00e9moc Blanco Bravo<\/strong>, bien se puede concluir que todo fue \u201cmiel sobre hojuelas\u201d.<\/p>\n<p>Con raz\u00f3n tampoco se hizo presente la presidenta de Morena, <strong>Yeidckol Polevnsky<\/strong>, que en mucho tiempo no sortear\u00e1 sus diferencias con el ex futbolista que de seguro, en su reuni\u00f3n con el tabasque\u00f1o, adem\u00e1s de presentarle su plan de gobierno, le habr\u00e1 dicho a lo mejor, su frase de cabecera: \u201ccome frutas y verduras\u201d.<\/p>\n<p>*** Muchas esperanzas tiene el ex gobernador de Tamaulipas, <strong>Eugenio Hern\u00e1ndez<\/strong>, preso en el penal de Ciudad Victoria, pues al ser acusado por delitos como enriquecimiento il\u00edcito y lavado de dinero, los mismos por los que otro ex mandatario estatal, <strong>Javier Duarte<\/strong> fue se\u00f1alado y solamente condenado con una pena de nueve a\u00f1os, que se redujo a tres y una irrisoria multa de 58 mil pesos que la se\u00f1ora <strong>Karime Mac\u00edas<\/strong>, desde luego, est\u00e1 dispuest\u00edsima a desembolsar, pues Hern\u00e1ndez Flores tiene muchas posibilidades de salvarla. \u00bfSer\u00e1?<\/p>\n<p><a href=\"mailto:morcora@gmail.com\" target=\"_blank\" rel=\"noopener\"><em>morcora@gmail.com<\/em><\/a><\/p>\n","protected":false},"excerpt":{"rendered":"<p><span style=\"color: #005497;\"><strong>Adriana Moreno Cordero<\/strong><\/span><\/p>\n","protected":false},"author":3,"featured_media":0,"comment_status":"open","ping_status":"open","sticky":false,"template":"","format":"standard","meta":{"_monsterinsights_skip_tracking":false,"_monsterinsights_sitenote_active":false,"_monsterinsights_sitenote_note":"","_monsterinsights_sitenote_category":0,"footnotes":""},"categories":[69370],"tags":[69369,69368,43674],"class_list":["post-397897","post","type-post","status-publish","format-standard","hentry","category-adriana-moreno-cordero","tag-adriana-moreno-cordero","tag-la-retaguardia","tag-opinion"],"_links":{"self":[{"href":"https:\/\/www.diarioimagen.net\/index.php?rest_route=\/wp\/v2\/posts\/397897","targetHints":{"allow":["GET"]}}],"collection":[{"href":"https:\/\/www.diarioimagen.net\/index.php?rest_route=\/wp\/v2\/posts"}],"about":[{"href":"https:\/\/www.diarioimagen.net\/index.php?rest_route=\/wp\/v2\/types\/post"}],"author":[{"embeddable":true,"href":"https:\/\/www.diarioimagen.net\/index.php?rest_route=\/wp\/v2\/users\/3"}],"replies":[{"embeddable":true,"href":"https:\/\/www.diarioimagen.net\/index.php?rest_route=%2Fwp%2Fv2%2Fcomments&post=397897"}],"version-history":[{"count":0,"href":"https:\/\/www.diarioimagen.net\/index.php?rest_route=\/wp\/v2\/posts\/397897\/revisions"}],"wp:attachment":[{"href":"https:\/\/www.diarioimagen.net\/index.php?rest_route=%2Fwp%2Fv2%2Fmedia&parent=397897"}],"wp:term":[{"taxonomy":"category","embeddable":true,"href":"https:\/\/www.diarioimagen.net\/index.php?rest_route=%2Fwp%2Fv2%2Fcategories&post=397897"},{"taxonomy":"post_tag","embeddable":true,"href":"https:\/\/www.diarioimagen.net\/index.php?rest_route=%2Fwp%2Fv2%2Ftags&post=397897"}],"curies":[{"name":"wp","href":"https:\/\/api.w.org\/{rel}","templated":true}]}}