{"id":397906,"date":"2018-10-05T00:04:51","date_gmt":"2018-10-05T05:04:51","guid":{"rendered":"https:\/\/www.diarioimagen.net\/?p=397906"},"modified":"2018-10-05T03:43:47","modified_gmt":"2018-10-05T08:43:47","slug":"ponen-la-mesa-lista-para-amlo","status":"publish","type":"post","link":"https:\/\/www.diarioimagen.net\/?p=397906","title":{"rendered":"Ponen la mesa lista para AMLO"},"content":{"rendered":"<h2>Poder y dinero<\/h2>\n<h5>V\u00edctor S\u00e1nchez Ba\u00f1os<\/h5>\n<p>&nbsp;<\/p>\n<p style=\"text-align: right;\"><strong><em>S\u00f3lo las ideas salvan a las razas<br \/>\n<\/em><\/strong><em>Ralph Waldo Emerson, 1803-1882, ensayista y <\/em><em>poeta estadounidense <\/em><\/p>\n<p>&nbsp;<\/p>\n<p>#AMLO #EPN #MesaLista #Legislaci\u00f3nParaAMLO #PRIMorena #CoincidenciasEPN-AMLO #RobertoMadrazoHabla #\u00bfPorqu\u00e9HastaAhoraRoberto? #FelipeCalder\u00f3n #AsaltantesAsesinosEnPolanco #Defensapropia #YaBastaDeAsaltos!!! #ArmadorasDeAutos #FordTecnolog\u00eda<\/p>\n<p>&nbsp;<\/p>\n<p>Pe\u00f1a Nieto impulsar\u00e1 leyes para el gobierno de L\u00f3pez Obrador. Hace algunos d\u00edas entrevist\u00e9 a la senadora Olga S\u00e1nchez Cordero, quien ser\u00e1 la secretaria de Gobernaci\u00f3n con Andr\u00e9s Manuel L\u00f3pez Obrador, a partir del 1 de diciembre.<\/p>\n<p>Su paso por el Legislativo tiene como objeto impulsar las leyes que necesitar\u00e1 el pr\u00f3ximo presidente de la Rep\u00fablica para administrar al pa\u00eds.<\/p>\n<p>Primero, impulsar\u00e1 la aprobaci\u00f3n de los tres fiscales fundamentales para la certidumbre judicial: el general, el anticorrupci\u00f3n y el de delitos electorales.<\/p>\n<p>Sin embargo, no quedar\u00e1 ah\u00ed, sino que tendr\u00e1n fiscal\u00edas especializadas para delitos contra periodistas, mujeres y especialmente contra ni\u00f1os, que es el sector m\u00e1s vulnerable y vulnerado del pa\u00eds.<\/p>\n<p>Adem\u00e1s, trabaja en una Ley de la administraci\u00f3n p\u00fablica que permita la existencia de la Secretar\u00eda de Seguridad P\u00fablica, as\u00ed como la desaparici\u00f3n de muchas subsecretarias y direcciones.<\/p>\n<p>Todo ello, ser\u00e1 impulsado por Morena y el Presidente Enrique Pe\u00f1a Nieto quien, a su vez, tendr\u00e1 el apoyo de los legisladores pri\u00edstas.<\/p>\n<p>Pe\u00f1a dejar\u00e1 las herramientas necesarias a AMLO, para lograr sus objetivos, sin escatimar ning\u00fan esfuerzo. La mesa puesta, pues.<\/p>\n<p>Olga S\u00e1nchez Cordero las impulsa desde el Senado y Mario Delgado desde Diputados, las leyes base de la administraci\u00f3n del pr\u00f3ximo presidente de la Rep\u00fablica.<\/p>\n<p><strong>PODEROSOS CABALLEROS<\/strong>: Sorpresivamente, Roberto Madrazo sali\u00f3 a declarar a una estaci\u00f3n de radio tabasque\u00f1a, que en las elecciones del 2006, donde gan\u00f3 la Presidencia de la Rep\u00fablica Felipe Calder\u00f3n Hinojosa, que se tergivers\u00f3 la elecci\u00f3n para quitarle la victoria a Andr\u00e9s Manuel L\u00f3pez Obrador.<\/p>\n<p>Caray, el pol\u00edtico que hizo trampa en un marat\u00f3n en Berl\u00edn para sacarse la foto de haber terminado un evento, ahora habla de trampas en el sistema pol\u00edtico mexicano. \u00bfPor qu\u00e9 hasta ahora Roberto?<\/p>\n<p>*** Empresas armadoras de autom\u00f3viles y camiones, se pusieron nerviosos ante el acuerdo trilateral de M\u00e9xico, Estados Unidos y Canad\u00e1, al incrementar el origen de las partes. El acuerdo disminuye el contenido de partes de naciones ajenas al USMCA.<\/p>\n<p>Armadoras, especialmente las europeas, japonesas, chinas y coreanas, mantienen elevados contenidos de producci\u00f3n de esas naciones en sus autom\u00f3viles armados en M\u00e9xico y para el mercado de Am\u00e9rica del Norte. Por ello, la disminuci\u00f3n del origen de las autopartes de naciones que no forman parte del norte del continente, provoca un incremento en sus costos. Esto tendr\u00e1 un impacto, especialmente, para la exportaci\u00f3n fuera del acuerdo comercial que se pondr\u00e1 en marcha antes de que termine noviembre.<\/p>\n<p>*** Por cierto, la firma del tratado a\u00fan en el gobierno de Enrique Pe\u00f1a Nieto, la har\u00e1n Donald Trump, Justin Trudeau y el mismo Pe\u00f1a Nieto. Una cortes\u00eda que tienen ambos con el actual presidente mexicano. De esto, el presidente electo, Andr\u00e9s Manuel L\u00f3pez Obrador, estuvo informado y de acuerdo.<\/p>\n<p>*** En la colonia Polanco en la Ciudad de M\u00e9xico, el escolta de un empresario que era asaltado por un malhechor armado, sali\u00f3 al rescate de su jefe y mat\u00f3 al delincuente. Ahora, resulta que la Polic\u00eda Judicial de la Ciudad de M\u00e9xico anuncia que busca a ese escolta y lograron dar con la identidad del empresario gracias a las placas del veh\u00edculo en que se fueron del lugar. El empresario sal\u00eda de un banco y, como muchos mexicanos que son v\u00edctimas de asaltantes al salir de los bancos, ten\u00eda una ventaja: un guardaespaldas y as\u00ed evit\u00f3 el asalto.<\/p>\n<p>La informaci\u00f3n que generan varios peri\u00f3dicos es simplemente que lo buscan, pero no se informa el objetivo. \u00bfSe presentar\u00eda ante el MP si pasar\u00e1 un rato amargo, a pesar las evidencias de este asalto in fraganti? Los ciudadanos necesitamos defendernos de los hampones y recibir el amparo de las autoridades.<\/p>\n<p>Defender la vida y las propiedades es el esp\u00edritu de las leyes mexicanas. Tiene que protegerse, primero, a la gente de bien y a los malos, pues que se atengan a las consecuencias.<\/p>\n<p><strong>RESPONSABILIDAD SOCIAL CORPORATIVA<\/strong>: Ford, liderado en M\u00e9xico por H\u00e9ctor P\u00e9rez, present\u00f3 su Ford Fusion 2019 en las versiones Titanium, SEL y esta \u00faltima tambi\u00e9n en versi\u00f3n h\u00edbrida. Fusion Titanium es pionera en contar con Co-Pilot360, un conjunto avanzado de tecnolog\u00edas de asistencias para el conductor que incluye: Detecci\u00f3n de Peatones, Preservaci\u00f3n de Carril, Asistencia de Pre-Colisi\u00f3n con Freno de Emergencia Autom\u00e1tico, Monitoreo de Punto Ciego BLIS, C\u00e1mara de Reversa y Faros con Autoencendido de luces altas. Buena herramienta para disminuir el n\u00famero de accidentes y v\u00edctimas de los mismos.<\/p>\n<p><em><a href=\"mailto:vsb@poderydinero.mx\" target=\"_blank\" rel=\"noopener\">vsb@poderydinero.mx<\/a><br \/>\n<\/em><em><strong>Twitter:<\/strong><a href=\"https:\/\/twitter.com\/vsanchezbanos\" target=\"_blank\" rel=\"noopener\">@vsanchezbano<br \/>\n<\/a><\/em><em><strong>Facebook:\u00a0<\/strong><a href=\"https:\/\/www.facebook.com\/vsanchezbanos?fref=ts\" target=\"_blank\" rel=\"noopener\">vsanchezbano<\/a><\/em><\/p>\n","protected":false},"excerpt":{"rendered":"<p><span style=\"color: #005497;\"><strong>V\u00edctor S\u00e1nchez Ba\u00f1os<\/strong><\/span><\/p>\n","protected":false},"author":3,"featured_media":0,"comment_status":"open","ping_status":"open","sticky":false,"template":"","format":"standard","meta":{"_monsterinsights_skip_tracking":false,"_monsterinsights_sitenote_active":false,"_monsterinsights_sitenote_note":"","_monsterinsights_sitenote_category":0,"footnotes":""},"categories":[38844],"tags":[43674,38847,38848],"class_list":["post-397906","post","type-post","status-publish","format-standard","hentry","category-victor-sanchez-banos","tag-opinion","tag-poder-y-dinero","tag-victor-sanchez-banos"],"_links":{"self":[{"href":"https:\/\/www.diarioimagen.net\/index.php?rest_route=\/wp\/v2\/posts\/397906","targetHints":{"allow":["GET"]}}],"collection":[{"href":"https:\/\/www.diarioimagen.net\/index.php?rest_route=\/wp\/v2\/posts"}],"about":[{"href":"https:\/\/www.diarioimagen.net\/index.php?rest_route=\/wp\/v2\/types\/post"}],"author":[{"embeddable":true,"href":"https:\/\/www.diarioimagen.net\/index.php?rest_route=\/wp\/v2\/users\/3"}],"replies":[{"embeddable":true,"href":"https:\/\/www.diarioimagen.net\/index.php?rest_route=%2Fwp%2Fv2%2Fcomments&post=397906"}],"version-history":[{"count":0,"href":"https:\/\/www.diarioimagen.net\/index.php?rest_route=\/wp\/v2\/posts\/397906\/revisions"}],"wp:attachment":[{"href":"https:\/\/www.diarioimagen.net\/index.php?rest_route=%2Fwp%2Fv2%2Fmedia&parent=397906"}],"wp:term":[{"taxonomy":"category","embeddable":true,"href":"https:\/\/www.diarioimagen.net\/index.php?rest_route=%2Fwp%2Fv2%2Fcategories&post=397906"},{"taxonomy":"post_tag","embeddable":true,"href":"https:\/\/www.diarioimagen.net\/index.php?rest_route=%2Fwp%2Fv2%2Ftags&post=397906"}],"curies":[{"name":"wp","href":"https:\/\/api.w.org\/{rel}","templated":true}]}}