{"id":397989,"date":"2018-10-08T00:11:52","date_gmt":"2018-10-08T05:11:52","guid":{"rendered":"https:\/\/www.diarioimagen.net\/?p=397989"},"modified":"2018-10-07T23:38:00","modified_gmt":"2018-10-08T04:38:00","slug":"promociona-edomex-la-crianza-de-conejos-en-la-entidad","status":"publish","type":"post","link":"https:\/\/www.diarioimagen.net\/?p=397989","title":{"rendered":"Impulsan crianza de conejos en la entidad"},"content":{"rendered":"<ul>\n<li><strong><em>Apoyos a la cunicultura<\/em><\/strong><\/li>\n<\/ul>\n<p>&nbsp;<\/p>\n<div id=\"attachment_397990\" style=\"width: 470px\" class=\"wp-caption aligncenter\"><img loading=\"lazy\" decoding=\"async\" aria-describedby=\"caption-attachment-397990\" class=\"wp-image-397990 size-large\" src=\"https:\/\/www.diarioimagen.net\/wp-content\/uploads\/2018\/10\/CUNICULTURA8-portal-460x268.jpg\" alt=\"\" width=\"460\" height=\"268\" srcset=\"https:\/\/www.diarioimagen.net\/wp-content\/uploads\/2018\/10\/CUNICULTURA8-portal-460x268.jpg 460w, https:\/\/www.diarioimagen.net\/wp-content\/uploads\/2018\/10\/CUNICULTURA8-portal-240x140.jpg 240w, https:\/\/www.diarioimagen.net\/wp-content\/uploads\/2018\/10\/CUNICULTURA8-portal.jpg 480w\" sizes=\"auto, (max-width: 460px) 100vw, 460px\" \/><p id=\"caption-attachment-397990\" class=\"wp-caption-text\">Promueve gobierno del Edomex consumo de carne de conejo, con apoyos a la cunicultura mexiquense.<\/p><\/div>\n<p>&nbsp;<\/p>\n<p><strong>Atizap\u00e1n, Estado de M\u00e9xico<\/strong>.- Con m\u00e1s de 800 conejos como producci\u00f3n mensual, espec\u00edficamente para el consumo humano, la granja de conejos \u201cFinca La Colorada\u201d, ubicada en Santa Cruz Atizap\u00e1n, Estado de M\u00e9xico, es uno de los sitios cunicultores de la entidad que comercializa este producto de alto contenido prote\u00ednico.<\/p>\n<p>Con el objetivo de promocionar la crianza de conejos en toda la entidad, el gobierno del Estado de M\u00e9xico promueve y apoya a los cunicultores mexiquenses a trav\u00e9s de diversos programas como \u201cApoyo a productores para la puesta en marcha de Unidades Rosas para la Producci\u00f3n de Conejo\u201d, entre otros apoyos como el de la capacitaci\u00f3n, tecnificaci\u00f3n e infraestructura.<\/p>\n<p>\u201cMi esposo y yo empezamos con 20 conejas que nos vendieron en unos paquetes, ten\u00edamos bastante alfalfa y con eso las aliment\u00e1bamos, posteriormente, tuvimos la necesidad de otro apoyo, llamamos a la Secretar\u00eda de Desarrollo Agropecuario (Sedagro) y nos apoyaron con la infraestructura de la granja, con las jaulas de bater\u00eda y por mucho tiempo nos vinieron a capacitar grupos de extensionistas\u201d, asegur\u00f3 Regina Mancilla Gonz\u00e1lez, cunicultora de la regi\u00f3n.<\/p>\n<p>Seg\u00fan Regina, el tiempo de capacitaci\u00f3n otorgado por la dependencia estatal dur\u00f3 entre dos y tres a\u00f1os, sin embargo, ella asegura que el tiempo de aprendizaje no se termina nunca, por lo que continuamente solicita a Sedagro el apoyo con\u00a0 capacitaciones para mejorar sus procesos de producci\u00f3n.<\/p>\n<p>\u201cYo recib\u00ed el apoyo de Sedagro, una instituci\u00f3n que a m\u00ed me ha ayudado bastante y de igual forma yo tendr\u00eda la oportunidad de poder capacitar a m\u00e1s gente que trabajara en esto de la cunicultura\u201d, comenta Regina.<\/p>\n<p>Actualmente, en \u201cFinca La Colorada\u201d, Regina produce entre 80 y 100 cr\u00edas por semana y los alimenta de forma org\u00e1nica, con alimento que ellos mismos producen con alfalfa, ma\u00edz, avena y melaza.<\/p>\n<p>\u201cOtro de los beneficios brindados por Sedagro fue la donaci\u00f3n de una peletizadora, una m\u00e1quina que fabrica el alimento en forma de \u201cchurrito\u201d y que consumen los conejos\u201d, explica.<\/p>\n<p>Regina agradeci\u00f3 al gobierno del Estado de M\u00e9xico por estos apoyos y exhort\u00f3 a las autoridades a no dejar de apoyar a la cunicultura, pues asegur\u00f3 que la carne de conejo, a la que calific\u00f3 como el alimento del futuro, es rica en prote\u00ednas, sin grasa, saludable y con muchas propiedades alimenticias para el ser humano<\/p>\n<p>\u201cEs una carne magra que es alta en vitamina y prote\u00edna, tiene Omega 6 y Omega 7 y es polisaturada, es una maravilla la verdad, la carne de conejo es una maravilla, es ideal para la alimentaci\u00f3n del ser humano, ser\u00eda fabuloso que la incluy\u00e9ramos en la canasta b\u00e1sica\u201d, recomienda.<\/p>\n<p>Cabe destacar que en lo que va de la administraci\u00f3n del gobernador Alfredo Del Mazo Maza, se han entregado a trav\u00e9s de Sedagro un total de 850 apoyos de los programas Unidades de Producci\u00f3n de Conejo y Unidades Rosas de Producci\u00f3n de Conejos con una inversi\u00f3n de 6.8 mdp, para beneficiar a cunicultores mexiquenses.<\/p>\n<p>Para mayor informaci\u00f3n acerca de este programa de apoyo a la cunicultura, las y los interesados pueden acudir a alguna de las 11 delegaciones de Sedagro, o bien comunicarse a la Coordinaci\u00f3n de Delegaciones Regionales al n\u00famero telef\u00f3nico 01-722-275-6423 extensi\u00f3n 5651.<\/p>\n","protected":false},"excerpt":{"rendered":"<p>Con m\u00e1s de 800 conejos como producci\u00f3n mensual, espec\u00edficamente para el consumo humano, la granja de conejos \u201cFinca La Colorada\u201d, ubicada en Santa Cruz Atizap\u00e1n, Estado de M\u00e9xico, es uno de los sitios cunicultores de la entidad que comercializa este producto de alto contenido prote\u00ednico.<\/p>\n","protected":false},"author":5,"featured_media":397990,"comment_status":"open","ping_status":"open","sticky":false,"template":"","format":"standard","meta":{"_monsterinsights_skip_tracking":false,"_monsterinsights_sitenote_active":false,"_monsterinsights_sitenote_note":"","_monsterinsights_sitenote_category":0,"footnotes":""},"categories":[5],"tags":[969,78879,64146,43675,71338,78880],"class_list":["post-397989","post","type-post","status-publish","format-standard","has-post-thumbnail","hentry","category-estado-de-mexico","tag-atizapan","tag-crianza-de-conejos","tag-entidad","tag-estado-de-mexico","tag-santa-cruz-atizapan","tag-finca-la-colorada"],"_links":{"self":[{"href":"https:\/\/www.diarioimagen.net\/index.php?rest_route=\/wp\/v2\/posts\/397989","targetHints":{"allow":["GET"]}}],"collection":[{"href":"https:\/\/www.diarioimagen.net\/index.php?rest_route=\/wp\/v2\/posts"}],"about":[{"href":"https:\/\/www.diarioimagen.net\/index.php?rest_route=\/wp\/v2\/types\/post"}],"author":[{"embeddable":true,"href":"https:\/\/www.diarioimagen.net\/index.php?rest_route=\/wp\/v2\/users\/5"}],"replies":[{"embeddable":true,"href":"https:\/\/www.diarioimagen.net\/index.php?rest_route=%2Fwp%2Fv2%2Fcomments&post=397989"}],"version-history":[{"count":0,"href":"https:\/\/www.diarioimagen.net\/index.php?rest_route=\/wp\/v2\/posts\/397989\/revisions"}],"wp:featuredmedia":[{"embeddable":true,"href":"https:\/\/www.diarioimagen.net\/index.php?rest_route=\/wp\/v2\/media\/397990"}],"wp:attachment":[{"href":"https:\/\/www.diarioimagen.net\/index.php?rest_route=%2Fwp%2Fv2%2Fmedia&parent=397989"}],"wp:term":[{"taxonomy":"category","embeddable":true,"href":"https:\/\/www.diarioimagen.net\/index.php?rest_route=%2Fwp%2Fv2%2Fcategories&post=397989"},{"taxonomy":"post_tag","embeddable":true,"href":"https:\/\/www.diarioimagen.net\/index.php?rest_route=%2Fwp%2Fv2%2Ftags&post=397989"}],"curies":[{"name":"wp","href":"https:\/\/api.w.org\/{rel}","templated":true}]}}