{"id":398080,"date":"2018-10-08T00:05:58","date_gmt":"2018-10-08T05:05:58","guid":{"rendered":"https:\/\/www.diarioimagen.net\/?p=398080"},"modified":"2018-10-08T04:31:51","modified_gmt":"2018-10-08T09:31:51","slug":"continua-en-naucalpan-el-respaldo-a-familias-desprotegidas-david-parra","status":"publish","type":"post","link":"https:\/\/www.diarioimagen.net\/?p=398080","title":{"rendered":"Contin\u00faa en Naucalpan el respaldo a familias desprotegidas: David Parra"},"content":{"rendered":"<ul>\n<li><strong><em>Entrega de sillas de ruedas y apoyos a la poblaci\u00f3n<\/em><\/strong><\/li>\n<\/ul>\n<p>&nbsp;<\/p>\n<div id=\"attachment_398154\" style=\"width: 470px\" class=\"wp-caption aligncenter\"><a href=\"https:\/\/www.diarioimagen.net\/?attachment_id=398154\" rel=\"attachment wp-att-398154\"><img loading=\"lazy\" decoding=\"async\" aria-describedby=\"caption-attachment-398154\" class=\"size-large wp-image-398154\" src=\"https:\/\/www.diarioimagen.net\/wp-content\/uploads\/2018\/10\/NAUCALPAN-3471-460x259.jpg\" alt=\"\" width=\"460\" height=\"259\" srcset=\"https:\/\/www.diarioimagen.net\/wp-content\/uploads\/2018\/10\/NAUCALPAN-3471-460x259.jpg 460w, https:\/\/www.diarioimagen.net\/wp-content\/uploads\/2018\/10\/NAUCALPAN-3471-240x135.jpg 240w, https:\/\/www.diarioimagen.net\/wp-content\/uploads\/2018\/10\/NAUCALPAN-3471-235x132.jpg 235w, https:\/\/www.diarioimagen.net\/wp-content\/uploads\/2018\/10\/NAUCALPAN-3471-202x114.jpg 202w, https:\/\/www.diarioimagen.net\/wp-content\/uploads\/2018\/10\/NAUCALPAN-3471-350x196.jpg 350w, https:\/\/www.diarioimagen.net\/wp-content\/uploads\/2018\/10\/NAUCALPAN-3471-220x123.jpg 220w, https:\/\/www.diarioimagen.net\/wp-content\/uploads\/2018\/10\/NAUCALPAN-3471-237x132.jpg 237w, https:\/\/www.diarioimagen.net\/wp-content\/uploads\/2018\/10\/NAUCALPAN-3471.jpg 480w\" sizes=\"auto, (max-width: 460px) 100vw, 460px\" \/><\/a><p id=\"caption-attachment-398154\" class=\"wp-caption-text\">David Parra S\u00e1nchez encabez\u00f3 en la colonia Benito Ju\u00e1rez la entrega de doce sillas de ruedas y apoyos a la poblaci\u00f3n m\u00e1s vulnerable.<\/p><\/div>\n<p>&nbsp;<\/p>\n<p><strong>Naucalpan, Estado de M\u00e9xico<\/strong>.- Acorde a las pol\u00edticas p\u00fablicas que a nivel estatal instrumenta el gobernador del estado de M\u00e9xico, Alfredo del Mazo, a favor de los sectores m\u00e1s desprotegidos y vulnerables de la entidad, as\u00ed los liderazgos transforman su capacidad de convocatoria para apoyar a esos mismo segmentos de la poblaci\u00f3n que vive en el municipio.<\/p>\n<p>Enfatiz\u00f3 al respecto el l\u00edder social y de la Confederaci\u00f3n Nacional de Organizaciones Populares (CNOP), David Parra S\u00e1nchez, al encabezar en el deportivo Benito Ju\u00e1rez de la colonia del mismo nombre, en Naucalpan, la entrega de doce sillas de ruedas y apoyos a la poblaci\u00f3n m\u00e1s vulnerable de esta parte del municipio.<\/p>\n<p>Dijo que en atenci\u00f3n a las pol\u00edticas p\u00fablicas del gobierno del estado, \u201csensibles en todo momento a brindar su respaldo a familias desprotegidas de Naucalpan, en la CNOP tambi\u00e9n se preocupan por ser congruentes en ese sentido a partir de los dictados de la gesti\u00f3n mexiquense para apoyar a quienes m\u00e1s lo requieren\u201d.<\/p>\n<p>Puntualiz\u00f3 que programas del gobierno estatal, como el Salario rosa, se vienen a complementar en el \u00faltimo a\u00f1o con capacitaci\u00f3n y cursos para mujeres que quieren seguir estudiando o aprender alg\u00fan oficio o modelo de negocio para emprender alguno propio o salir adelante por sus propios medios.<\/p>\n<p>Enfatiz\u00f3 al respecto el dirigente que la capacidad de respuesta de instancias gubernamentales, como la administraci\u00f3n mexiquense siempre deben ir acompa\u00f1adas del impulso que por su parte pueden darle los distintos liderazgos que a lo largo y ancho caracterizan en este rengl\u00f3n al Edomex.<\/p>\n<p>La entrega de estos apoyos la realiz\u00f3 el tambi\u00e9n ex secretario general del Sindicato \u00danico de Trabajadores del Estado y los Municipios (Suteym) al lado de l\u00edderes, delegados y dirigentes de la CNOP, como Juan Bracho, Juan Carlos May\u00e9n, Carlos Gil, entre otros.<\/p>\n<p>Cada uno coincidi\u00f3 con Parra S\u00e1nchez en cuanto a que \u201cel gobernador Alfredo del Mazo es un mandatario que todos los d\u00edas trabaja en beneficio de todos los habitantes del estado de M\u00e9xico\u201d.<\/p>\n","protected":false},"excerpt":{"rendered":"<p>Acorde a las pol\u00edticas p\u00fablicas que a nivel estatal instrumenta el gobernador del estado de M\u00e9xico, Alfredo del Mazo, a favor de los sectores m\u00e1s desprotegidos y vulnerables de la entidad, as\u00ed los liderazgos transforman su capacidad de convocatoria para apoyar a esos mismo segmentos de la poblaci\u00f3n que vive en el municipio.<\/p>\n","protected":false},"author":3,"featured_media":398154,"comment_status":"open","ping_status":"open","sticky":false,"template":"","format":"standard","meta":{"_monsterinsights_skip_tracking":false,"_monsterinsights_sitenote_active":false,"_monsterinsights_sitenote_note":"","_monsterinsights_sitenote_category":0,"footnotes":""},"categories":[35155],"tags":[29035,78929,43675,970],"class_list":["post-398080","post","type-post","status-publish","format-standard","has-post-thumbnail","hentry","category-estado-de-mexico-estado-de-mexico","tag-david-parra-sanchez","tag-desprotegidas","tag-estado-de-mexico","tag-naucalpan"],"_links":{"self":[{"href":"https:\/\/www.diarioimagen.net\/index.php?rest_route=\/wp\/v2\/posts\/398080","targetHints":{"allow":["GET"]}}],"collection":[{"href":"https:\/\/www.diarioimagen.net\/index.php?rest_route=\/wp\/v2\/posts"}],"about":[{"href":"https:\/\/www.diarioimagen.net\/index.php?rest_route=\/wp\/v2\/types\/post"}],"author":[{"embeddable":true,"href":"https:\/\/www.diarioimagen.net\/index.php?rest_route=\/wp\/v2\/users\/3"}],"replies":[{"embeddable":true,"href":"https:\/\/www.diarioimagen.net\/index.php?rest_route=%2Fwp%2Fv2%2Fcomments&post=398080"}],"version-history":[{"count":0,"href":"https:\/\/www.diarioimagen.net\/index.php?rest_route=\/wp\/v2\/posts\/398080\/revisions"}],"wp:featuredmedia":[{"embeddable":true,"href":"https:\/\/www.diarioimagen.net\/index.php?rest_route=\/wp\/v2\/media\/398154"}],"wp:attachment":[{"href":"https:\/\/www.diarioimagen.net\/index.php?rest_route=%2Fwp%2Fv2%2Fmedia&parent=398080"}],"wp:term":[{"taxonomy":"category","embeddable":true,"href":"https:\/\/www.diarioimagen.net\/index.php?rest_route=%2Fwp%2Fv2%2Fcategories&post=398080"},{"taxonomy":"post_tag","embeddable":true,"href":"https:\/\/www.diarioimagen.net\/index.php?rest_route=%2Fwp%2Fv2%2Ftags&post=398080"}],"curies":[{"name":"wp","href":"https:\/\/api.w.org\/{rel}","templated":true}]}}