{"id":398166,"date":"2018-10-08T00:10:42","date_gmt":"2018-10-08T05:10:42","guid":{"rendered":"https:\/\/www.diarioimagen.net\/?p=398166"},"modified":"2018-10-08T05:24:40","modified_gmt":"2018-10-08T10:24:40","slug":"lideres-de-morena-van-por-relanzamiento-del-congreso","status":"publish","type":"post","link":"https:\/\/www.diarioimagen.net\/?p=398166","title":{"rendered":"L\u00edderes de Morena van por relanzamiento del Congreso"},"content":{"rendered":"<h2>Tras la puerta del poder<\/h2>\n<h5>Roberto Vizca\u00edno<\/h5>\n<p>&nbsp;<\/p>\n<div id=\"attachment_398176\" style=\"width: 470px\" class=\"wp-caption aligncenter\"><a href=\"https:\/\/www.diarioimagen.net\/?attachment_id=398176\" rel=\"attachment wp-att-398176\"><img loading=\"lazy\" decoding=\"async\" aria-describedby=\"caption-attachment-398176\" class=\"size-large wp-image-398176\" src=\"https:\/\/www.diarioimagen.net\/wp-content\/uploads\/2018\/10\/planeando-negocios-LUIS-XAVIER-3471-460x355.jpg\" alt=\"\" width=\"460\" height=\"355\" srcset=\"https:\/\/www.diarioimagen.net\/wp-content\/uploads\/2018\/10\/planeando-negocios-LUIS-XAVIER-3471-460x355.jpg 460w, https:\/\/www.diarioimagen.net\/wp-content\/uploads\/2018\/10\/planeando-negocios-LUIS-XAVIER-3471-240x185.jpg 240w, https:\/\/www.diarioimagen.net\/wp-content\/uploads\/2018\/10\/planeando-negocios-LUIS-XAVIER-3471-768x593.jpg 768w, https:\/\/www.diarioimagen.net\/wp-content\/uploads\/2018\/10\/planeando-negocios-LUIS-XAVIER-3471.jpg 1200w\" sizes=\"auto, (max-width: 460px) 100vw, 460px\" \/><\/a><p id=\"caption-attachment-398176\" class=\"wp-caption-text\">Planeando negocios&#8230; | Luis Xavier<\/p><\/div>\n<p>&nbsp;<\/p>\n<p>Luego de un primer mes lleno de espectaculares anuncios en disminuci\u00f3n de gastos, compactaci\u00f3n de tareas y despidos masivos dentro del Legislativo no exentos de confrontaciones y rompimientos entre ellos mismos, los l\u00edderes de Morena en el Senado y la C\u00e1mara de Diputados comienzan a replantear sus posicionamientos hacia un relanzamiento del Congreso.<\/p>\n<p>En San L\u00e1zaro, luego de una actuaci\u00f3n desmesurada, arrogante, impositiva de la mayor\u00eda de Morena a lo largo de las sesiones de septiembre, que culmin\u00f3 con una dura confrontaci\u00f3n de la vicepresidenta <strong>Dolores Padierna <\/strong>con la oposici\u00f3n formada por PRI, PAN y Verde Ecologista al concluir la semana anterior la comparecencia del secretario de Hacienda, <strong>Jos\u00e9 Antonio Gonz\u00e1lez Anaya,<\/strong> se dio un encuentro de conciliaci\u00f3n entre <strong>Porfirio Mu\u00f1oz Ledo<\/strong> y <strong>Dolores Padierna<\/strong> (presidente y vicepresidenta de la c\u00e1mara), con <strong>Mario Delgado<\/strong>, coordinador de los legisladores de Morena para revisar y replantear sus acciones y actuaciones.<\/p>\n<p>En medio qued\u00f3 un encontronazo de <strong>Delgado<\/strong> y <strong>Mu\u00f1oz Ledo<\/strong> por la coordinaci\u00f3n de Comunicaci\u00f3n Social que ser\u00e1 entregada el lunes de la pr\u00f3xima semana por <strong>Oscar Arg\u00fcelles <\/strong>luego de estar al frente de esa \u00e1rea seis a\u00f1os.<\/p>\n<p>Junto con <strong>Arg\u00fcelles <\/strong>han renunciado pr\u00e1cticamente todos los altos cargos administrativos de San L\u00e1zaro.<\/p>\n<p>En el Senado las relaciones entre el presidente <strong>Mart\u00ed Batres<\/strong> y el coordinador de la mayor\u00eda de Morena, el zacatecano <strong>Ricardo Monreal <\/strong>no ha sido mejor.<\/p>\n<p>Uno y otro han sacado chispas en una actuaci\u00f3n en la que ambos buscan el predominio en la conducci\u00f3n y tramitaci\u00f3n de asuntos en la c\u00e1mara alta.<\/p>\n<p>Al igual que <strong>Dolores Padierna<\/strong> en San L\u00e1zaro, <strong>Mart\u00ed <\/strong>entr\u00f3 en conflicto con la oposici\u00f3n formada por PRI, PAN y PV al imponer un recurso que disminuy\u00f3 los tiempos de participaci\u00f3n en tribuna, lo que provoc\u00f3 la primera salida de esas fracciones del pleno en esta incipiente legislatura, y luego por decir en un programa de televisi\u00f3n que los panistas lo cuestionan \u201csolo por chingar\u201d.<\/p>\n<p>Los blanquiazules le exigieron una disculpa que Mart\u00ed se neg\u00f3 a dar.<\/p>\n<p>De alguna forma <strong>Batres<\/strong> y <strong>Monreal <\/strong>han aprovechado la instalaci\u00f3n de las 46 comisiones en el Senado, para limar asperezas no s\u00f3lo con sus opositores sino para limar asperezas entre ellos.<\/p>\n<p>En ambas c\u00e1maras existe un hecho insalvable en esas disputas: que <strong>Delgado<\/strong> va a durar 3 a\u00f1os al frente de la coordinaci\u00f3n de los diputados de Morena mientras <strong>Porfirio<\/strong> y <strong>Dolores<\/strong> s\u00f3lo durar\u00e1n 1 en sus cargos mientras que <strong>Monreal <\/strong>estar\u00e1 6 a\u00f1os como coordinador de los senadores de Morena, y <strong>Mart\u00ed <\/strong>solo tendr\u00e1 1 como presidente de esa mesa directiva.<\/p>\n<p>Y es casi seguro que ah\u00ed lo sustituir\u00e1 en septiembre de 2019 el michoacano<strong> Crist\u00f3bal Arias<\/strong> &#8211;para colocarse como puntero en la contienda por la gubernatura de Michoac\u00e1n&#8211;, quien hab\u00eda sido se\u00f1alado por <strong>Andr\u00e9s Manuel L\u00f3pez Obrador<\/strong> para presidir el Senado en su primer a\u00f1o y que, una maniobra de <strong>Batres<\/strong> apoyado por <strong>Yeidckol Polevnsky,<\/strong> echaron abajo.<\/p>\n<p>En este contexto Monreal ha delineado una ruta para que el Senado sea el que vigile no s\u00f3lo la aplicaci\u00f3n de una correcta pol\u00edtica de austeridad en todos los niveles del estado, sino para ejecutar a trav\u00e9s de integraciones de Comisiones Plurales la indagaci\u00f3n de corruptelas en el gabinete presidencial y entre los gobernadores y para darle a esta c\u00e1mara un papel predominante en la conducci\u00f3n de la Pol\u00edtica Exterior.<\/p>\n<p>Dentro de esa l\u00ednea, los presidentes de las Comisiones m\u00e1s importantes ya han establecido l\u00edneas para incidir en un correcto manejo de las finanzas p\u00fablicas, del Presupuesto de Ingresos y Egresos y para ir a una correcci\u00f3n a fondo en el reparto de la riqueza a trav\u00e9s de reformas que beneficien sustancialmente a los trabajadores y sus familias.<\/p>\n<p>En esta tarea no hay que quitarles el ojo a dos senadores: a <strong>Carlos Aceves del Olmo<\/strong>, l\u00edder de la CTM y del Congreso del Trabajo (PRI) y a <strong>Napole\u00f3n G\u00f3mez Urrutia<\/strong>, dirigente nacional de los mineros y ex director de la Casa de Moneda y con maestr\u00edas en econom\u00eda por Oxford, Inglaterra.<\/p>\n<p>A ver si en este octubre en curso se asientan cada uno en sus liderazgos.<\/p>\n<p>&nbsp;<\/p>\n<p><strong>Videgaray causa expectaci\u00f3n<\/strong><\/p>\n<p>El canciller Luis Videgaray, quien comparecer\u00e1 ma\u00f1ana formalmente ante el pleno del Senado, se apareci\u00f3 durante el pasado fin de semana en esta misma c\u00e1mara donde se coloc\u00f3 para la foto y el video lo mismo al lado del presidente Mart\u00ed Batres que del coordinador de la mayor\u00eda de Morena, <strong>Ricardo Monreal.<\/strong><\/p>\n<p>El hombre m\u00e1s poderoso dentro del primer c\u00edrculo de Enrique Pe\u00f1a Nieto fue a hablar no de su \u00e1rea, sino del nuevo acuerdo trilateral M\u00e9xico-EU-Canad\u00e1.<\/p>\n<p>&nbsp;<\/p>\n<p><strong>Diputado en hu\u00edda<\/strong><\/p>\n<p><strong>Cipriano Charrez Pedraza <\/strong>andaba de parranda con sus amigos el viernes en su natal Ixmiquilpan, Hidalgo, cuando con su camioneta embisti\u00f3 a un taxi donde falleci\u00f3 calcinado el chofer.<\/p>\n<p>De acuerdo a fotos tomadas en un celular y subidas a redes sociales, sus amigos de juerga sacaron a <strong>Cipriano<\/strong> de su camioneta y huyeron con \u00e9l, dicen, fuera del municipio que ahora gobierna su hermano <strong>Pascual Charrez Pedraza<\/strong> y del cual \u00e9l fue tambi\u00e9n alcalde entre 2012 y 2016.<\/p>\n<p><strong>Cipriano, de 44 a\u00f1os, quien lidera el movimiento Otom\u00ed en Hidalgo,<\/strong> es hoy diputado federal por Morena.<\/p>\n<p>Tan luego se supo del percance, <strong>Porfirio Mu\u00f1oz Ledo,<\/strong> presidente de los diputados, le exigi\u00f3 presentarse de inmediato ante las autoridades judiciales para hacer frente a sus responsabilidades en ese accidente. Y le record\u00f3 que el fuero no es garant\u00eda de impunidad.<\/p>\n<p>En Morena se prepara su expulsi\u00f3n v\u00eda f<em>ast track.<\/em><\/p>\n<p>&nbsp;<\/p>\n<p><strong>Salinas se auto exilia<\/strong><\/p>\n<p>Se\u00f1alado por <strong>Andr\u00e9s Manuel L\u00f3pez Obrador <\/strong>desde siempre como la cabeza de <em>La Mafia en el Poder,<\/em> el ex presidente <strong>Carlos Salinas <\/strong>fue designado como miembro del muy, muy exclusivo Consejo del Decano de la Harvard Kennedy School.<\/p>\n<p><strong>Salinas<\/strong> regresa as\u00ed a Harvard donde realiz\u00f3 posgrados bajo la direcci\u00f3n de uno de los m\u00e1s sobresalientes y reconocidos premios Nobel de Econom\u00eda <strong>Paul Samuelson <\/strong>quien hablaba maravillas de la inteligencia del ex presidente.<\/p>\n<p>De acuerdo al cuadro informativo de esta escuela, entre otras responsabilidades y alcances, el Consejo se dedica a proveer apoyo financiero y consejos pr\u00e1cticos que respalden los esfuerzos de la escuela para lograr un cambio positivo en el mundo.<\/p>\n<p>El ex presidente mexicano particip\u00f3 ya en su calidad de integrante del Consejo, en la reuni\u00f3n anual realizada el 2 y 3 de este octubre en la Harvard Kennedy School donde se abordaron temas como \u201cEmpoderando a los l\u00edderes actuales y futuros de las grandes ciudades\u201d, \u201cDesarrollo internacional: construyendo capacidades del Estado\u201d y \u201cCaminos para alcanzar equidad econ\u00f3mica y social\u201d, se indic\u00f3 en un comunicado.<\/p>\n<p>El Consejo del Decano est\u00e1 integrado por otras tres personas: <strong>John Hargrove<\/strong>, abogado corporativo; <strong>Yanchun \u201cLily\u201d Li, <\/strong>CEO de Hong Kong Silver Union Healthcare Fund, y <strong>Mohamed Loutfy Mansour<\/strong>, consejero del Mansour Group, firma brit\u00e1nica dedicada a las inversiones globales.<\/p>\n<p><strong>Carlos Salinas de Gortari<\/strong> estudi\u00f3 una maestr\u00eda en Administraci\u00f3n P\u00fablica en la Harvard Kennedy School, y otra maestr\u00eda y un doctorado en Econom\u00eda Pol\u00edtica y Gobierno en la Universidad de Harvard, donde Samuelson era director.<\/p>\n<p>La obviedad nos indica que <strong>Carlos Salinas <\/strong>tiene hoy as\u00ed un s\u00f3lido pretexto para ausentarse del M\u00e9xico que presidir\u00e1 en menos de 2 meses su abierto enemigo <strong>Andr\u00e9s Manuel L\u00f3pez Obrador<\/strong>, quien para empezar le retirar\u00e1 en diciembre su pensi\u00f3n.<\/p>\n<p><em><a href=\"mailto:rvizcainoa@gmail.com\" target=\"_blank\" rel=\"noopener\">rvizcainoa@gmail.com<\/a><\/em><br \/>\n<em><a href=\"http:\/\/www.endirecto.com.mx\/\" target=\"_blank\" rel=\"noopener\">www.endirecto.com.mx<\/a><\/em><br \/>\n<em><a href=\"https:\/\/twitter.com\/_rvizcaino\" target=\"_blank\" rel=\"noopener\">@_RVizcaino<\/a><\/em><br \/>\n<a href=\"https:\/\/www.facebook.com\/rvizcainoa\" target=\"_blank\" rel=\"noopener\">f<em>acebook.com\/rvizcainoa<\/em><\/a><\/p>\n","protected":false},"excerpt":{"rendered":"<p><span style=\"color: #005497;\"><strong>Roberto Vizca\u00edno<\/strong><\/span><br \/>\n<br \/>\nLuego de un primer mes lleno de espectaculares anuncios en disminuci\u00f3n de gastos, compactaci\u00f3n de tareas y despidos masivos dentro del Legislativo no exentos de confrontaciones y rompimientos entre ellos mismos, los l\u00edderes de Morena en el Senado y la C\u00e1mara de Diputados comienzan a replantear sus posicionamientos hacia un relanzamiento del Congreso.<\/p>\n","protected":false},"author":3,"featured_media":398176,"comment_status":"open","ping_status":"open","sticky":false,"template":"","format":"standard","meta":{"_monsterinsights_skip_tracking":false,"_monsterinsights_sitenote_active":false,"_monsterinsights_sitenote_note":"","_monsterinsights_sitenote_category":0,"footnotes":""},"categories":[136],"tags":[43674,93,94],"class_list":["post-398166","post","type-post","status-publish","format-standard","has-post-thumbnail","hentry","category-roberto-vizcaino-opinion","tag-opinion","tag-roberto-vizcaino","tag-tras-la-puerta-del-poder"],"_links":{"self":[{"href":"https:\/\/www.diarioimagen.net\/index.php?rest_route=\/wp\/v2\/posts\/398166","targetHints":{"allow":["GET"]}}],"collection":[{"href":"https:\/\/www.diarioimagen.net\/index.php?rest_route=\/wp\/v2\/posts"}],"about":[{"href":"https:\/\/www.diarioimagen.net\/index.php?rest_route=\/wp\/v2\/types\/post"}],"author":[{"embeddable":true,"href":"https:\/\/www.diarioimagen.net\/index.php?rest_route=\/wp\/v2\/users\/3"}],"replies":[{"embeddable":true,"href":"https:\/\/www.diarioimagen.net\/index.php?rest_route=%2Fwp%2Fv2%2Fcomments&post=398166"}],"version-history":[{"count":0,"href":"https:\/\/www.diarioimagen.net\/index.php?rest_route=\/wp\/v2\/posts\/398166\/revisions"}],"wp:featuredmedia":[{"embeddable":true,"href":"https:\/\/www.diarioimagen.net\/index.php?rest_route=\/wp\/v2\/media\/398176"}],"wp:attachment":[{"href":"https:\/\/www.diarioimagen.net\/index.php?rest_route=%2Fwp%2Fv2%2Fmedia&parent=398166"}],"wp:term":[{"taxonomy":"category","embeddable":true,"href":"https:\/\/www.diarioimagen.net\/index.php?rest_route=%2Fwp%2Fv2%2Fcategories&post=398166"},{"taxonomy":"post_tag","embeddable":true,"href":"https:\/\/www.diarioimagen.net\/index.php?rest_route=%2Fwp%2Fv2%2Ftags&post=398166"}],"curies":[{"name":"wp","href":"https:\/\/api.w.org\/{rel}","templated":true}]}}