{"id":398183,"date":"2018-10-08T00:03:38","date_gmt":"2018-10-08T05:03:38","guid":{"rendered":"https:\/\/www.diarioimagen.net\/?p=398183"},"modified":"2018-10-08T05:28:03","modified_gmt":"2018-10-08T10:28:03","slug":"piso-parejo-piden-pequenos-productores-de-agave","status":"publish","type":"post","link":"https:\/\/www.diarioimagen.net\/?p=398183","title":{"rendered":"\u201cPiso parejo\u201d, piden peque\u00f1os productores de agave"},"content":{"rendered":"<h2>Como veo, doy<\/h2>\n<h5>Jorge Luis Galicia Palacios<\/h5>\n<p>&nbsp;<\/p>\n<ul>\n<li><strong><em>Francisco Javier Guzm\u00e1n, diputado de Morena, presentar\u00e1 una iniciativa de <\/em><\/strong><\/li>\n<li><strong><em>Ley que atienda a productores artesanales del Sistema Producto Agave, Mezcal y Sotol<\/em><\/strong><\/li>\n<li><strong><em>Club Primera Plana reconoce a comunicadores en su XXVI Edici\u00f3n.<\/em><\/strong><\/li>\n<\/ul>\n<p>&nbsp;<\/p>\n<p>&nbsp;<\/p>\n<p>As\u00ed como en su momento los representantes de las grandes empresas productoras agaveras levantaron su voz para que los negociadores del Tratado de Libre Comercio entre M\u00e9xico, Estados Unidos y Canad\u00e1 los tomaran en cuenta para tener mejores condiciones en la exportaci\u00f3n de sus productos, aqu\u00ed en M\u00e9xico los peque\u00f1os productores tambi\u00e9n reclaman mejores oportunidades de competencia ante las grandes empresas.<\/p>\n<p>Resulta que las empresas tequileras certificadas por el Consejo Regulador del Tequila (CRT) son 143 en Guadalajara, en Michoac\u00e1n seis, en Guanajuato cuatro y en Tamaulipas dos, en total 155.<\/p>\n<p>Y por lo que hace a los agaveros, el 80 por ciento de la producci\u00f3n de agave se concentra en 350 manos y el 20 por ciento restante en seis mil manos.<\/p>\n<p>De ah\u00ed que el diputado por Morena, Francisco Javier Guzm\u00e1n, mejor conocido en el gremio agavero como \u201cDon Panchito\u201d, presentar\u00e1 pr\u00f3ximamente una iniciativa de ley que permita mayores y mejores oportunidades a los peque\u00f1os productores pertenecientes al Sistema Producto Agave, Mezcal y Sotol.<\/p>\n<p>Es cierto, en los \u00faltimos a\u00f1os los agaveros nacionales han visto incrementar la producci\u00f3n de sus productos, y tan solo en tequila exportan m\u00e1s de 200 millones de litros a 120 pa\u00edses, sin embargo eso no significa que la industria agavera se encuentra del todo bien ya que los menos beneficiados del boom tequilero son los llamados productores artesanales, quienes buscan mejores oportunidades y apoyos de las autoridades tanto para la producci\u00f3n como en la comercializaci\u00f3n.<\/p>\n<p>\u201cQueremos piso parejo\u201d, argumenta Don Panchito y se\u00f1ala que ese ser\u00e1 el prop\u00f3sito de la iniciativa a presentar, porque esa es la lucha del gremio que representa y que se ha visto apabullado por leyes y reglamentos que norman a los grandes agaveros y donde el olvido a los productores artesanales es evidente.<\/p>\n<p>En ese orden de ideas, es relevante se\u00f1alar que no es para menos la preocupaci\u00f3n que manifiestan los peque\u00f1os y medianos productores de agave, pues argumentan que no obstante las buenas ventas y exportaciones hacia los vecinos del norte, donde las exportaciones van al alza, en M\u00e9xico esos beneficios no se ven reflejados entre los peque\u00f1os productores y cooperativas donde participan las manos de mujeres y j\u00f3venes.<\/p>\n<p>Es por ello que el legislador Francisco Javier Guzm\u00e1n se apresta a reclamar desde la m\u00e1s alta tribuna del pa\u00eds \u201cpiso parejo\u201d para todos los productores del sector agavero.<\/p>\n<p>Ante este problema, \u201cDon Panchito\u201d, quien adem\u00e1s es vicepresidente del sector agavero del Consejo Regulador del Tequila,\u00a0 prepara el borrador de lo que espera ser\u00e1 una nueva Ley Agavera que beneficie a la mayor\u00eda de los productores del sistema Producto Agave, Mezcal y Sotol.<\/p>\n<p>La lucha no es nueva, dijo, es solo la continuaci\u00f3n de un reclamo no atendido hasta ahora por las autoridades.<\/p>\n<p>En M\u00e9xico se tienen registradas 6 millones de hect\u00e1reas en entidades que re\u00fanen las condiciones f\u00edsicas y climatol\u00f3gicas para el cultivo del agave: Oaxaca, Puebla, Guerrero, Michoac\u00e1n, Guanajuato, Zacatecas, San Luis Potos\u00ed, Tamaulipas y Durango.<\/p>\n<p>VA MI RESTO.- Ya que estamos en el sector agroalimenario, es de resaltar que en su XXVI entrega de reconocimientos a comunicadores de todo el pa\u00eds, el Club Primera Plana reconoci\u00f3 por cuatro d\u00e9cadas de ejercicio profesional a los periodistas Jos\u00e9 Arturo Ortiz Castro y Jos\u00e9 Alfredo Gardu\u00f1o Huerta, quienes gran parte de su trayectoria profesional la han dedicado a la difusi\u00f3n de actividades relacionadas con el campo mexicano.<\/p>\n<p>Ambos actualmente se desempe\u00f1an en actividades de prensa de la Confederaci\u00f3n Nacional de Organizaciones Ganaderas (CNOG), fueron considerados, junto con 169 periodistas m\u00e1s de prensa, radio, TV y medios digitales de M\u00e9xico, para recibir el reconocimiento de parte de una de las organizaciones period\u00edsticas m\u00e1s antiguas y prestigiosas del pa\u00eds.<\/p>\n<p>Los reconocimientos que anualmente entrega el Club Primera Plana a periodistas que han realizado su labor ininterrumpida de 25 hasta 65 a\u00f1os, sin duda, constituyen un peque\u00f1o pero merecido homenaje a quienes en el d\u00eda a d\u00eda ejercen la libertad de expresi\u00f3n y el derecho a la informaci\u00f3n como profesi\u00f3n y ejemplo de vida.<\/p>\n<p>El acto, celebrado en el auditorio de la Sociedad Mexicana de Geograf\u00eda y Estad\u00edstica, estuvo presidido por Jos\u00e9 Luis Uribe Ortega, presidente del Club Primera Plana y Roberto Calleja Ortega, Coordinador Operativo de la Coordinaci\u00f3n de Comunicaci\u00f3n Social de la Presidencia de la Rep\u00fablica, quien con la representaci\u00f3n del Presidente de la Rep\u00fablica, Enrique Pe\u00f1a Nieto, acudi\u00f3 a la entrega de las distinciones.<\/p>\n<p>Tambi\u00e9n estuvieron en el presidium Teodoro Renter\u00eda Arr\u00f3yave, presidente nacional de Licenciados en Periodismo; Alejandro Ramos, director de Notimex y Adri\u00e1n Ojeda, presidente de la AMPRyT, entre otras personalidades.<\/p>\n<p>Entre los reconocidos estuvieron periodistas de Baja California, Tamaulipas, Puebla, Estado de M\u00e9xico, Oaxaca y Chiapas, entre muchas otras entidades del pa\u00eds.<\/p>\n<p>Jos\u00e9 Arturo Ortiz Castro ha colaborado en medios informativos como Avance y el Universal Gr\u00e1fico, el primero ya desaparecido; luego se desempe\u00f1\u00f3 en diversas actividades de Prensa y Difusi\u00f3n en el Instituto Mexicano del Caf\u00e9; la Universidad Nacional Aut\u00f3noma de M\u00e9xico y las Secretar\u00edas de Turismo, Salud, Educaci\u00f3n P\u00fablica y Agricultura, Ganader\u00eda, Desarrollo Rural, Pesca y Alimentaci\u00f3n.<\/p>\n<p>Por su parte Jos\u00e9 Alfredo Gardu\u00f1o Huerta se ha desempe\u00f1ado como reportero en La Prensa y El D\u00eda, asimismo ha realizado actividades period\u00edsticas en Sagarpa y otros organismos del sector agroalimentario.<\/p>\n<p>Enhorabuena, un abrazo a todos los galardonados, y hasta aqu\u00ed porque como veo, doy.<\/p>\n<p><em><a href=\"mailto:jorgelgalicia@yahoo.com.mx\" target=\"_blank\" rel=\"noopener\">jorgelgalicia@yahoo.com.mx<\/a><\/em><\/p>\n","protected":false},"excerpt":{"rendered":"<p><span style=\"color: #005497;\"><strong>Jorge Luis Galicia Palacios<\/strong><\/span><\/p>\n","protected":false},"author":3,"featured_media":0,"comment_status":"open","ping_status":"open","sticky":false,"template":"","format":"standard","meta":{"_monsterinsights_skip_tracking":false,"_monsterinsights_sitenote_active":false,"_monsterinsights_sitenote_note":"","_monsterinsights_sitenote_category":0,"footnotes":""},"categories":[63916],"tags":[28722,63917,43674],"class_list":["post-398183","post","type-post","status-publish","format-standard","hentry","category-jorge-luis-galicia-palacios","tag-como-veo-doy","tag-jorge-luis-galicia-palacios","tag-opinion"],"_links":{"self":[{"href":"https:\/\/www.diarioimagen.net\/index.php?rest_route=\/wp\/v2\/posts\/398183","targetHints":{"allow":["GET"]}}],"collection":[{"href":"https:\/\/www.diarioimagen.net\/index.php?rest_route=\/wp\/v2\/posts"}],"about":[{"href":"https:\/\/www.diarioimagen.net\/index.php?rest_route=\/wp\/v2\/types\/post"}],"author":[{"embeddable":true,"href":"https:\/\/www.diarioimagen.net\/index.php?rest_route=\/wp\/v2\/users\/3"}],"replies":[{"embeddable":true,"href":"https:\/\/www.diarioimagen.net\/index.php?rest_route=%2Fwp%2Fv2%2Fcomments&post=398183"}],"version-history":[{"count":0,"href":"https:\/\/www.diarioimagen.net\/index.php?rest_route=\/wp\/v2\/posts\/398183\/revisions"}],"wp:attachment":[{"href":"https:\/\/www.diarioimagen.net\/index.php?rest_route=%2Fwp%2Fv2%2Fmedia&parent=398183"}],"wp:term":[{"taxonomy":"category","embeddable":true,"href":"https:\/\/www.diarioimagen.net\/index.php?rest_route=%2Fwp%2Fv2%2Fcategories&post=398183"},{"taxonomy":"post_tag","embeddable":true,"href":"https:\/\/www.diarioimagen.net\/index.php?rest_route=%2Fwp%2Fv2%2Ftags&post=398183"}],"curies":[{"name":"wp","href":"https:\/\/api.w.org\/{rel}","templated":true}]}}