{"id":398254,"date":"2018-10-09T00:10:06","date_gmt":"2018-10-09T05:10:06","guid":{"rendered":"https:\/\/www.diarioimagen.net\/?p=398254"},"modified":"2018-10-09T05:51:21","modified_gmt":"2018-10-09T10:51:21","slug":"afirma-olga-sanchez-que-reanudaran-foros-por-la-paz","status":"publish","type":"post","link":"https:\/\/www.diarioimagen.net\/?p=398254","title":{"rendered":"Afirma Olga S\u00e1nchez que reanudar\u00e1n foros por la paz"},"content":{"rendered":"<ul>\n<li><strong><em>\u201cVamos a escuchar a todas las v\u00edctimas\u201d<\/em><\/strong><\/li>\n<\/ul>\n<p>&nbsp;<\/p>\n<div id=\"attachment_398325\" style=\"width: 470px\" class=\"wp-caption aligncenter\"><a href=\"https:\/\/www.diarioimagen.net\/?attachment_id=398325\" rel=\"attachment wp-att-398325\"><img loading=\"lazy\" decoding=\"async\" aria-describedby=\"caption-attachment-398325\" class=\"size-large wp-image-398325\" src=\"https:\/\/www.diarioimagen.net\/wp-content\/uploads\/2018\/10\/sanchez-3472-460x259.jpg\" alt=\"\" width=\"460\" height=\"259\" srcset=\"https:\/\/www.diarioimagen.net\/wp-content\/uploads\/2018\/10\/sanchez-3472-460x259.jpg 460w, https:\/\/www.diarioimagen.net\/wp-content\/uploads\/2018\/10\/sanchez-3472-240x135.jpg 240w, https:\/\/www.diarioimagen.net\/wp-content\/uploads\/2018\/10\/sanchez-3472-235x132.jpg 235w, https:\/\/www.diarioimagen.net\/wp-content\/uploads\/2018\/10\/sanchez-3472-202x114.jpg 202w, https:\/\/www.diarioimagen.net\/wp-content\/uploads\/2018\/10\/sanchez-3472-350x196.jpg 350w, https:\/\/www.diarioimagen.net\/wp-content\/uploads\/2018\/10\/sanchez-3472-220x123.jpg 220w, https:\/\/www.diarioimagen.net\/wp-content\/uploads\/2018\/10\/sanchez-3472-237x132.jpg 237w, https:\/\/www.diarioimagen.net\/wp-content\/uploads\/2018\/10\/sanchez-3472.jpg 480w\" sizes=\"auto, (max-width: 460px) 100vw, 460px\" \/><\/a><p id=\"caption-attachment-398325\" class=\"wp-caption-text\">Olga S\u00e1nchez Cordero asegur\u00f3 que los Foros Escucha para la Pacificaci\u00f3n y la Reconciliaci\u00f3n no han sido cancelados.<\/p><\/div>\n<p>&nbsp;<\/p>\n<p>La futura secretaria de Gobernaci\u00f3n, Olga S\u00e1nchez Cordero, asegur\u00f3 que los Foros Escucha para la Pacificaci\u00f3n y la Reconciliaci\u00f3n no han sido cancelados en definitiva, por lo que buscar\u00e1n reanudarlos pr\u00f3ximamente.<\/p>\n<p>No obstante, la ex ministra de la Corte indic\u00f3 que a\u00fan no se sabe si se reiniciar\u00e1n antes de que arranque el sexenio.<\/p>\n<p>\u201cEso es lo que estamos ahorita viendo, ya habl\u00e9 con Loretta (Ortiz), entonces vamos a tratar, dice que tiene demasiada informaci\u00f3n y que la va a procesar, despu\u00e9s vamos a reanudar los foros\u201d, mencion\u00f3 S\u00e1nchez Cordero. \u201cS\u00ed nos vamos a reunir, no es una cancelaci\u00f3n definitiva\u201d.<\/p>\n<p>Entrevistada al salir de las oficinas de transici\u00f3n, la actual senadora de Morena refiri\u00f3 que, pese a que los foros se encuentran suspendidos actualmente, se reunir\u00e1n y escuchar\u00e1n a las v\u00edctimas.<\/p>\n<p>Explic\u00f3 que ahora se est\u00e1 procesando toda la informaci\u00f3n que ha sido recopilada en los encuentros que ya fueron realizados.<\/p>\n<p>\u201cNo s\u00e9 si antes de que inicie o despu\u00e9s (se reanudar\u00e1n los foros), pero es que ahorita ya estamos procesando toda la informaci\u00f3n y me dijo Loretta vamos a tratar de resolver primero estos temas\u201d, asever\u00f3.<\/p>\n<p>\u201cVamos a escuchar a todas las v\u00edctimas\u201d.<\/p>\n","protected":false},"excerpt":{"rendered":"<p>La futura secretaria de Gobernaci\u00f3n, Olga S\u00e1nchez Cordero, asegur\u00f3 que los Foros Escucha para la Pacificaci\u00f3n y la Reconciliaci\u00f3n no han sido cancelados en definitiva, por lo que buscar\u00e1n reanudarlos pr\u00f3ximamente.<\/p>\n","protected":false},"author":3,"featured_media":398325,"comment_status":"open","ping_status":"open","sticky":false,"template":"","format":"standard","meta":{"_monsterinsights_skip_tracking":false,"_monsterinsights_sitenote_active":false,"_monsterinsights_sitenote_note":"","_monsterinsights_sitenote_category":0,"footnotes":""},"categories":[3],"tags":[27282,43673,10638,4470],"class_list":["post-398254","post","type-post","status-publish","format-standard","has-post-thumbnail","hentry","category-nacional","tag-foro","tag-nacional","tag-olga-sanchez-cordero","tag-paz"],"_links":{"self":[{"href":"https:\/\/www.diarioimagen.net\/index.php?rest_route=\/wp\/v2\/posts\/398254","targetHints":{"allow":["GET"]}}],"collection":[{"href":"https:\/\/www.diarioimagen.net\/index.php?rest_route=\/wp\/v2\/posts"}],"about":[{"href":"https:\/\/www.diarioimagen.net\/index.php?rest_route=\/wp\/v2\/types\/post"}],"author":[{"embeddable":true,"href":"https:\/\/www.diarioimagen.net\/index.php?rest_route=\/wp\/v2\/users\/3"}],"replies":[{"embeddable":true,"href":"https:\/\/www.diarioimagen.net\/index.php?rest_route=%2Fwp%2Fv2%2Fcomments&post=398254"}],"version-history":[{"count":0,"href":"https:\/\/www.diarioimagen.net\/index.php?rest_route=\/wp\/v2\/posts\/398254\/revisions"}],"wp:featuredmedia":[{"embeddable":true,"href":"https:\/\/www.diarioimagen.net\/index.php?rest_route=\/wp\/v2\/media\/398325"}],"wp:attachment":[{"href":"https:\/\/www.diarioimagen.net\/index.php?rest_route=%2Fwp%2Fv2%2Fmedia&parent=398254"}],"wp:term":[{"taxonomy":"category","embeddable":true,"href":"https:\/\/www.diarioimagen.net\/index.php?rest_route=%2Fwp%2Fv2%2Fcategories&post=398254"},{"taxonomy":"post_tag","embeddable":true,"href":"https:\/\/www.diarioimagen.net\/index.php?rest_route=%2Fwp%2Fv2%2Ftags&post=398254"}],"curies":[{"name":"wp","href":"https:\/\/api.w.org\/{rel}","templated":true}]}}