{"id":398265,"date":"2018-10-09T00:06:07","date_gmt":"2018-10-09T05:06:07","guid":{"rendered":"https:\/\/www.diarioimagen.net\/?p=398265"},"modified":"2018-10-09T23:07:58","modified_gmt":"2018-10-10T04:07:58","slug":"mexico-con-una-mejor-politica-de-competencia","status":"publish","type":"post","link":"https:\/\/www.diarioimagen.net\/?p=398265","title":{"rendered":"M\u00e9xico, con una mejor pol\u00edtica de competencia"},"content":{"rendered":"<ul>\n<li><strong><em>Con \u00f3rganos mucho m\u00e1s robustos y s\u00f3lidos<\/em><\/strong><\/li>\n<\/ul>\n<p>&nbsp;<\/p>\n<div id=\"attachment_398391\" style=\"width: 470px\" class=\"wp-caption aligncenter\"><a href=\"https:\/\/www.diarioimagen.net\/?attachment_id=398391\" rel=\"attachment wp-att-398391\"><img loading=\"lazy\" decoding=\"async\" aria-describedby=\"caption-attachment-398391\" class=\"size-large wp-image-398391\" src=\"https:\/\/www.diarioimagen.net\/wp-content\/uploads\/2018\/10\/epn-3472-460x259.jpg\" alt=\"\" width=\"460\" height=\"259\" srcset=\"https:\/\/www.diarioimagen.net\/wp-content\/uploads\/2018\/10\/epn-3472-460x259.jpg 460w, https:\/\/www.diarioimagen.net\/wp-content\/uploads\/2018\/10\/epn-3472-240x135.jpg 240w, https:\/\/www.diarioimagen.net\/wp-content\/uploads\/2018\/10\/epn-3472-235x132.jpg 235w, https:\/\/www.diarioimagen.net\/wp-content\/uploads\/2018\/10\/epn-3472-202x114.jpg 202w, https:\/\/www.diarioimagen.net\/wp-content\/uploads\/2018\/10\/epn-3472-350x196.jpg 350w, https:\/\/www.diarioimagen.net\/wp-content\/uploads\/2018\/10\/epn-3472-220x123.jpg 220w, https:\/\/www.diarioimagen.net\/wp-content\/uploads\/2018\/10\/epn-3472-237x132.jpg 237w, https:\/\/www.diarioimagen.net\/wp-content\/uploads\/2018\/10\/epn-3472.jpg 480w\" sizes=\"auto, (max-width: 460px) 100vw, 460px\" \/><\/a><p id=\"caption-attachment-398391\" class=\"wp-caption-text\">El presidente Enrique Pe\u00f1a Nieto encabez\u00f3 la ceremonia por el 25 aniversario de la Autoridad de Competencia en M\u00e9xico.<\/p><\/div>\n<p>&nbsp;<\/p>\n<p>El presidente Enrique Pe\u00f1a Nieto destac\u00f3 que durante su administraci\u00f3n se lograron avances en materia de competencia, los cuales, subray\u00f3, no se obtienen de manera fortuita o necesariamente son reconocidos por la sociedad.<\/p>\n<p>Durante su participaci\u00f3n en la reuni\u00f3n por el 25 aniversario de la Autoridad de Competencia en M\u00e9xico, el mandatario pidi\u00f3 a los \u00f3rganos reguladores a \u201chacer lo que tienen que hacer para defender al consumidor y para garantizar que sus decisiones redunden en condiciones de bienestar para la poblaci\u00f3n\u201d.<\/p>\n<p>\u201cNo les espante, y mejor, ni les preocupe si sus definiciones son aplaudidas o reconocidas\u201d, pues sostuvo que \u201ccon valent\u00eda y decisiones firmes\u201d, los \u00f3rganos reguladores \u201chan hecho posible que M\u00e9xico tenga hoy una mejor pol\u00edtica en materia de competencia\u201d.<\/p>\n<p>Pe\u00f1a Nieto asever\u00f3 que hoy M\u00e9xico cuenta con \u00f3rganos mucho m\u00e1s robustos y s\u00f3lidos para favorecer a los consumidores, \u201cy espero que sus capacidades y decisiones hacia el futuro sigan abriendo mayor espacio al bienestar y crecimiento de nuestra econom\u00eda en beneficio de la sociedad mexicana\u201d.<\/p>\n<p>Acompa\u00f1ado por los secretarios de Econom\u00eda, Ildefonso Guajardo, y de Comunicaciones y Transportes, Gerardo Ruiz Esparza, recalc\u00f3 que \u201clos beneficios ah\u00ed est\u00e1n. Hoy la gente tiene acceso a mejores productos, a mejores precios, a una variedad de servicios que se prestan en distintos campos de la econom\u00eda, y eso sin duda en redunda en calidad de vida\u201d.<\/p>\n<p>El mandatario indic\u00f3 que la contribuci\u00f3n de su administraci\u00f3n en la materia ha sido robustecer el marco regulatorio, as\u00ed como la Comisi\u00f3n Federal de Competencia Econ\u00f3mica (Cofece) y el Instituto Federal de Telecomunicaciones (IFT).<\/p>\n<p>En presencia de los presidentes de estos \u00f3rganos, el Ejecutivo federal, afirm\u00f3 que esta regulaci\u00f3n ha propiciado que las empresas sean hoy m\u00e1s competitivas y productivas, pues la competencia promueve la innovaci\u00f3n y se busca la reducci\u00f3n de los costos de producci\u00f3n.<\/p>\n<p>Record\u00f3 que la Organizaci\u00f3n para la Cooperaci\u00f3n y el Desarrollo Econ\u00f3micos (OCDE) ha destacado el avance que ha tenido M\u00e9xico en materia de transparencia, y que ninguno de los pa\u00edses que la integran ha tenido semejante avance.<\/p>\n<p>Asimismo, que en los par\u00e1metros que establece el Foro Econ\u00f3mico Mundial en el combate a los monopolios, M\u00e9xico pas\u00f3 del lugar 114 al 60, gracias a la reforma establecida en 2013, entre los pa\u00edses con mejor regulaci\u00f3n en materia econ\u00f3mica.<\/p>\n","protected":false},"excerpt":{"rendered":"<p>El presidente Enrique Pe\u00f1a Nieto destac\u00f3 que durante su administraci\u00f3n se lograron avances en materia de competencia, los cuales, subray\u00f3, no se obtienen de manera fortuita o necesariamente son reconocidos por la sociedad.<\/p>\n","protected":false},"author":3,"featured_media":398391,"comment_status":"open","ping_status":"open","sticky":false,"template":"","format":"standard","meta":{"_monsterinsights_skip_tracking":false,"_monsterinsights_sitenote_active":false,"_monsterinsights_sitenote_note":"","_monsterinsights_sitenote_category":0,"footnotes":""},"categories":[3],"tags":[21382,18,44,43673],"class_list":["post-398265","post","type-post","status-publish","format-standard","has-post-thumbnail","hentry","category-nacional","tag-competencia","tag-enrique-pena-nieto","tag-mexico","tag-nacional"],"_links":{"self":[{"href":"https:\/\/www.diarioimagen.net\/index.php?rest_route=\/wp\/v2\/posts\/398265","targetHints":{"allow":["GET"]}}],"collection":[{"href":"https:\/\/www.diarioimagen.net\/index.php?rest_route=\/wp\/v2\/posts"}],"about":[{"href":"https:\/\/www.diarioimagen.net\/index.php?rest_route=\/wp\/v2\/types\/post"}],"author":[{"embeddable":true,"href":"https:\/\/www.diarioimagen.net\/index.php?rest_route=\/wp\/v2\/users\/3"}],"replies":[{"embeddable":true,"href":"https:\/\/www.diarioimagen.net\/index.php?rest_route=%2Fwp%2Fv2%2Fcomments&post=398265"}],"version-history":[{"count":0,"href":"https:\/\/www.diarioimagen.net\/index.php?rest_route=\/wp\/v2\/posts\/398265\/revisions"}],"wp:featuredmedia":[{"embeddable":true,"href":"https:\/\/www.diarioimagen.net\/index.php?rest_route=\/wp\/v2\/media\/398391"}],"wp:attachment":[{"href":"https:\/\/www.diarioimagen.net\/index.php?rest_route=%2Fwp%2Fv2%2Fmedia&parent=398265"}],"wp:term":[{"taxonomy":"category","embeddable":true,"href":"https:\/\/www.diarioimagen.net\/index.php?rest_route=%2Fwp%2Fv2%2Fcategories&post=398265"},{"taxonomy":"post_tag","embeddable":true,"href":"https:\/\/www.diarioimagen.net\/index.php?rest_route=%2Fwp%2Fv2%2Ftags&post=398265"}],"curies":[{"name":"wp","href":"https:\/\/api.w.org\/{rel}","templated":true}]}}